{"id":41190,"date":"2019-06-17T14:21:07","date_gmt":"2019-06-17T18:21:07","guid":{"rendered":"https:\/\/linitiative.ca\/International\/deces-de-mohamed-morsi-les-decisions-du-parquet-general-egyptien\/"},"modified":"2019-06-17T14:21:07","modified_gmt":"2019-06-17T18:21:07","slug":"deces-de-mohamed-morsi-les-decisions-du-parquet-general-egyptien","status":"publish","type":"post","link":"https:\/\/linitiative.ca\/International\/deces-de-mohamed-morsi-les-decisions-du-parquet-general-egyptien\/","title":{"rendered":"D\u00e9c\u00e8s de Mohamed Morsi\u00a0: Les d\u00e9cisions du parquet g\u00e9n\u00e9ral \u00e9gyptien"},"content":{"rendered":"<div class=\"post-cont-in left relative\">\n<div class=\"swp_social_panel swp_horizontal_panel swp_flat_fresh swp_default_full_color swp_individual_full_color swp_other_full_color scale-100 scale-\" data-min-width=\"1100\" data-float-color=\"#ffffff\" data-float=\"none\" data-float-mobile=\"none\" data-transition=\"slide\">\n<div class=\"nc_tweetContainer swp_share_button total_shares total_sharesalt\"><span class=\"swp_count\">11 <span class=\"swp_label\">Partages<\/span><\/span><\/div>\n<\/div>\n<p>Le parquet g\u00e9n\u00e9ral \u00e9gyptien a diffus\u00e9 un communiqu\u00e9 ce soir, pour annoncer les mesures prises par rapport au d\u00e9c\u00e8s du pr\u00e9venu Mohamed Morsi, au cours de son audience au tribunal.<\/p>\n<p>Le parquet a assur\u00e9 que suite \u00e0 la plaidoirie de la d\u00e9fense, l\u2019accus\u00e9 Mohamed Morsi a demand\u00e9 la parole, ce qui lui a \u00e9t\u00e9 accord\u00e9, durant cinq minutes. Apr\u00e8s la suspension de l\u2019audience et alors qu\u2019il\u00a0ait \u00e9t\u00e9 plac\u00e9 dans la cage aux accus\u00e9s avec ses cod\u00e9tenus, Morsi a perdu connaissance et a \u00e9t\u00e9 emmen\u00e9 de toute urgence \u00e0 l\u2019h\u00f4pital o\u00f9 le constat de son d\u00e9c\u00e8s \u00e0 \u00e9t\u00e9 fait.<\/p>\n<div class=\"code-block code-block-1 c3\"><ins class=\"adsbygoogle c2\" data-ad-layout=\"in-article\" data-ad-format=\"fluid\" data-ad-client=\"ca-pub-2102118777505746\" data-ad-slot=\"7301775417\"\/> <\/div>\n<p>Le parquet a ajout\u00e9 que ses repr\u00e9sentants se sont d\u00e9plac\u00e9s au tribunal, pour\u00a0auditionner les t\u00e9moignages de tous les pr\u00e9sents au cours de l\u2019accident et pour saisir les enregistrements des cam\u00e9ras de surveillance dans la salle du tribunal et dans la cage des accus\u00e9s. Son dossier m\u00e9dical \u00e0 la prison a, lui aussi \u00e9t\u00e9 saisi et une commission de m\u00e9decins l\u00e9gistes a \u00e9t\u00e9 r\u00e9quisitionn\u00e9e, pour proc\u00e9der \u00e0 l\u2019autopsie et d\u00e9terminer les causes de ce d\u00e9c\u00e8s suspect.<\/p>\n<div class=\"mvp-org-wrap mvp-org-logo\" itemprop=\"publisher\" itemscope=\"\" itemtype=\"https:\/\/schema.org\/Organization\"><img decoding=\"async\" src=\"https:\/\/www.tunisienumerique.com\/wp-content\/uploads\/2017\/02\/logo_tunisie_numerique.png\"\/><\/div>\n<div class=\"swp_social_panel swp_horizontal_panel swp_flat_fresh swp_default_full_color swp_individual_full_color swp_other_full_color scale-100 scale-\" data-min-width=\"1100\" data-float-color=\"#ffffff\" data-float=\"none\" data-float-mobile=\"none\" data-transition=\"slide\">\n<div class=\"nc_tweetContainer swp_share_button total_shares total_sharesalt\"><span class=\"swp_count\">11 <span class=\"swp_label\">Partages<\/span><\/span><\/div>\n<\/div>\n<div class=\"mvp-related-posts left relative\">\n<h4 class=\"post-header\"><span class=\"post-header\">Lire aussi<\/span><\/h4>\n<\/div>\n<\/div>\n<p>Auteur: LM<br \/>\n<a href=\"https:\/\/www.tunisienumerique.com\/deces-de-mohamed-morsi-les-decisions-du-parquet-general-egyptien\/\">Cliquez ici pour lire l&rsquo;article depuis sa source.<\/a><\/p>\n","protected":false},"excerpt":{"rendered":"<p>11 Partages Le parquet g\u00e9n\u00e9ral \u00e9gyptien a diffus\u00e9 un communiqu\u00e9 ce soir, pour annoncer les mesures prises par rapport au d\u00e9c\u00e8s du pr\u00e9venu Mohamed Morsi, au cours de son audience au tribunal. Le parquet a assur\u00e9 que suite \u00e0 la plaidoirie de la d\u00e9fense, l\u2019accus\u00e9 Mohamed Morsi a demand\u00e9 la parole, ce qui lui a [&hellip;]<\/p>\n","protected":false},"author":1789,"featured_media":41191,"comment_status":"closed","ping_status":"closed","sticky":false,"template":"","format":"standard","meta":{"fifu_image_url":"","fifu_image_alt":"","footnotes":""},"categories":[73,55],"tags":[],"class_list":["post-41190","post","type-post","status-publish","format-standard","has-post-thumbnail","hentry","category-actualite","category-tunisie"],"_links":{"self":[{"href":"https:\/\/linitiative.ca\/International\/wp-json\/wp\/v2\/posts\/41190","targetHints":{"allow":["GET"]}}],"collection":[{"href":"https:\/\/linitiative.ca\/International\/wp-json\/wp\/v2\/posts"}],"about":[{"href":"https:\/\/linitiative.ca\/International\/wp-json\/wp\/v2\/types\/post"}],"author":[{"embeddable":true,"href":"https:\/\/linitiative.ca\/International\/wp-json\/wp\/v2\/users\/1789"}],"replies":[{"embeddable":true,"href":"https:\/\/linitiative.ca\/International\/wp-json\/wp\/v2\/comments?post=41190"}],"version-history":[{"count":0,"href":"https:\/\/linitiative.ca\/International\/wp-json\/wp\/v2\/posts\/41190\/revisions"}],"wp:featuredmedia":[{"embeddable":true,"href":"https:\/\/linitiative.ca\/International\/wp-json\/"}],"wp:attachment":[{"href":"https:\/\/linitiative.ca\/International\/wp-json\/wp\/v2\/media?parent=41190"}],"wp:term":[{"taxonomy":"category","embeddable":true,"href":"https:\/\/linitiative.ca\/International\/wp-json\/wp\/v2\/categories?post=41190"},{"taxonomy":"post_tag","embeddable":true,"href":"https:\/\/linitiative.ca\/International\/wp-json\/wp\/v2\/tags?post=41190"}],"curies":[{"name":"wp","href":"https:\/\/api.w.org\/{rel}","templated":true}]}}