{"id":41194,"date":"2019-06-17T15:39:46","date_gmt":"2019-06-17T19:39:46","guid":{"rendered":"https:\/\/linitiative.ca\/International\/gaid-salah-la-corruption-a-atteint-des-sommets-et-est-en-cause-de-la-crise-economique-en-algerie\/"},"modified":"2019-06-17T15:39:46","modified_gmt":"2019-06-17T19:39:46","slug":"gaid-salah-la-corruption-a-atteint-des-sommets-et-est-en-cause-de-la-crise-economique-en-algerie","status":"publish","type":"post","link":"https:\/\/linitiative.ca\/International\/gaid-salah-la-corruption-a-atteint-des-sommets-et-est-en-cause-de-la-crise-economique-en-algerie\/","title":{"rendered":"Ga\u00efd Salah\u00a0: La corruption a atteint des sommets et est en cause de la crise \u00e9conomique en Alg\u00e9rie"},"content":{"rendered":"<div class=\"post-cont-in left relative\">\n<div class=\"swp_social_panel swp_horizontal_panel swp_flat_fresh swp_default_full_color swp_individual_full_color swp_other_full_color scale-100 scale-\" data-min-width=\"1100\" data-float-color=\"#ffffff\" data-float=\"none\" data-float-mobile=\"none\" data-transition=\"slide\">\n<div class=\"nc_tweetContainer swp_share_button total_shares total_sharesalt\"><span class=\"swp_count\">14 <span class=\"swp_label\">Partages<\/span><\/span><\/div>\n<\/div>\n<p>Le g\u00e9n\u00e9ral Ahmed Gaid Salah, l\u2019homme fort d\u2019Alger, s\u2019est exprim\u00e9 ce lundi 17 juin, sur la situation politique, \u00e9voquant notamment les dossiers de corruption. L\u2019arm\u00e9e, a-t-il affirm\u00e9, est \u201cd\u00e9termin\u00e9e \u00e0 accompagner la justice dans cette mission, ainsi qu\u2019\u00e0 la prot\u00e9ger de fa\u00e7on \u00e0 lui permettre d\u2019ex\u00e9cuter convenablement ses missions et de s\u2019acquitter de son r\u00f4le, en d\u00e9terrant tous les dossiers et en les traitant en toute \u00e9quit\u00e9 quelles que soient les circonstances, de fa\u00e7on \u00e0 faire comparaitre devant la justice tous les corrompus quels que soient leur fonction ou leur rang social.\u201d<\/p>\n<p>Gaid Salah a ajout\u00e9\u00a0\u201d la lutte contre la corruption n\u2019a aucune limite et aucune exception ne sera faite \u00e0 quiconque\u201d. \u201cL\u2019institution militaire veillera \u00e0 lutter contre ce fl\u00e9au, avec d\u00e9termination, en vue d\u2019affranchir l\u2019Alg\u00e9rie du vice de la corruption et des corrupteurs avant la tenue des prochaines \u00e9lections pr\u00e9sidentielles\u201d, a-t-il ajout\u00e9.<\/p>\n<div class=\"code-block code-block-1 c3\"><ins class=\"adsbygoogle c2\" data-ad-layout=\"in-article\" data-ad-format=\"fluid\" data-ad-client=\"ca-pub-2102118777505746\" data-ad-slot=\"7301775417\"\/> <\/div>\n<p>Gaid Salh a ajout\u00e9 qu\u2019il apparait clair aujourd\u2019hui, \u00e0 travers tous les dossiers pr\u00e9sent\u00e9s devant la justice, qu\u2019il a \u00e9t\u00e9 proc\u00e9d\u00e9 par le pass\u00e9 et de mani\u00e8re d\u00e9lib\u00e9r\u00e9e, \u00e0 la mise en place des conditions propices \u00e0 la pratique de la corruption. \u201cIl apparait \u00e9galement que ce qu\u2019on appelait \u00e0 l\u2019\u00e9poque r\u00e9forme de la justice n\u2019\u00e9tait malheureusement que des paroles en l\u2019air et des\u00a0r\u00e9visions creuses qui, bien au contraire, ont encourag\u00e9 les corrompus \u00e0 persister dans leurs m\u00e9faits et ont \u00e9t\u00e9 parrain\u00e9s pour empi\u00e9ter sur les droits du peuple et enfreindre les lois d\u00e9lib\u00e9r\u00e9ment sans crainte et sans aucune conscience\u201d. \u201cL\u2019heure des comptes est arriv\u00e9e, a-t-il ajout\u00e9, et le temps d\u2019assainir notre pays de toute personne malhonn\u00eate qui a troubl\u00e9 la vie quotidienne du peuple et qui a obstru\u00e9 l\u2019horizon face aux Alg\u00e9riens et sem\u00e9 la peur, voire le d\u00e9sespoir en l\u2019avenir\u201d.<\/p>\n<p>Ahmed Gaid Salah estime qu\u2019il existe un lien direct entre la corruption, la mauvaise gestion et la crise \u00e9conomique actuelle.\u00a0\u201d Ce qui parait \u00e9trange, c\u2019est que la\u00a0gravit\u00e9 des dossiers pr\u00e9sent\u00e9s devant la justice d\u00e9montre que les personnes concern\u00e9es ont perdu tous les attributs de l\u2019engagement et les exigences de la responsabilit\u00e9, du fait de la mise \u00e0 profit de leurs fonctions, de leur influence et de leur pouvoir pour transgresser les lois et enfreindre les limites et les r\u00e8gles, a-t-il poursuivi.<\/p>\n<p>\u201cCette gestion anarchique et iil\u00e9gale a permis de cr\u00e9er des projets st\u00e9riles et sans int\u00e9r\u00eats r\u00e9els pour l\u2019\u00e9conomie nationale. Ils ont \u00e9t\u00e9 octroy\u00e9s de mani\u00e8re s\u00e9lective, \u00e0 des montants astronomiques sous forme de cr\u00e9dits, ce qui a perturb\u00e9 la cadence du d\u00e9veloppement en Alg\u00e9rie. Ces pratiques immorales sont en parfaite contradiction avec la teneur des discours hypocrites de ceux qui les tenaient\u201d, a conclu Ahmed Gaid Salah.<\/p>\n<div class=\"mvp-org-wrap mvp-org-logo\" itemprop=\"publisher\" itemscope=\"\" itemtype=\"https:\/\/schema.org\/Organization\"><img decoding=\"async\" src=\"https:\/\/www.tunisienumerique.com\/wp-content\/uploads\/2017\/02\/logo_tunisie_numerique.png\"\/><\/div>\n<div class=\"swp_social_panel swp_horizontal_panel swp_flat_fresh swp_default_full_color swp_individual_full_color swp_other_full_color scale-100 scale-\" data-min-width=\"1100\" data-float-color=\"#ffffff\" data-float=\"none\" data-float-mobile=\"none\" data-transition=\"slide\">\n<div class=\"nc_tweetContainer swp_share_button total_shares total_sharesalt\"><span class=\"swp_count\">14 <span class=\"swp_label\">Partages<\/span><\/span><\/div>\n<\/div>\n<div class=\"mvp-related-posts left relative\">\n<h4 class=\"post-header\"><span class=\"post-header\">Lire aussi<\/span><\/h4>\n<\/div>\n<\/div>\n<p>Auteur: LM<br \/>\n<a href=\"https:\/\/www.tunisienumerique.com\/gaid-salah-la-corruption-a-atteint-des-sommets-et-est-en-cause-de-la-crise-economique-en-algerie\/\">Cliquez ici pour lire l&rsquo;article depuis sa source.<\/a><\/p>\n","protected":false},"excerpt":{"rendered":"<p>14 Partages Le g\u00e9n\u00e9ral Ahmed Gaid Salah, l\u2019homme fort d\u2019Alger, s\u2019est exprim\u00e9 ce lundi 17 juin, sur la situation politique, \u00e9voquant notamment les dossiers de corruption. L\u2019arm\u00e9e, a-t-il affirm\u00e9, est \u201cd\u00e9termin\u00e9e \u00e0 accompagner la justice dans cette mission, ainsi qu\u2019\u00e0 la prot\u00e9ger de fa\u00e7on \u00e0 lui permettre d\u2019ex\u00e9cuter convenablement ses missions et de s\u2019acquitter de [&hellip;]<\/p>\n","protected":false},"author":1789,"featured_media":41195,"comment_status":"closed","ping_status":"closed","sticky":false,"template":"","format":"standard","meta":{"fifu_image_url":"","fifu_image_alt":"","footnotes":""},"categories":[73,55],"tags":[],"class_list":["post-41194","post","type-post","status-publish","format-standard","has-post-thumbnail","hentry","category-actualite","category-tunisie"],"_links":{"self":[{"href":"https:\/\/linitiative.ca\/International\/wp-json\/wp\/v2\/posts\/41194","targetHints":{"allow":["GET"]}}],"collection":[{"href":"https:\/\/linitiative.ca\/International\/wp-json\/wp\/v2\/posts"}],"about":[{"href":"https:\/\/linitiative.ca\/International\/wp-json\/wp\/v2\/types\/post"}],"author":[{"embeddable":true,"href":"https:\/\/linitiative.ca\/International\/wp-json\/wp\/v2\/users\/1789"}],"replies":[{"embeddable":true,"href":"https:\/\/linitiative.ca\/International\/wp-json\/wp\/v2\/comments?post=41194"}],"version-history":[{"count":0,"href":"https:\/\/linitiative.ca\/International\/wp-json\/wp\/v2\/posts\/41194\/revisions"}],"wp:featuredmedia":[{"embeddable":true,"href":"https:\/\/linitiative.ca\/International\/wp-json\/"}],"wp:attachment":[{"href":"https:\/\/linitiative.ca\/International\/wp-json\/wp\/v2\/media?parent=41194"}],"wp:term":[{"taxonomy":"category","embeddable":true,"href":"https:\/\/linitiative.ca\/International\/wp-json\/wp\/v2\/categories?post=41194"},{"taxonomy":"post_tag","embeddable":true,"href":"https:\/\/linitiative.ca\/International\/wp-json\/wp\/v2\/tags?post=41194"}],"curies":[{"name":"wp","href":"https:\/\/api.w.org\/{rel}","templated":true}]}}