{"id":41196,"date":"2019-06-17T16:37:32","date_gmt":"2019-06-17T20:37:32","guid":{"rendered":"https:\/\/linitiative.ca\/International\/deces-de-morsi-reaction-de-washington\/"},"modified":"2019-06-17T16:37:32","modified_gmt":"2019-06-17T20:37:32","slug":"deces-de-morsi-reaction-de-washington","status":"publish","type":"post","link":"https:\/\/linitiative.ca\/International\/deces-de-morsi-reaction-de-washington\/","title":{"rendered":"D\u00e9c\u00e8s de Morsi\u00a0: R\u00e9action de Washington"},"content":{"rendered":"<div class=\"post-cont-in left relative\">\n<div class=\"swp_social_panel swp_horizontal_panel swp_flat_fresh swp_default_full_color swp_individual_full_color swp_other_full_color scale-100 scale-\" data-min-width=\"1100\" data-float-color=\"#ffffff\" data-float=\"none\" data-float-mobile=\"none\" data-transition=\"slide\">\n<div class=\"nc_tweetContainer swp_share_button total_shares total_sharesalt\"><span class=\"swp_count\">10 <span class=\"swp_label\">Partages<\/span><\/span><\/div>\n<\/div>\n<p>La porte-parole du d\u00e9partement d\u2019Etat am\u00e9ricain, Morgan Ortagus a annonc\u00e9, au cours d\u2019une conf\u00e9rence de presse tenue ce lundi, que Washington n\u2019a aucune d\u00e9claration \u00e0 faire par rapport au d\u00e9c\u00e8s de l\u2019ex-pr\u00e9sident \u00e9gyptien. La porte-parole a annonc\u00e9 que les USA ont \u00e9t\u00e9 tenus inform\u00e9s de ce d\u00e9c\u00e8s et qu\u2019ils sont en train d\u2019\u00e9tudier les rapports concernant l\u2019\u00e9v\u00e9nement, mais que pour le moment, ils ne feront aucune d\u00e9claration \u00e0 ce propos.<\/p>\n<div class=\"mvp-org-wrap mvp-org-logo\" itemprop=\"publisher\" itemscope=\"\" itemtype=\"https:\/\/schema.org\/Organization\"><img decoding=\"async\" src=\"https:\/\/www.tunisienumerique.com\/wp-content\/uploads\/2017\/02\/logo_tunisie_numerique.png\"\/><\/div>\n<div class=\"swp_social_panel swp_horizontal_panel swp_flat_fresh swp_default_full_color swp_individual_full_color swp_other_full_color scale-100 scale-\" data-min-width=\"1100\" data-float-color=\"#ffffff\" data-float=\"none\" data-float-mobile=\"none\" data-transition=\"slide\">\n<div class=\"nc_tweetContainer swp_share_button total_shares total_sharesalt\"><span class=\"swp_count\">10 <span class=\"swp_label\">Partages<\/span><\/span><\/div>\n<\/div>\n<div class=\"mvp-related-posts left relative\">\n<h4 class=\"post-header\"><span class=\"post-header\">Lire aussi<\/span><\/h4>\n<\/div>\n<\/div>\n<p>Auteur: LM<br \/>\n<a href=\"https:\/\/www.tunisienumerique.com\/deces-de-morsi-reaction-de-washington\/\">Cliquez ici pour lire l&rsquo;article depuis sa source.<\/a><\/p>\n","protected":false},"excerpt":{"rendered":"<p>10 Partages La porte-parole du d\u00e9partement d\u2019Etat am\u00e9ricain, Morgan Ortagus a annonc\u00e9, au cours d\u2019une conf\u00e9rence de presse tenue ce lundi, que Washington n\u2019a aucune d\u00e9claration \u00e0 faire par rapport au d\u00e9c\u00e8s de l\u2019ex-pr\u00e9sident \u00e9gyptien. La porte-parole a annonc\u00e9 que les USA ont \u00e9t\u00e9 tenus inform\u00e9s de ce d\u00e9c\u00e8s et qu\u2019ils sont en train d\u2019\u00e9tudier [&hellip;]<\/p>\n","protected":false},"author":1789,"featured_media":41197,"comment_status":"closed","ping_status":"closed","sticky":false,"template":"","format":"standard","meta":{"fifu_image_url":"","fifu_image_alt":"","footnotes":""},"categories":[73,55],"tags":[],"class_list":["post-41196","post","type-post","status-publish","format-standard","has-post-thumbnail","hentry","category-actualite","category-tunisie"],"_links":{"self":[{"href":"https:\/\/linitiative.ca\/International\/wp-json\/wp\/v2\/posts\/41196","targetHints":{"allow":["GET"]}}],"collection":[{"href":"https:\/\/linitiative.ca\/International\/wp-json\/wp\/v2\/posts"}],"about":[{"href":"https:\/\/linitiative.ca\/International\/wp-json\/wp\/v2\/types\/post"}],"author":[{"embeddable":true,"href":"https:\/\/linitiative.ca\/International\/wp-json\/wp\/v2\/users\/1789"}],"replies":[{"embeddable":true,"href":"https:\/\/linitiative.ca\/International\/wp-json\/wp\/v2\/comments?post=41196"}],"version-history":[{"count":0,"href":"https:\/\/linitiative.ca\/International\/wp-json\/wp\/v2\/posts\/41196\/revisions"}],"wp:featuredmedia":[{"embeddable":true,"href":"https:\/\/linitiative.ca\/International\/wp-json\/"}],"wp:attachment":[{"href":"https:\/\/linitiative.ca\/International\/wp-json\/wp\/v2\/media?parent=41196"}],"wp:term":[{"taxonomy":"category","embeddable":true,"href":"https:\/\/linitiative.ca\/International\/wp-json\/wp\/v2\/categories?post=41196"},{"taxonomy":"post_tag","embeddable":true,"href":"https:\/\/linitiative.ca\/International\/wp-json\/wp\/v2\/tags?post=41196"}],"curies":[{"name":"wp","href":"https:\/\/api.w.org\/{rel}","templated":true}]}}