{"id":41202,"date":"2019-06-17T16:23:47","date_gmt":"2019-06-17T20:23:47","guid":{"rendered":"https:\/\/linitiative.ca\/International\/crise-politique-au-benin\/"},"modified":"2019-06-17T16:23:47","modified_gmt":"2019-06-17T20:23:47","slug":"crise-politique-au-benin","status":"publish","type":"post","link":"https:\/\/linitiative.ca\/International\/crise-politique-au-benin\/","title":{"rendered":"CRISE POLITIQUE AU BENIN"},"content":{"rendered":"<div class=\"stream-item stream-item-above-post-content\">\n<p><noscript><\/p>\n<p><a href=\"\/\/www3.smartadserver.com\/ac?jump=1&#038;nwid=2136&#038;siteid=240610&#038;pgname=rg&#038;fmtid=49046&#038;visit=m&#038;tmstp=[timestamp]&#038;out=nonrich\" target=\"_blank\" rel=\"noopener noreferrer\"><img decoding=\"async\" src=\"\/\/www3.smartadserver.com\/ac?out=nonrich&#038;nwid=2136&#038;siteid=240610&#038;pgname=rg&#038;fmtid=49046&#038;visit=m&#038;tmstp=[timestamp]\" border=\"0\" alt=\"\"\/><\/a><\/p>\n<p><\/noscript><\/div>\n<p class=\"c3\"><em>Au B\u00e9nin, l\u2019\u00e9tat de sant\u00e9 de l\u2019ex-pr\u00e9sident Boni Yayi, cloitr\u00e9 chez lui, \u00e0 domicile, depuis les incidents meurtriers cons\u00e9cutifs aux \u00e9lections l\u00e9gislatives de fin avril dernier, n\u2019en finit pas de faire des vagues. En effet, apr\u00e8s la sortie de ses avocats, il y a quelques jours, pour exprimer leurs inqui\u00e9tudes sur la d\u00e9gradation de la sant\u00e9 de leur client et d\u00e9noncer l\u2019injustice qu\u2019il subit, c\u2019\u00e9tait au tour des populations de la r\u00e9gion natale de l\u2019ex-chef d\u2019Etat, notamment celles des villes de Sav\u00e9 et de Tchaourou, d\u2019exprimer leur indignation face \u00e0 la situation. Quatre jours durant, elles ont affront\u00e9 l\u2019arm\u00e9e qui entendait d\u00e9gager les barricades \u00e9rig\u00e9es sur les principales art\u00e8res desdites villes en signe de protestation contre les arrestations arbitraires de manifestants qui d\u00e9non\u00e7aient les conditions inhumaines de d\u00e9tention de l\u2019ex-pr\u00e9sident.<\/em><\/p>\n<p><strong>Talon est en train d\u2019assassiner la d\u00e9mocratie b\u00e9ninoise<\/strong><\/p>\n<p class=\"c3\"><em>Le moins que l\u2019on puisse dire, c\u2019est que l\u2019on peut comprendre l\u2019\u00e9motion de ces populations. Car, au-del\u00e0 de l\u2019indignation, ces manifestants traduisent leur reconnaissance \u00e0 l\u2019ancien pr\u00e9sident dont il n\u2019est pas exclu qu\u2019elles aient pu b\u00e9n\u00e9ficier, autrefois, des largesses. Ce n\u2019est, en effet, un myst\u00e8re pour personne qu\u2019en Afrique, les villes natales des chefs d\u2019Etat jouissent de privil\u00e8ges particuliers pendant le mandat de leur fils. La r\u00e9action des habitants des villes de Sav\u00e9 et de Tchaourou est d\u2019autant plus compr\u00e9hensible qu\u2019ils partagent le combat de Boni Yayi devenu le symbole de l\u2019opposition au r\u00e9gime de Talon, depuis qu\u2019il a d\u00e9nonc\u00e9 le \u00ab coup d\u2019Etat \u00e9lectoral \u00bb \u00e0 l\u2019occasion des derni\u00e8res \u00e9lections l\u00e9gislatives dont il a demand\u00e9 l\u2019annulation pure et simple.<\/em> <em>Mais ce que l\u2019on comprend moins, c\u2019est la f\u00e9roce r\u00e9pression que le r\u00e9gime Talon a choisi d\u2019opposer aux manifestants. Et pour justifier ce d\u00e9cha\u00eenement de violences, les autorit\u00e9s n\u2019ont pas trouv\u00e9 mieux que de seriner la rengaine bien connue de la connexion entre les manifestants et des forces \u00e9trang\u00e8res. En effet, selon le conseiller du ministre de l\u2019Int\u00e9rieur, les forces de l\u2019ordre auraient \u00e9t\u00e9 la cible de tirs nourris de la part de chasseurs traditionnels \u00ab recrut\u00e9s \u00e0 grands frais dans un pays voisin \u00bb. Tout en d\u00e9non\u00e7ant ces sc\u00e8nes apocalyptiques qui n\u2019ont pas de place dans un Etat de droit, il faut aussi et surtout d\u00e9noncer cette parano\u00efa du pouvoir qui fait tout pour accuser Boni Yayi d\u2019intelligence avec des forces \u00e9trang\u00e8res pour justifier le crime politique qu\u2019il pr\u00e9pare contre lui.\u00a0<\/em> <em>En tout cas, cette spirale de violences vient confirmer, une fois de plus, tout le mal que l\u2019on peut penser du pr\u00e9sident Talon. L\u2019homme, comme il le donne \u00e0 voir dans ce feuilleton des \u00e9lections l\u00e9gislatives dont cette rocambolesque s\u00e9questration de Boni Yayi et son corollaire de manifestations, est en train d\u2019assassiner la d\u00e9mocratie b\u00e9ninoise. Car, de quel mal peut-on accuser Boni Yayi quand on sait qu\u2019il n\u2019a fait qu\u2019user de sa libert\u00e9 d\u2019expression telle que garantie par la loi fondamentale b\u00e9ninoise ?<\/em><\/p>\n<p><strong>Les l\u00e9zardes dans le mur du vivre-ensemble ne peuvent qu\u2019\u00eatre propices \u00e0 l\u2019infiltration des forces du mal<\/strong><\/p>\n<p class=\"c3\"><em>Avec cette sanglante r\u00e9pression, Talon s\u2019est rev\u00eatu de ses oripeaux de dictateur et ach\u00e8ve de vendanger l\u2019h\u00e9ritage d\u00e9mocratique d\u2019un pays qui \u00e9tait l\u2019un des phares de la d\u00e9mocratie en Afrique.<\/em><br \/><em>Cela dit, il faut encore esp\u00e9rer que Talon reviendra \u00e0 de meilleurs sentiments en \u00e9coutant les voix qui s\u2019\u00e9l\u00e8vent pour lui demander de savoir raison garder dans cette rivalit\u00e9 personnelle et politique qui l\u2019oppose \u00e0 Boni Yayi. Il y va d\u2019abord de son int\u00e9r\u00eat personnel et ensuite de celui du B\u00e9nin tout entier. Et pour cause. D\u2019abord, si le pire arrivait \u00e0 l\u2019ex-pr\u00e9sident, il en porterait l\u2019enti\u00e8re responsabilit\u00e9 et il n\u2019est pas exclu qu\u2019il en r\u00e9ponde un jour devant la justice. Et pour paraphraser l\u2019\u00e9minent historien Joseph Ki-Zerbo, m\u00eame s\u2019il \u00e9chappait \u00e0 la Justice des Hommes, il n\u2019\u00e9chapperait pas au tribunal de sa conscience, \u00e0 celui de l\u2019histoire ni \u00e0 celui de Dieu. Ensuite et toujours dans ce sc\u00e9nario du pire, les contestations contre son r\u00e9gime s\u2019amplifieraient\u00a0; toute chose qui pourrait pourrir son mandat. Les l\u00e9zardes dans le mur du vivre-ensemble ne peuvent qu\u2019\u00eatre propices \u00e0 l\u2019infiltration des forces du mal qui se sont signal\u00e9es aux portes du pays, avec les \u00e9v\u00e8nements du Parc national de la Pendjari. Et cela d\u2019autant plus que les accusations \u00e0 l\u2019encontre des pays voisins, peuvent avoir pour effet de mettre \u00e0 mal la coop\u00e9ration transfrontali\u00e8re face \u00e0 un p\u00e9ril qui se nourrit justement de la porosit\u00e9 des fronti\u00e8res. C\u2019est en raison de tous ces risques qu\u2019il faut sauver le soldat Boni Yayi.<\/em><\/p>\n<p><strong>\u00ab\u00a0Le Pays\u00a0\u00bb<\/strong><\/p>\n<p>Auteur: Le Pays<br \/>\n<a href=\"http:\/\/lepays.bf\/crise-politique-au-benin\/\">Cliquez ici pour lire l&rsquo;article depuis sa source.<\/a><\/p>\n","protected":false},"excerpt":{"rendered":"<p>Au B\u00e9nin, l\u2019\u00e9tat de sant\u00e9 de l\u2019ex-pr\u00e9sident Boni Yayi, cloitr\u00e9 chez lui, \u00e0 domicile, depuis les incidents meurtriers cons\u00e9cutifs aux \u00e9lections l\u00e9gislatives de fin avril dernier, n\u2019en finit pas de faire des vagues. En effet, apr\u00e8s la sortie de ses avocats, il y a quelques jours, pour exprimer leurs inqui\u00e9tudes sur la d\u00e9gradation de la [&hellip;]<\/p>\n","protected":false},"author":1813,"featured_media":0,"comment_status":"closed","ping_status":"closed","sticky":false,"template":"","format":"standard","meta":{"fifu_image_url":"","fifu_image_alt":"","footnotes":""},"categories":[73,81],"tags":[],"class_list":["post-41202","post","type-post","status-publish","format-standard","hentry","category-actualite","category-burkina-faso"],"_links":{"self":[{"href":"https:\/\/linitiative.ca\/International\/wp-json\/wp\/v2\/posts\/41202","targetHints":{"allow":["GET"]}}],"collection":[{"href":"https:\/\/linitiative.ca\/International\/wp-json\/wp\/v2\/posts"}],"about":[{"href":"https:\/\/linitiative.ca\/International\/wp-json\/wp\/v2\/types\/post"}],"author":[{"embeddable":true,"href":"https:\/\/linitiative.ca\/International\/wp-json\/wp\/v2\/users\/1813"}],"replies":[{"embeddable":true,"href":"https:\/\/linitiative.ca\/International\/wp-json\/wp\/v2\/comments?post=41202"}],"version-history":[{"count":0,"href":"https:\/\/linitiative.ca\/International\/wp-json\/wp\/v2\/posts\/41202\/revisions"}],"wp:attachment":[{"href":"https:\/\/linitiative.ca\/International\/wp-json\/wp\/v2\/media?parent=41202"}],"wp:term":[{"taxonomy":"category","embeddable":true,"href":"https:\/\/linitiative.ca\/International\/wp-json\/wp\/v2\/categories?post=41202"},{"taxonomy":"post_tag","embeddable":true,"href":"https:\/\/linitiative.ca\/International\/wp-json\/wp\/v2\/tags?post=41202"}],"curies":[{"name":"wp","href":"https:\/\/api.w.org\/{rel}","templated":true}]}}