{"id":41203,"date":"2019-06-17T16:28:03","date_gmt":"2019-06-17T20:28:03","guid":{"rendered":"https:\/\/linitiative.ca\/International\/encadrement-du-fait-religieux-par-letat-nigerien\/"},"modified":"2019-06-17T16:28:03","modified_gmt":"2019-06-17T20:28:03","slug":"encadrement-du-fait-religieux-par-letat-nigerien","status":"publish","type":"post","link":"https:\/\/linitiative.ca\/International\/encadrement-du-fait-religieux-par-letat-nigerien\/","title":{"rendered":"ENCADREMENT DU FAIT RELIGIEUX PAR L\u2019ETAT NIGERIEN"},"content":{"rendered":"<div class=\"stream-item stream-item-above-post-content\">\n<p><noscript><\/p>\n<p><a href=\"\/\/www3.smartadserver.com\/ac?jump=1&#038;nwid=2136&#038;siteid=240610&#038;pgname=rg&#038;fmtid=49046&#038;visit=m&#038;tmstp=[timestamp]&#038;out=nonrich\" target=\"_blank\" rel=\"noopener noreferrer\"><img decoding=\"async\" src=\"\/\/www3.smartadserver.com\/ac?out=nonrich&#038;nwid=2136&#038;siteid=240610&#038;pgname=rg&#038;fmtid=49046&#038;visit=m&#038;tmstp=[timestamp]\" border=\"0\" alt=\"\"\/><\/a><\/p>\n<p><\/noscript><\/div>\n<p class=\"c3\"><em>L\u2019Etat veut encadrer les cultes au Niger. Pour cela, il cherche \u00e0 se doter d\u2019un cadre juridique relatif \u00e0 la pratique du culte. A cet effet, un projet de loi y relatif devait \u00eatre discut\u00e9 au parlement, le 17 juin dernier, en vue de son adoption. L\u2019objectif est d\u2019avoir un meilleur \u00ab\u00a0contr\u00f4le des pratiques qui ont cours dans la sph\u00e8re religieuse\u00a0\u00bb, toutes confessions confondues. En termes plus clairs, la construction, par exemple, d\u2019un lieu de culte, devra obligatoirement \u00eatre soumise \u00e0 une demande d\u2019autorisation et une d\u00e9claration des sources de financement. Car, comme le soutient le gouvernement qui a adopt\u00e9 ledit projet en Conseil des ministres, en avril dernier, \u00ab\u00a0si l\u2019on n\u2019y prend garde, le faible encadrement de l\u2019Etat du fait religieux peut \u00eatre source d\u2019instabilit\u00e9 et d\u2019ins\u00e9curit\u00e9 dans un environnement sous-r\u00e9gional marqu\u00e9 par l\u2019apparition d\u2019organisations terroristes\u00a0\u00bb.<\/em><\/p>\n<p><strong>Les autorit\u00e9s nig\u00e9riennes ont \u00e9t\u00e9 bien inspir\u00e9es de chercher \u00e0 mettre des garde-fous juridiques<\/strong><\/p>\n<p class=\"c3\"><em>Le moins que l\u2019on puisse dire, c\u2019est que cette d\u00e9cision de l\u2019Etat nig\u00e9rien, au-del\u00e0 de son aspect pr\u00e9ventif, est une d\u00e9cision responsable qui devrait inspirer les autres Etats de la sous-r\u00e9gion qui souffrent de la faiblesse des textes en la mati\u00e8re ou m\u00eame du vide juridique. Car, c\u2019est le contexte qui l\u2019exige. Et au-del\u00e0 du fait de veiller \u00ab\u00a0\u00e0 l\u2019exercice du culte, \u00e0 la coexistence pacifique des religions, ainsi qu\u2019\u00e0 la promotion du dialogue au sein et entre les religions\u00a0\u00bb, il s\u2019agit, pour l\u2019Etat, de fixer \u00ab\u00a0les conditions de cr\u00e9ation et de gestion des \u00e9tablissements d\u2019\u00e9ducation, de formation et d\u2019animation des activit\u00e9s confessionnelles dans chaque religion\u00a0\u00bb. C\u2019est dire si les autorit\u00e9s nig\u00e9riennes ont \u00e9t\u00e9 bien inspir\u00e9es de chercher \u00e0 mettre des garde-fous juridiques dans un domaine aussi sensible, o\u00f9 l\u2019on assiste de plus en plus \u00e0 la mont\u00e9e en fl\u00e8che de l\u2019int\u00e9grisme religieux. Il n\u2019y a qu\u2019\u00e0 voir l\u2019intol\u00e9rance des insurg\u00e9s islamistes ou pr\u00e9tendus fous d\u2019Allah, qui n\u2019h\u00e9sitent pas \u00e0 verser inutilement le sang des innocents, y compris celui de leurs coreligionnaires, pour se convaincre de la r\u00e9alit\u00e9 du p\u00e9ril islamiste si les cultes et autres pratiques ne sont pas convenablement encadr\u00e9s. Et cela est de la responsabilit\u00e9 de l\u2019Etat. Surtout s\u2019il veut garantir l\u2019\u00e9galit\u00e9 des religions devant la loi et pr\u00e9server la paix et la coh\u00e9sion sociales qui ont \u00e9t\u00e9 encore mises \u00e0 rude \u00e9preuve au Niger o\u00f9 une \u00e9glise a \u00e9t\u00e9 incendi\u00e9e le week-end dernier \u00e0 Maradi, suite \u00e0 une erreur de sermon d\u2019un chef religieux musulman, qui a mis le feu aux poudres. Au Burkina, alors que les leaders religieux s\u2019efforcent, depuis quelques ann\u00e9es, \u00e0 traduire le dialogue des religions en actes concrets sur le terrain, les r\u00e9centes attaques terroristes contre des lieux de culte, viennent rappeler la d\u00e9licatesse d\u2019un sujet sensible qui devrait retenir toute l\u2019attention des autorit\u00e9s qui ont le devoir de le traiter avec doigt\u00e9. Au Nigeria, on ne compte plus le nombre de morts li\u00e9s aux attaques de lieux de culte. C\u2019est dire si dans un contexte sous-r\u00e9gional marqu\u00e9 par la r\u00e9currence des attaques terroristes sur fond de radicalisation ou de tentative d\u2019opposition des religions, c\u2019est une d\u00e9cision d\u2019anticipation qui vaut son pesant d\u2019or.<\/em><\/p>\n<p><strong>On ne peut pas faire le reproche au gouvernement nig\u00e9rien de chercher \u00e0 voir clair dans les sources de financement des organisations religieuses<\/strong><\/p>\n<p class=\"c3\"><em>Et quand on sait que le terrorisme se nourrit, entre autres, des revenus de la criminalit\u00e9 transnationale et de bien des sources de financement occultes \u00e0 travers des fondations et autres courants religieux, l\u2019on ne peut pas faire le reproche au gouvernement nig\u00e9rien de chercher \u00e0 voir clair dans les sources de financement des organisations religieuses qui b\u00e9n\u00e9ficient bien trop souvent de dons d\u2019origines diverses. Reste maintenant \u00e0 savoir si les acteurs religieux joueront le jeu de la transparence exig\u00e9e, pour permettre une bonne tra\u00e7abilit\u00e9 de leurs sources de financements. Quoi qu\u2019il en soit, il appartient \u00e0 l\u2019Etat de se donner les moyens de contr\u00f4le n\u00e9cessaires \u00e0 une bonne application de la loi. Il lui appartient aussi d\u2019exercer un droit de regard sur les messages v\u00e9hicul\u00e9s lors des pr\u00eaches et autres sermons lors des offices religieux, pour se donner les moyens de parer \u00e0 toute \u00e9ventualit\u00e9 relativement aux \u00e9ventuels messages de haine et de radicalisation qui pourraient y \u00eatre d\u00e9livr\u00e9s.\u00a0<\/em> <em>En tout \u00e9tat de cause, au moment o\u00f9 la question de la tol\u00e9rance religieuse et de la cohabitation pacifique des religions se pose avec acuit\u00e9, l\u2019on peut dire qu\u2019avec l\u2019adoption de cette loi, le Niger vient combler un vide juridique qui contribuera sans nul doute \u00e0 renforcer son arsenal juridique. Et au del\u00e0, \u00e0 corriger une insuffisance de la loi potentiellement pr\u00e9judiciable par ces temps d\u2019ins\u00e9curit\u00e9 g\u00e9n\u00e9ralis\u00e9e et de lutte contre le ph\u00e9nom\u00e8ne du terrorisme qui donne du fil \u00e0 retordre \u00e0 nos Etats. En cela, l\u2019on peut dire que le pays de Mahamadou Issoufou est sur la bonne voie. Et les autres pays de la sous-r\u00e9gion gagneraient \u00e0 lui embo\u00eeter le pas, si ce n\u2019est d\u00e9j\u00e0 fait.<\/em><\/p>\n<p><strong>\u00ab\u00a0Le Pays\u00a0\u00bb<\/strong><\/p>\n<p>Auteur: Le Pays<br \/>\n<a href=\"http:\/\/lepays.bf\/encadrement-du-fait-religieux-par-letat-nigerien\/\">Cliquez ici pour lire l&rsquo;article depuis sa source.<\/a><\/p>\n","protected":false},"excerpt":{"rendered":"<p>L\u2019Etat veut encadrer les cultes au Niger. Pour cela, il cherche \u00e0 se doter d\u2019un cadre juridique relatif \u00e0 la pratique du culte. A cet effet, un projet de loi y relatif devait \u00eatre discut\u00e9 au parlement, le 17 juin dernier, en vue de son adoption. L\u2019objectif est d\u2019avoir un meilleur \u00ab\u00a0contr\u00f4le des pratiques qui [&hellip;]<\/p>\n","protected":false},"author":1813,"featured_media":0,"comment_status":"closed","ping_status":"closed","sticky":false,"template":"","format":"standard","meta":{"fifu_image_url":"","fifu_image_alt":"","footnotes":""},"categories":[73,81],"tags":[],"class_list":["post-41203","post","type-post","status-publish","format-standard","hentry","category-actualite","category-burkina-faso"],"_links":{"self":[{"href":"https:\/\/linitiative.ca\/International\/wp-json\/wp\/v2\/posts\/41203","targetHints":{"allow":["GET"]}}],"collection":[{"href":"https:\/\/linitiative.ca\/International\/wp-json\/wp\/v2\/posts"}],"about":[{"href":"https:\/\/linitiative.ca\/International\/wp-json\/wp\/v2\/types\/post"}],"author":[{"embeddable":true,"href":"https:\/\/linitiative.ca\/International\/wp-json\/wp\/v2\/users\/1813"}],"replies":[{"embeddable":true,"href":"https:\/\/linitiative.ca\/International\/wp-json\/wp\/v2\/comments?post=41203"}],"version-history":[{"count":0,"href":"https:\/\/linitiative.ca\/International\/wp-json\/wp\/v2\/posts\/41203\/revisions"}],"wp:attachment":[{"href":"https:\/\/linitiative.ca\/International\/wp-json\/wp\/v2\/media?parent=41203"}],"wp:term":[{"taxonomy":"category","embeddable":true,"href":"https:\/\/linitiative.ca\/International\/wp-json\/wp\/v2\/categories?post=41203"},{"taxonomy":"post_tag","embeddable":true,"href":"https:\/\/linitiative.ca\/International\/wp-json\/wp\/v2\/tags?post=41203"}],"curies":[{"name":"wp","href":"https:\/\/api.w.org\/{rel}","templated":true}]}}