{"id":41204,"date":"2019-06-17T16:31:30","date_gmt":"2019-06-17T20:31:30","guid":{"rendered":"https:\/\/linitiative.ca\/International\/mort-tragique-de-mohamed-morsi\/"},"modified":"2019-06-17T16:31:30","modified_gmt":"2019-06-17T20:31:30","slug":"mort-tragique-de-mohamed-morsi","status":"publish","type":"post","link":"https:\/\/linitiative.ca\/International\/mort-tragique-de-mohamed-morsi\/","title":{"rendered":"MORT TRAGIQUE DE MOHAMED MORSI"},"content":{"rendered":"<div class=\"stream-item stream-item-above-post-content\">\n<p><noscript><\/p>\n<p><a href=\"\/\/www3.smartadserver.com\/ac?jump=1&#038;nwid=2136&#038;siteid=240610&#038;pgname=rg&#038;fmtid=49046&#038;visit=m&#038;tmstp=[timestamp]&#038;out=nonrich\" target=\"_blank\" rel=\"noopener noreferrer\"><img decoding=\"async\" src=\"\/\/www3.smartadserver.com\/ac?out=nonrich&#038;nwid=2136&#038;siteid=240610&#038;pgname=rg&#038;fmtid=49046&#038;visit=m&#038;tmstp=[timestamp]\" border=\"0\" alt=\"\"\/><\/a><\/p>\n<p><\/noscript><\/div>\n<p class=\"c3\"><em>C\u2019est un v\u00e9ritable coup de tonnerre dans le ciel \u00e9gyptien. En effet, l\u2019ancien pr\u00e9sident \u00e9gyptien, Mohamed Morsi, a pass\u00e9 l\u2019arme \u00e0 gauche, hier, 17 juin 2019, alors qu\u2019il comparaissait pour la \u00e9ni\u00e8me fois devant un tribunal. Il serait d\u00e9c\u00e9d\u00e9 suite \u00e0 un malaise, selon des sources officielles. Il faut rappeler que Morsi, devenu, en 2012, le premier pr\u00e9sident \u00e9lu, sous la banni\u00e8re du Parti libert\u00e9 et justice, la branche politique des Fr\u00e8res musulmans, \u00e0 l\u2019issue d\u2019une pr\u00e9sidentielle librement organis\u00e9e dans l\u2019histoire de l\u2019Egypte, avait \u00e9t\u00e9 renvers\u00e9, un an apr\u00e8s, par un coup d\u2019Etat militaire perp\u00e9tr\u00e9 par l\u2019actuel homme fort du pays des Pharaons, le mar\u00e9chal Al-Sissi, son ministre de la D\u00e9fense et chef de l\u2019Arm\u00e9e d\u2019alors. Depuis lors, il a fait l\u2019objet de nombreux chefs d\u2019inculpation d&rsquo;espionnage, de conspiration avec le Hamas et le Hezbollah, et d&rsquo;\u00e9vasion collective d&rsquo;une prison en 2011. Apr\u00e8s avoir \u00e9t\u00e9 condamn\u00e9 \u00e0 sept ans de prison, le disparu comparaissait encore pour une autre \u00ab\u00a0affaire d\u2019espionnage\u00a0\u00bb pour ses contacts jug\u00e9s suspects avec le Hamas palestinien. Morsi tire donc sa r\u00e9v\u00e9rence en emportant dans sa tombe bien des zones d\u2019ombres li\u00e9es \u00e0 ces affaires.<\/em><\/p>\n<p><strong>Al-Sissi aurait tort de se r\u00e9jouir de la mort de cet homme qu\u2019il aura contribu\u00e9 \u00e0 tuer \u00e0 petit feu<\/strong><\/p>\n<p class=\"c3\"><em>Que retiendront les Egyptiens de cet ancien chef d\u2019Etat qui aura \u00e9t\u00e9 condamn\u00e9 en 2015, \u00e0 la peine de mort et qui n\u2019aura finalement donc b\u00e9n\u00e9fici\u00e9 de la moindre mansu\u00e9tude jusqu\u2019\u00e0 son dernier souffle\u00a0? H\u00e9ros ou martyr\u00a0? Triste fin, en tout cas, pour cet ancien membre de la confr\u00e9rie des Fr\u00e8res musulmans qui aura pass\u00e9 de la gloire \u00e0 la d\u00e9cadence et pour ainsi dire, bu jusqu\u2019\u00e0 la lie, la coupe am\u00e8re de la d\u00e9ch\u00e9ance jusqu\u2019\u00e0 ce que mort s\u2019en suive. A pr\u00e9sent, l\u2019Egypte saluera-t-elle la m\u00e9moire de son premier pr\u00e9sident civil\u00a0? Va-t-elle lui r\u00e9server des obs\u00e8ques nationales ou va-t-elle l\u2019accompagner dans sa derni\u00e8re demeure comme un citoyen Tartempion\u00a0? On sait, en tout cas,\u00a0 que<\/em><br \/><em>ses admirateurs garderont de lui le souvenir d\u2019un symbole\u00a0; celui de la r\u00e9sistance. Mais quel que soit le reproche qu\u2019on peut lui faire, le disparu m\u00e9rite des \u00e9gards post-mortem et le peuple \u00e9gyptien qui n\u2019a pas, il est vrai, \u00e9t\u00e9 en phase avec lui \u00e0 un moment de son r\u00e8gne, devrait \u00e0 tout le moins, lui rendre les hommages dus \u00e0 un ancien chef d\u2019Etat qui aura, apr\u00e8s tout, \u00e9t\u00e9 le premier chef d\u2019Etat d\u00e9mocratiquement \u00e9lu de l\u2019histoire de l\u2019Egypte. Son successeur, Al-Sissi, qui lui vouait certainement une haine visc\u00e9rale, aurait tort de se r\u00e9jouir de la mort de cet homme qu\u2019il aura contribu\u00e9 \u00e0 tuer \u00e0 petit feu.<\/em><\/p>\n<p><strong>Drissa TRAORE<\/strong><\/p>\n<p>Auteur: Le Pays<br \/>\n<a href=\"http:\/\/lepays.bf\/mort-tragique-de-mohamed-morsi\/\">Cliquez ici pour lire l&rsquo;article depuis sa source.<\/a><\/p>\n","protected":false},"excerpt":{"rendered":"<p>C\u2019est un v\u00e9ritable coup de tonnerre dans le ciel \u00e9gyptien. En effet, l\u2019ancien pr\u00e9sident \u00e9gyptien, Mohamed Morsi, a pass\u00e9 l\u2019arme \u00e0 gauche, hier, 17 juin 2019, alors qu\u2019il comparaissait pour la \u00e9ni\u00e8me fois devant un tribunal. Il serait d\u00e9c\u00e9d\u00e9 suite \u00e0 un malaise, selon des sources officielles. Il faut rappeler que Morsi, devenu, en 2012, [&hellip;]<\/p>\n","protected":false},"author":1813,"featured_media":0,"comment_status":"closed","ping_status":"closed","sticky":false,"template":"","format":"standard","meta":{"fifu_image_url":"","fifu_image_alt":"","footnotes":""},"categories":[73,81],"tags":[],"class_list":["post-41204","post","type-post","status-publish","format-standard","hentry","category-actualite","category-burkina-faso"],"_links":{"self":[{"href":"https:\/\/linitiative.ca\/International\/wp-json\/wp\/v2\/posts\/41204","targetHints":{"allow":["GET"]}}],"collection":[{"href":"https:\/\/linitiative.ca\/International\/wp-json\/wp\/v2\/posts"}],"about":[{"href":"https:\/\/linitiative.ca\/International\/wp-json\/wp\/v2\/types\/post"}],"author":[{"embeddable":true,"href":"https:\/\/linitiative.ca\/International\/wp-json\/wp\/v2\/users\/1813"}],"replies":[{"embeddable":true,"href":"https:\/\/linitiative.ca\/International\/wp-json\/wp\/v2\/comments?post=41204"}],"version-history":[{"count":0,"href":"https:\/\/linitiative.ca\/International\/wp-json\/wp\/v2\/posts\/41204\/revisions"}],"wp:attachment":[{"href":"https:\/\/linitiative.ca\/International\/wp-json\/wp\/v2\/media?parent=41204"}],"wp:term":[{"taxonomy":"category","embeddable":true,"href":"https:\/\/linitiative.ca\/International\/wp-json\/wp\/v2\/categories?post=41204"},{"taxonomy":"post_tag","embeddable":true,"href":"https:\/\/linitiative.ca\/International\/wp-json\/wp\/v2\/tags?post=41204"}],"curies":[{"name":"wp","href":"https:\/\/api.w.org\/{rel}","templated":true}]}}