{"id":41206,"date":"2019-06-17T16:38:18","date_gmt":"2019-06-17T20:38:18","guid":{"rendered":"https:\/\/linitiative.ca\/International\/presidentielle-2020\/"},"modified":"2019-06-17T16:38:18","modified_gmt":"2019-06-17T20:38:18","slug":"presidentielle-2020","status":"publish","type":"post","link":"https:\/\/linitiative.ca\/International\/presidentielle-2020\/","title":{"rendered":"PRESIDENTIELLE 2020"},"content":{"rendered":"<div class=\"stream-item stream-item-above-post-content\">\n<p><noscript><\/p>\n<p><a href=\"\/\/www3.smartadserver.com\/ac?jump=1&#038;nwid=2136&#038;siteid=240610&#038;pgname=rg&#038;fmtid=49046&#038;visit=m&#038;tmstp=[timestamp]&#038;out=nonrich\" target=\"_blank\" rel=\"noopener noreferrer\"><img decoding=\"async\" src=\"\/\/www3.smartadserver.com\/ac?out=nonrich&#038;nwid=2136&#038;siteid=240610&#038;pgname=rg&#038;fmtid=49046&#038;visit=m&#038;tmstp=[timestamp]\" border=\"0\" alt=\"\"\/><\/a><\/p>\n<p><\/noscript><\/div>\n<p class=\"c3\"><em>Toute formation politique digne de ce nom a pour vocation principale, la conqu\u00eate du pouvoir d\u2019Etat. Et en d\u00e9mocratie plus que dans tout autre r\u00e9gime politique, cela passe par les urnes. De ce point de vue, les \u00e9ch\u00e9ances \u00e9lectorales de 2020 s\u2019annoncent comme des grands moments de la vie politique de la Nation. En effet, c\u2019est \u00e0 cette date que l\u2019enfant de Tuir\u00e9, dans le Ganzourgou, doit remettre son mandat en jeu puisqu\u2019il s\u2019est d\u00e9j\u00e0 dit partant pour un deuxi\u00e8me mandat. Du point de vue de la Constitution, il est dans son bon droit. C\u2019est normal que le pr\u00e9sident Kabor\u00e9 ait les yeux exclusivement riv\u00e9s sur cette \u00e9ch\u00e9ance. En tout cas, l\u2019\u00e9tat-major de son parti, le Mouvement du peuple pour le progr\u00e8s (MPP), semble se mettre en ordre de bataille pour permettre \u00e0 son champion de briguer avec succ\u00e8s un deuxi\u00e8me mandat. Aussi annonce-t-on par-ci la r\u00e9alisation d\u2019infrastructures routi\u00e8res et par-l\u00e0 d\u2019autres r\u00e9alisations socio-\u00e9ducatives. Quand ce n\u2019est pas Roch Kabor\u00e9 himself qui le dit, il le fait dire par ses fid\u00e8les lieutenants. L\u2019on peut faire le constat que toutes ces r\u00e9alisations annonc\u00e9es sont programm\u00e9es pour \u00eatre mises en \u0153uvre en 2020. L\u2019on peut donc se poser la question de savoir si ceci n\u2019explique pas cela. L\u2019on peut, sans risque de se tromper, y r\u00e9pondre par l\u2019affirmative. En effet, bien des r\u00e9gimes politiques qui se sont succ\u00e9d\u00e9 \u00e0 la t\u00eate du pays, ont une tendance \u00e0 concentrer la mise en \u0153uvre de leur programme politique sur l\u2019ann\u00e9e pendant laquelle ils doivent se pr\u00e9senter devant le peuple pour solliciter son suffrage. Et le meilleur argument pour le faire avec la plus grande chance de le r\u00e9ussir, c\u2019est d\u2019indiquer des bulldozers en train de proc\u00e9der aux terrassements de routes et autres engins lourds en mouvement sur des chantiers qui viennent d\u2019\u00eatre lanc\u00e9s. Dans des pays comme le n\u00f4tre o\u00f9 l\u2019\u00e9lectorat est essentiellement compos\u00e9 d\u2019analphab\u00e8tes, cette strat\u00e9gie de la derni\u00e8re minute, peut-on dire, a fait la preuve de son efficacit\u00e9. Et tous les partis politiques de l\u2019opposition qui ont d\u00e9j\u00e0 pr\u00e9sent\u00e9 des candidats \u00e0 une pr\u00e9sidentielle, peuvent apporter des t\u00e9moignages \u00e9difiants dans ce sens.<\/em><\/p>\n<p><strong>C\u2019est l\u2019ensemble du corps politique et social qui doit travailler \u00e0 pacifier le pays<\/strong><\/p>\n<p class=\"c3\"><em>Le Rassemblement d\u00e9mocratique africain (RDA) et le Congr\u00e8s pour la d\u00e9mocratie et le progr\u00e8s (CDP) qui ont respectivement g\u00e9r\u00e9 le Burkina pendant de longues ann\u00e9es, ont fait de cette strat\u00e9gie une arme de destruction massive de l\u2019opposition pendant qu\u2019ils \u00e9taient aux affaires. Et le moins que l\u2019on puisse dire, c\u2019est que le MPP est sur leurs pas. Et cela n\u2019\u00e9tonne personne puisque ce parti est n\u00e9 par c\u00e9sarienne du CDP. Il a donc h\u00e9rit\u00e9 de certaines de ses pratiques en termes de mobilisation de l\u2019\u00e9lectorat. Bref, \u00e0 17 mois du scrutin pr\u00e9sidentiel, l\u2019on constate que le pays est d\u00e9j\u00e0 dans la fi\u00e8vre \u00e9lectorale. Et ce n\u2019est pas seulement le parti au pouvoir qui vit cette ambiance. Tous les autres grands partis du pays la vivent. Dans l\u2019absolu, on ne peut pas dire que cela est mauvais. Mais en toute honn\u00eatet\u00e9, on peut se risquer \u00e0 dire que les uns et les autres sont en train de placer la charrue avant les b\u0153ufs. En effet, aujourd\u2019hui, les principaux d\u00e9fis que le pouvoir doit relever avant cette \u00e9ch\u00e9ance, sont li\u00e9s \u00e0 l\u2019ins\u00e9curit\u00e9 et aux conflits communautaires qui s\u00e9vissent dans le pays. Malheureusement, l\u2019on peut avoir l\u2019impression que la r\u00e9solution de ces probl\u00e8mes est en passe d\u2019\u00eatre rel\u00e9gu\u00e9e au second plan au profit de la lutte pour le pouvoir. A ce rythme, on peut se poser la question de savoir si ces messieurs et dames ont pris la pleine mesure de la situation r\u00e9elle dans laquelle se trouve le pays. Cette question est d\u2019autant plus \u00e0 propos que bien des populations au nom desquelles ils se battent tels des chiffonniers pour diriger le pays, sont aujourd\u2019hui, du fait du terrorisme et des affrontements communautaires, r\u00e9duites \u00e0 vivre l\u2019exil dans leur propre pays. Et pour ces milliers de d\u00e9plac\u00e9s, ce qui urge, c\u2019est de retrouver leurs domiciles et leurs champs pour vivre dans la s\u00e9curit\u00e9 et la dignit\u00e9. Mais les politiciens sont ainsi faits que ce genre de questions sont le cadet de leurs soucis. Et quand ils en font une pr\u00e9occupation, c\u2019est pour les exploiter \u00e0 des fins bassement \u00e9lectoralistes. Il faut, absolument, comme le disent les Ivoiriens, \u00ab quitter dans \u00e7a \u00bb. La d\u00e9cence et l\u2019\u00e9thique les y obligent. Pour toutes ces raisons, il faut absolument travailler \u00e0 remettre le Burkina sur ses deux pieds avant 2020.<\/em> <em>Et le pouvoir MPP n\u2019aurait aucune excuse, au cas o\u00f9 il ne r\u00e9ussirait pas \u00e0 le faire avant l\u2019\u00e9ch\u00e9ance de 2020. Au-del\u00e0 du MPP, c\u2019est l\u2019ensemble du corps politique et social qui doit travailler \u00e0 pacifier le pays. Et tous autant qu\u2019ils sont, doivent se convaincre que c\u2019est parce que la \u00ab t\u00eate se porte bien, que les yeux peuvent s\u2019offrir le luxe d\u2019\u00eatre mal en point \u00bb.<\/em><\/p>\n<p><strong>Sidzabda<\/strong><\/p>\n<p>Auteur: Le Pays<br \/>\n<a href=\"http:\/\/lepays.bf\/presidentielle-2020-3\/\">Cliquez ici pour lire l&rsquo;article depuis sa source.<\/a><\/p>\n","protected":false},"excerpt":{"rendered":"<p>Toute formation politique digne de ce nom a pour vocation principale, la conqu\u00eate du pouvoir d\u2019Etat. Et en d\u00e9mocratie plus que dans tout autre r\u00e9gime politique, cela passe par les urnes. De ce point de vue, les \u00e9ch\u00e9ances \u00e9lectorales de 2020 s\u2019annoncent comme des grands moments de la vie politique de la Nation. En effet, [&hellip;]<\/p>\n","protected":false},"author":1813,"featured_media":0,"comment_status":"closed","ping_status":"closed","sticky":false,"template":"","format":"standard","meta":{"fifu_image_url":"","fifu_image_alt":"","footnotes":""},"categories":[73,81],"tags":[],"class_list":["post-41206","post","type-post","status-publish","format-standard","hentry","category-actualite","category-burkina-faso"],"_links":{"self":[{"href":"https:\/\/linitiative.ca\/International\/wp-json\/wp\/v2\/posts\/41206","targetHints":{"allow":["GET"]}}],"collection":[{"href":"https:\/\/linitiative.ca\/International\/wp-json\/wp\/v2\/posts"}],"about":[{"href":"https:\/\/linitiative.ca\/International\/wp-json\/wp\/v2\/types\/post"}],"author":[{"embeddable":true,"href":"https:\/\/linitiative.ca\/International\/wp-json\/wp\/v2\/users\/1813"}],"replies":[{"embeddable":true,"href":"https:\/\/linitiative.ca\/International\/wp-json\/wp\/v2\/comments?post=41206"}],"version-history":[{"count":0,"href":"https:\/\/linitiative.ca\/International\/wp-json\/wp\/v2\/posts\/41206\/revisions"}],"wp:attachment":[{"href":"https:\/\/linitiative.ca\/International\/wp-json\/wp\/v2\/media?parent=41206"}],"wp:term":[{"taxonomy":"category","embeddable":true,"href":"https:\/\/linitiative.ca\/International\/wp-json\/wp\/v2\/categories?post=41206"},{"taxonomy":"post_tag","embeddable":true,"href":"https:\/\/linitiative.ca\/International\/wp-json\/wp\/v2\/tags?post=41206"}],"curies":[{"name":"wp","href":"https:\/\/api.w.org\/{rel}","templated":true}]}}