{"id":41207,"date":"2019-06-17T16:46:47","date_gmt":"2019-06-17T20:46:47","guid":{"rendered":"https:\/\/linitiative.ca\/International\/union-panafricaine-des-postes-la-modernisation-des-services-au-coeur-de-la-38e-conference\/"},"modified":"2019-06-17T16:46:47","modified_gmt":"2019-06-17T20:46:47","slug":"union-panafricaine-des-postes-la-modernisation-des-services-au-coeur-de-la-38e-conference","status":"publish","type":"post","link":"https:\/\/linitiative.ca\/International\/union-panafricaine-des-postes-la-modernisation-des-services-au-coeur-de-la-38e-conference\/","title":{"rendered":"Union panafricaine des postes : la modernisation des services au c\u0153ur de la 38e conf\u00e9rence"},"content":{"rendered":"<div class=\"td-post-featured-image\"><a href=\"https:\/\/i2.wp.com\/www.sidwaya.info\/wp-content\/uploads\/2019\/06\/2-10.jpg?fit=612%2C381&#038;ssl=1\" data-caption=\"\"><img loading=\"lazy\" decoding=\"async\" width=\"612\" height=\"381\" class=\"entry-thumb td-modal-image\" src=\"https:\/\/i2.wp.com\/www.sidwaya.info\/wp-content\/uploads\/2019\/06\/2-10.jpg?resize=612%2C381&#038;ssl=1\" srcset=\"https:\/\/i2.wp.com\/www.sidwaya.info\/wp-content\/uploads\/2019\/06\/2-10.jpg?w=612&#038;ssl=1 612w, https:\/\/i2.wp.com\/www.sidwaya.info\/wp-content\/uploads\/2019\/06\/2-10.jpg?resize=300%2C187&#038;ssl=1 300w\" sizes=\"auto, (max-width: 612px) 100vw, 612px\" alt=\"\" title=\"2\"\/><\/a><\/div>\n<p><strong>La ministre du D\u00e9veloppement de l\u2019Economie num\u00e9rique et des Postes, Hadja Ouattara, a pr\u00e9sid\u00e9 la c\u00e9r\u00e9monie d\u2019ouverture de la 38e session du conseil d\u2019administration de l\u2019Union panafricaine des postes, le lundi 17 juin 2019, \u00e0 Ouagadougou.<\/strong><\/p>\n<p>Les services postaux font face \u00e0 un d\u00e9fi contemporain : le num\u00e9rique. Cette r\u00e9volution technologique est au centre de la 38e session ordinaire du conseil d\u2019administration de l\u2019Union panafricaine des postes (UPAP), qui a lieu \u00e0 Ouagadougou, du 17 au 19 juin 2019. La n\u00e9cessit\u00e9 pour les administrations des postes en Afrique de s\u2019adapter \u00e0 cette nouvelle donne a \u00e9t\u00e9 soulign\u00e9e dans chacune des six allocutions qui ont jalonn\u00e9 la c\u00e9r\u00e9monie officielle d\u2019ouverture des travaux pr\u00e9sid\u00e9e par la ministre du D\u00e9veloppement de l\u2019Economie num\u00e9rique et des Postes (MDENP), Hadja Ouattara. Le pr\u00e9sident du comit\u00e9 national d\u2019organisation, Kisito Traor\u00e9, a relev\u00e9 le besoin d\u2019am\u00e9liorer continuellement la qualit\u00e9 des produits, de renforcer les comp\u00e9tences des acteurs et de diversifier l\u2019offre de services avec des produits modernes r\u00e9pondant aux attentes de la client\u00e8le.<\/p>\n<p>Car, a-t-il indiqu\u00e9, la poste fait face \u00e0 une rude concurrence dans tous ses secteurs d\u2019activit\u00e9s et \u00e0 une exigence de plus en plus grande de la client\u00e8le. \u00abD\u2019o\u00f9 l\u2019int\u00e9r\u00eat de cette session du conseil d\u2019administration de notre union qui permettra de d\u00e9cliner les grands axes de d\u00e9veloppement du secteur postal africain pour les ann\u00e9es \u00e0 venir\u00bb, a insist\u00e9 M. Traor\u00e9. Le repr\u00e9sentant de la commission de l\u2019Union africaine, Christian Minoungou, a reconnu que les administrations postales africaines ont pris conscience tr\u00e8s t\u00f4t des d\u00e9fis. Selon lui, la densit\u00e9 du r\u00e9seau de la poste et la nature de ses prestations font qu\u2019elle est la seule organisation fiable pour r\u00e9pondre aux besoins des populations diss\u00e9min\u00e9es aux quatre coins du monde. Rappelant que la commission de l\u2019Union africaine a choisi de consacrer l\u2019ann\u00e9e 2019 aux r\u00e9fugi\u00e9s, rapatri\u00e9s et d\u00e9plac\u00e9s, M. Minoungou a expliqu\u00e9 que la poste est l\u2019organisation capable de maintenir les liens entre les gens, au-del\u00e0 de leurs mouvements spatio-temporels.<\/p>\n<p><strong>Repenser les processus op\u00e9rationnels et commerciaux<\/strong><\/p>\n<p>Le r\u00f4le de la poste comme vecteur des relations et des \u00e9changes entre les peuples, a \u00e9t\u00e9 magnifi\u00e9 \u00e9galement par le pr\u00e9sident du conseil d\u2019administration de l\u2019UPAP, par ailleurs pr\u00e9sident de l\u2019Autorit\u00e9 de r\u00e9gulation des communications \u00e9lectroniques et des postes, Tontama Charles Millogo. A l\u2019entendre, la poste, gr\u00e2ce aux TIC et \u00e0 son vaste r\u00e9seau, est en train de r\u00e9ussir le pari de sa transformation, en repensant ses m\u00e9thodes op\u00e9rationnelles et commerciales. Toutefois, il a not\u00e9 que les administrations postales doivent maintenir le cap en mettant sur le march\u00e9 \u00abune offre de produits et services innovants et diversifi\u00e9s, de bonne qualit\u00e9, attractifs, \u00e0 des prix abordables, accessibles \u00e0 tous et partout\u00bb. Le pr\u00e9sident du conseil d\u2019administration de l\u2019UPAP s\u2019est en tout cas dit convaincu que les postes en ont les moyens et les atouts.<\/p>\n<p>\u00abJe voudrais me r\u00e9jouir de ce que plusieurs postes soient d\u00e9j\u00e0 en voie de boucler la phase de modernisation de leur r\u00e9seau\u00bb, a-t-il d\u00e9clar\u00e9. Par ailleurs, M. Millogo a \u00e9voqu\u00e9 les modestes ressources de l\u2019organisation, et exhort\u00e9 les Etats membres \u00e0 honorer leurs engagements vis-\u00e0-vis de la structure. \u00abEn tant que d\u00e9cideurs, r\u00e9gulateurs et op\u00e9rateurs, nous avons tous le devoir de nous assurer que les services postaux continuent de fournir un service de communication abordable et accessible \u00e0 la grande majorit\u00e9 de la population, particuli\u00e8rement aux 80% des populations vivant dans les zones rurales\u00bb, a interpell\u00e9 le pr\u00e9sident du conseil d\u2019administration. A ces diff\u00e9rents d\u00e9fis, la ministre du D\u00e9veloppement, de l\u2019Economie num\u00e9rique et des Postes, Hadja Ouattara, a exprim\u00e9 un message d\u2019espoir. Elle a r\u00e9v\u00e9l\u00e9 sa foi aux acteurs de la poste pour r\u00e9inventer l\u2019avenir \u00e0 un moment o\u00f9 l\u2019institution est en restructuration. Et pour cela, elle a indiqu\u00e9 que le gouvernement burkinab\u00e8 ne m\u00e9nagera aucun effort pour accompagner le d\u00e9veloppement de la poste.<\/p>\n<p class=\"c1\"><strong>Gaspard BAYALA<\/strong><\/p>\n<p>Auteur: DD. Sidwaya<br \/>\n<a href=\"https:\/\/www.sidwaya.info\/blog\/2019\/06\/17\/union-panafricaine-des-postes-la-modernisation-des-services-au-coeur-de-la-38e-conference\/\">Cliquez ici pour lire l&rsquo;article depuis sa source.<\/a><\/p>\n","protected":false},"excerpt":{"rendered":"<p>La ministre du D\u00e9veloppement de l\u2019Economie num\u00e9rique et des Postes, Hadja Ouattara, a pr\u00e9sid\u00e9 la c\u00e9r\u00e9monie d\u2019ouverture de la 38e session du conseil d\u2019administration de l\u2019Union panafricaine des postes, le lundi 17 juin 2019, \u00e0 Ouagadougou. Les services postaux font face \u00e0 un d\u00e9fi contemporain : le num\u00e9rique. Cette r\u00e9volution technologique est au centre de [&hellip;]<\/p>\n","protected":false},"author":1816,"featured_media":0,"comment_status":"closed","ping_status":"closed","sticky":false,"template":"","format":"standard","meta":{"fifu_image_url":"","fifu_image_alt":"","footnotes":""},"categories":[73,81],"tags":[],"class_list":["post-41207","post","type-post","status-publish","format-standard","hentry","category-actualite","category-burkina-faso"],"_links":{"self":[{"href":"https:\/\/linitiative.ca\/International\/wp-json\/wp\/v2\/posts\/41207","targetHints":{"allow":["GET"]}}],"collection":[{"href":"https:\/\/linitiative.ca\/International\/wp-json\/wp\/v2\/posts"}],"about":[{"href":"https:\/\/linitiative.ca\/International\/wp-json\/wp\/v2\/types\/post"}],"author":[{"embeddable":true,"href":"https:\/\/linitiative.ca\/International\/wp-json\/wp\/v2\/users\/1816"}],"replies":[{"embeddable":true,"href":"https:\/\/linitiative.ca\/International\/wp-json\/wp\/v2\/comments?post=41207"}],"version-history":[{"count":0,"href":"https:\/\/linitiative.ca\/International\/wp-json\/wp\/v2\/posts\/41207\/revisions"}],"wp:attachment":[{"href":"https:\/\/linitiative.ca\/International\/wp-json\/wp\/v2\/media?parent=41207"}],"wp:term":[{"taxonomy":"category","embeddable":true,"href":"https:\/\/linitiative.ca\/International\/wp-json\/wp\/v2\/categories?post=41207"},{"taxonomy":"post_tag","embeddable":true,"href":"https:\/\/linitiative.ca\/International\/wp-json\/wp\/v2\/tags?post=41207"}],"curies":[{"name":"wp","href":"https:\/\/api.w.org\/{rel}","templated":true}]}}