{"id":41209,"date":"2019-06-17T16:54:35","date_gmt":"2019-06-17T20:54:35","guid":{"rendered":"https:\/\/linitiative.ca\/International\/developpement-du-commerce-exterieur-le-premier-ministre-rencontre-des-personnalites-du-business-mondial\/"},"modified":"2019-06-17T16:54:35","modified_gmt":"2019-06-17T20:54:35","slug":"developpement-du-commerce-exterieur-le-premier-ministre-rencontre-des-personnalites-du-business-mondial","status":"publish","type":"post","link":"https:\/\/linitiative.ca\/International\/developpement-du-commerce-exterieur-le-premier-ministre-rencontre-des-personnalites-du-business-mondial\/","title":{"rendered":"D\u00e9veloppement du commerce ext\u00e9rieur : le Premier ministre rencontre des personnalit\u00e9s du business mondial"},"content":{"rendered":"<div class=\"td-post-featured-image\"><a href=\"https:\/\/i0.wp.com\/www.sidwaya.info\/wp-content\/uploads\/2019\/06\/2-12.jpg?fit=728%2C486&#038;ssl=1\" data-caption=\"\"><img loading=\"lazy\" decoding=\"async\" width=\"696\" height=\"465\" class=\"entry-thumb td-modal-image\" src=\"https:\/\/i0.wp.com\/www.sidwaya.info\/wp-content\/uploads\/2019\/06\/2-12.jpg?resize=696%2C465&#038;ssl=1\" srcset=\"https:\/\/i0.wp.com\/www.sidwaya.info\/wp-content\/uploads\/2019\/06\/2-12.jpg?w=728&#038;ssl=1 728w, https:\/\/i0.wp.com\/www.sidwaya.info\/wp-content\/uploads\/2019\/06\/2-12.jpg?resize=300%2C200&#038;ssl=1 300w, https:\/\/i0.wp.com\/www.sidwaya.info\/wp-content\/uploads\/2019\/06\/2-12.jpg?resize=696%2C465&#038;ssl=1 696w, https:\/\/i0.wp.com\/www.sidwaya.info\/wp-content\/uploads\/2019\/06\/2-12.jpg?resize=629%2C420&#038;ssl=1 629w\" sizes=\"auto, (max-width: 696px) 100vw, 696px\" alt=\"\" title=\"2\"\/><\/a><\/div>\n<p><strong>Le Premier ministre burkinab\u00e8, Christophe Joseph Marie Dabir\u00e9, a discut\u00e9 avec deux responsables charg\u00e9s respectivement du commerce international, d\u2019industrie et des services de Gen\u00e8ve, le jeudi 11 juin 2019.<\/strong><\/p>\n<p>Le chef du gouvernement burkinab\u00e8, Christophe Joseph Marie Dabir\u00e9, est en qu\u00eate de partenaires commerciaux. Dans ce sens, il a accord\u00e9 deux audiences, le 11 juin 2019, en marge de la 108e Conf\u00e9rence internationale du travail qui se d\u00e9roule du 10 au 21 juin \u00e0 Gen\u00e8ve.<\/p>\n<p>M. Dabir\u00e9 a \u00e9chang\u00e9 avec la directrice ex\u00e9cutive du Centre du commerce international (CCI), Arancha Gonzalez, sur les possibilit\u00e9s qu\u2019offre cette agence onusienne pour une plus grande participation du Burkina au commerce international. Le centre onusien ex\u00e9cute au compte du Burkina, un programme sur le mode \u00e9thique via lequel des acteurs du Faso Dan fani sont mis en lien avec les grands march\u00e9s de la mode dans le monde entier.<br \/>Le Premier ministre et son h\u00f4te ont \u00abnaturellement\u00bb discut\u00e9 du d\u00e9veloppement de la fili\u00e8re coton mais aussi des autres fili\u00e8res porteuses burkinab\u00e8. Mme Gonzalez s\u2019est dit \u00e9difi\u00e9e par les produits d\u2019habillement faits \u00e0 base du coton local et produits par des artisans et stylistes locaux. Elle a rappel\u00e9 qu\u2019\u00e0 la Journ\u00e9e internationale du coton \u00e0 l\u2019Organisation mondiale du commerce, le coton made in Burkina aura une place de choix. \u00abNous comptons faire un d\u00e9fil\u00e9 de mode o\u00f9 nous aurons comme invit\u00e9 sp\u00e9cial, des stylistes qui font montrer au monde, les efforts que le Burkina fait pour produire plus de la valeur ajout\u00e9e locale\u00bb, a-t-elle dit.<\/p>\n<p><strong>Invit\u00e9 aux n\u00e9gociations sur le commerce \u00e9lectronique<\/strong><\/p>\n<p>Les deux personnalit\u00e9s ont ensuite parl\u00e9 de l\u2019int\u00e9gration commerciale en Afrique et de l\u2019accord continental africain soutenu par le Centre international du commerce. En rappel, l\u2019accord de libre-\u00e9change, sign\u00e9 et ratifi\u00e9 par le Burkina Faso, est entr\u00e9 en vigueur en mai dernier. Construit \u00e0 l\u2019image du march\u00e9 commun europ\u00e9en, il est cens\u00e9 accro\u00eetre le commerce-intra-africain de plus de 50%.<br \/>Le commerce \u00e9lectronique, un segment appel\u00e9 en ce 21e si\u00e8cle, a aussi \u00e9t\u00e9 \u00e9voqu\u00e9. \u00abJ\u2019ai encourag\u00e9 le Burkina Faso \u00e0 prendre place dans les n\u00e9gociations en cours de l\u2019organisation mondiale sur le commerce \u00e9lectronique\u00bb, a confi\u00e9 Mme Gondalez \u00e0 sa sortie d\u2019audience.<br \/>A la deuxi\u00e8me audience, avec le directeur g\u00e9n\u00e9ral de la Chambre de commerce, d\u2019industrie et des services de Gen\u00e8ve, Gilles Rufenacht, les \u00e9changes ont port\u00e9 sur des projets de coop\u00e9ration, essentiellement dans les domaines de l\u2019agriculture, la sant\u00e9 et la formation professionnelle.<\/p>\n<p>\u00abNous avons parl\u00e9 de la production de tomate. Nous allons voir si certains entrepreneurs genevois sont pr\u00eats \u00e0 d\u00e9velopper avec des entrepreneurs burkinab\u00e8, des affaires\u00bb, a expliqu\u00e9 M. Rufenacht. Il pense aussi qu\u2019il va y avoir une coop\u00e9ration sanitaire \u00e0 travers le Centre de traitement du cancer en projet au Burkina Faso.<br \/>Quant \u00e0 la formation professionnelle, le directeur g\u00e9n\u00e9ral de la Chambre de commerce, d\u2019industrie et des services de Gen\u00e8ve souhaite voir des \u00e9tudiants burkinab\u00e8 avec des bourses et des stages dans des entreprises genevoises pour s\u2019impr\u00e9gner de l\u2019exp\u00e9rience locale et s\u2019aguerrir \u00e0 la culture suisse de l\u2019entreprise.<\/p>\n<p class=\"c1\"><strong>Aim\u00e9 Mouor KAMBIRE<\/strong><br \/><strong>(De retour de Gen\u00e8ve)<\/strong><\/p>\n<p>Auteur: DD. Sidwaya<br \/>\n<a href=\"https:\/\/www.sidwaya.info\/blog\/2019\/06\/17\/developpement-du-commerce-exterieur-le-premier-ministre-rencontre-des-personnalites-du-business-mondial\/\">Cliquez ici pour lire l&rsquo;article depuis sa source.<\/a><\/p>\n","protected":false},"excerpt":{"rendered":"<p>Le Premier ministre burkinab\u00e8, Christophe Joseph Marie Dabir\u00e9, a discut\u00e9 avec deux responsables charg\u00e9s respectivement du commerce international, d\u2019industrie et des services de Gen\u00e8ve, le jeudi 11 juin 2019. Le chef du gouvernement burkinab\u00e8, Christophe Joseph Marie Dabir\u00e9, est en qu\u00eate de partenaires commerciaux. Dans ce sens, il a accord\u00e9 deux audiences, le 11 juin [&hellip;]<\/p>\n","protected":false},"author":1816,"featured_media":0,"comment_status":"closed","ping_status":"closed","sticky":false,"template":"","format":"standard","meta":{"fifu_image_url":"","fifu_image_alt":"","footnotes":""},"categories":[73,81],"tags":[],"class_list":["post-41209","post","type-post","status-publish","format-standard","hentry","category-actualite","category-burkina-faso"],"_links":{"self":[{"href":"https:\/\/linitiative.ca\/International\/wp-json\/wp\/v2\/posts\/41209","targetHints":{"allow":["GET"]}}],"collection":[{"href":"https:\/\/linitiative.ca\/International\/wp-json\/wp\/v2\/posts"}],"about":[{"href":"https:\/\/linitiative.ca\/International\/wp-json\/wp\/v2\/types\/post"}],"author":[{"embeddable":true,"href":"https:\/\/linitiative.ca\/International\/wp-json\/wp\/v2\/users\/1816"}],"replies":[{"embeddable":true,"href":"https:\/\/linitiative.ca\/International\/wp-json\/wp\/v2\/comments?post=41209"}],"version-history":[{"count":0,"href":"https:\/\/linitiative.ca\/International\/wp-json\/wp\/v2\/posts\/41209\/revisions"}],"wp:attachment":[{"href":"https:\/\/linitiative.ca\/International\/wp-json\/wp\/v2\/media?parent=41209"}],"wp:term":[{"taxonomy":"category","embeddable":true,"href":"https:\/\/linitiative.ca\/International\/wp-json\/wp\/v2\/categories?post=41209"},{"taxonomy":"post_tag","embeddable":true,"href":"https:\/\/linitiative.ca\/International\/wp-json\/wp\/v2\/tags?post=41209"}],"curies":[{"name":"wp","href":"https:\/\/api.w.org\/{rel}","templated":true}]}}