{"id":41210,"date":"2019-06-17T16:58:09","date_gmt":"2019-06-17T20:58:09","guid":{"rendered":"https:\/\/linitiative.ca\/International\/politique-nationale-de-securite-100-jours-de-gestation-de-101-cerveaux\/"},"modified":"2019-06-17T16:58:09","modified_gmt":"2019-06-17T20:58:09","slug":"politique-nationale-de-securite-100-jours-de-gestation-de-101-cerveaux","status":"publish","type":"post","link":"https:\/\/linitiative.ca\/International\/politique-nationale-de-securite-100-jours-de-gestation-de-101-cerveaux\/","title":{"rendered":"Politique nationale de s\u00e9curit\u00e9 : 100 jours de gestation  de 101 cerveaux"},"content":{"rendered":"<div class=\"td-post-featured-image\"><a href=\"https:\/\/i1.wp.com\/www.sidwaya.info\/wp-content\/uploads\/2019\/06\/1-29.jpg?fit=728%2C486&#038;ssl=1\" data-caption=\"\"><img loading=\"lazy\" decoding=\"async\" width=\"696\" height=\"465\" class=\"entry-thumb td-modal-image\" src=\"https:\/\/i1.wp.com\/www.sidwaya.info\/wp-content\/uploads\/2019\/06\/1-29.jpg?resize=696%2C465&#038;ssl=1\" srcset=\"https:\/\/i1.wp.com\/www.sidwaya.info\/wp-content\/uploads\/2019\/06\/1-29.jpg?w=728&#038;ssl=1 728w, https:\/\/i1.wp.com\/www.sidwaya.info\/wp-content\/uploads\/2019\/06\/1-29.jpg?resize=300%2C200&#038;ssl=1 300w, https:\/\/i1.wp.com\/www.sidwaya.info\/wp-content\/uploads\/2019\/06\/1-29.jpg?resize=696%2C465&#038;ssl=1 696w, https:\/\/i1.wp.com\/www.sidwaya.info\/wp-content\/uploads\/2019\/06\/1-29.jpg?resize=629%2C420&#038;ssl=1 629w\" sizes=\"auto, (max-width: 696px) 100vw, 696px\" alt=\"\" title=\"1\"\/><\/a><\/div>\n<p><strong>Les membres de la Commission d\u2019\u00e9laboration de la Politique nationale de d\u00e9fense et de s\u00e9curit\u00e9 (CE-PONADS) ont \u00e9t\u00e9 install\u00e9s, le lundi 17 juin 2019, \u00e0 Ouagadougou, sous le patronage du Pr\u00e9sident du Faso, Roch Marc Christian Kabor\u00e9.<\/strong><\/p>\n<p>Face \u00e0 la persistance des attaques terroristes, le Pr\u00e9sident du Faso, Roch Marc Christian Kabor\u00e9, avait instruit les structures en charge de la question d\u2019\u00e9laborer une politique nationale de s\u00e9curit\u00e9 susceptible de mettre les populations \u00e0 l\u2019abri du danger. Cette politique est en passe d\u2019\u00eatre r\u00e9alis\u00e9e. En effet, la structure charg\u00e9e de la concevoir, la Commission d\u2019\u00e9laboration de la Politique nationale de d\u00e9fense et de s\u00e9curit\u00e9 (CE-PONADS) a \u00e9t\u00e9 officiellement install\u00e9e, hier lundi 17 juin 2019 \u00e0 Ouagadougou, par le chef de l\u2019Etat. Cette \u00e9quipe pluridisciplinaire de 101 membres dispose de 100 jours pour proposer une politique de s\u00e9curit\u00e9 nationale et un projet de loi sur la r\u00e9organisation de l\u2019architecture g\u00e9n\u00e9rale de la s\u00e9curit\u00e9 nationale.<br \/>Pour le pr\u00e9sident de la CE-PONADS, le ministre de la S\u00e9curit\u00e9, Ouss\u00e9ni Compaor\u00e9, l\u2019\u00e9quipe sera charg\u00e9e de questionner tous les secteurs de la vie de la nation tels que l\u2019\u00e9conomie, la sant\u00e9, l\u2019environnement.<\/p>\n<p>Il a justifi\u00e9 cette d\u00e9marche, par le fait qu\u2019en plus des risques d\u2019agression ext\u00e9rieure, le danger peut venir des risques environnementaux, informatiques, \u00e9nerg\u00e9tiques, \u00e9conomiques ou bio-s\u00e9curitaires. \u00abPour avoir quelque chose de durable dont la mise en \u0153uvre va \u00eatre efficiente, il fallait que la r\u00e9flexion soit men\u00e9e sur le plan national\u00bb, a expliqu\u00e9 le coordonnateur de la CE-PONADS, le colonel-major Th\u00e9odore Pal\u00e9. Pour cela, a-t-il poursuivi, un comit\u00e9 scientifique compos\u00e9 de six experts en s\u00e9curit\u00e9 et de six chercheurs, a travaill\u00e9 pendant deux mois pour pr\u00e9parer la m\u00e9thodologie \u00e0 suivre. \u00abLe comit\u00e9 a pr\u00e9vu une recherche scientifique bas\u00e9e sur une revue documentaire tr\u00e8s critique et une planification des consultations pour prendre les pr\u00e9occupations des populations\u00bb a-t-il pr\u00e9cis\u00e9. Le pr\u00e9sident du Faso fonde l\u2019espoir que les strat\u00e9gies nationales et sectorielles qui d\u00e9couleront de cette commission, apporteront plus de clart\u00e9 aux missions des Forces de d\u00e9fense et de s\u00e9curit\u00e9 (FDS). \u00abL\u2019objectif est de doter notre pays d\u2019un appareil de s\u00e9curit\u00e9 fiable, r\u00e9publicain, redevable et en ad\u00e9quation avec nos ressources. Cet appareil sera respectueux des droits humains et enracin\u00e9 dans l\u2019\u00e9tat de droit\u00bb a-t-il souhait\u00e9. Et pour prendre en compte cette donne, un atelier d\u2019appropriation de leur mission a \u00e9t\u00e9 pr\u00e9vu \u00e0 la suite de l\u2019installation officielle des membres de la commission.<\/p>\n<p class=\"c1\"><strong>Abdoulaye BALBONE<\/strong><\/p>\n<p>Auteur: DD. Sidwaya<br \/>\n<a href=\"https:\/\/www.sidwaya.info\/blog\/2019\/06\/17\/politique-nationale-de-securite-100-jours-de-gestation-de-101-cerveaux\/\">Cliquez ici pour lire l&rsquo;article depuis sa source.<\/a><\/p>\n","protected":false},"excerpt":{"rendered":"<p>Les membres de la Commission d\u2019\u00e9laboration de la Politique nationale de d\u00e9fense et de s\u00e9curit\u00e9 (CE-PONADS) ont \u00e9t\u00e9 install\u00e9s, le lundi 17 juin 2019, \u00e0 Ouagadougou, sous le patronage du Pr\u00e9sident du Faso, Roch Marc Christian Kabor\u00e9. Face \u00e0 la persistance des attaques terroristes, le Pr\u00e9sident du Faso, Roch Marc Christian Kabor\u00e9, avait instruit les [&hellip;]<\/p>\n","protected":false},"author":1816,"featured_media":0,"comment_status":"closed","ping_status":"closed","sticky":false,"template":"","format":"standard","meta":{"fifu_image_url":"","fifu_image_alt":"","footnotes":""},"categories":[73,81],"tags":[],"class_list":["post-41210","post","type-post","status-publish","format-standard","hentry","category-actualite","category-burkina-faso"],"_links":{"self":[{"href":"https:\/\/linitiative.ca\/International\/wp-json\/wp\/v2\/posts\/41210","targetHints":{"allow":["GET"]}}],"collection":[{"href":"https:\/\/linitiative.ca\/International\/wp-json\/wp\/v2\/posts"}],"about":[{"href":"https:\/\/linitiative.ca\/International\/wp-json\/wp\/v2\/types\/post"}],"author":[{"embeddable":true,"href":"https:\/\/linitiative.ca\/International\/wp-json\/wp\/v2\/users\/1816"}],"replies":[{"embeddable":true,"href":"https:\/\/linitiative.ca\/International\/wp-json\/wp\/v2\/comments?post=41210"}],"version-history":[{"count":0,"href":"https:\/\/linitiative.ca\/International\/wp-json\/wp\/v2\/posts\/41210\/revisions"}],"wp:attachment":[{"href":"https:\/\/linitiative.ca\/International\/wp-json\/wp\/v2\/media?parent=41210"}],"wp:term":[{"taxonomy":"category","embeddable":true,"href":"https:\/\/linitiative.ca\/International\/wp-json\/wp\/v2\/categories?post=41210"},{"taxonomy":"post_tag","embeddable":true,"href":"https:\/\/linitiative.ca\/International\/wp-json\/wp\/v2\/tags?post=41210"}],"curies":[{"name":"wp","href":"https:\/\/api.w.org\/{rel}","templated":true}]}}