{"id":41213,"date":"2019-06-17T17:10:57","date_gmt":"2019-06-17T21:10:57","guid":{"rendered":"https:\/\/linitiative.ca\/International\/proces-du-putsch-la-prison-a-vie-requise-contre-diendere-et-bassole\/"},"modified":"2019-06-17T17:10:57","modified_gmt":"2019-06-17T21:10:57","slug":"proces-du-putsch-la-prison-a-vie-requise-contre-diendere-et-bassole","status":"publish","type":"post","link":"https:\/\/linitiative.ca\/International\/proces-du-putsch-la-prison-a-vie-requise-contre-diendere-et-bassole\/","title":{"rendered":"Proc\u00e8s du putsch : la prison \u00e0 vie requise contre Diend\u00e9r\u00e9 et Bassol\u00e9"},"content":{"rendered":"<div class=\"td-post-featured-image\"><a href=\"https:\/\/i2.wp.com\/www.sidwaya.info\/wp-content\/uploads\/2019\/06\/1-31.jpg?fit=787%2C444&#038;ssl=1\" data-caption=\"\"><img loading=\"lazy\" decoding=\"async\" width=\"696\" height=\"393\" class=\"entry-thumb td-modal-image\" src=\"https:\/\/i2.wp.com\/www.sidwaya.info\/wp-content\/uploads\/2019\/06\/1-31.jpg?resize=696%2C393&#038;ssl=1\" srcset=\"https:\/\/i2.wp.com\/www.sidwaya.info\/wp-content\/uploads\/2019\/06\/1-31.jpg?w=787&#038;ssl=1 787w, https:\/\/i2.wp.com\/www.sidwaya.info\/wp-content\/uploads\/2019\/06\/1-31.jpg?resize=300%2C169&#038;ssl=1 300w, https:\/\/i2.wp.com\/www.sidwaya.info\/wp-content\/uploads\/2019\/06\/1-31.jpg?resize=768%2C433&#038;ssl=1 768w, https:\/\/i2.wp.com\/www.sidwaya.info\/wp-content\/uploads\/2019\/06\/1-31.jpg?resize=696%2C393&#038;ssl=1 696w, https:\/\/i2.wp.com\/www.sidwaya.info\/wp-content\/uploads\/2019\/06\/1-31.jpg?resize=744%2C420&#038;ssl=1 744w\" sizes=\"auto, (max-width: 696px) 100vw, 696px\" alt=\"\" title=\"1\"\/><\/a><\/div>\n<p><strong>Le parquet a livr\u00e9, le lundi 17 juin 2019, au tribunal militaire de Ouagadougou, ses r\u00e9quisitions, dans le cadre du proc\u00e8s du putsch manqu\u00e9. Il a estim\u00e9 que les faits reproch\u00e9s \u00e0 la plupart des pr\u00e9venus sont \u00e9tablis et a demand\u00e9 des peines allant de 15 mois avec sursis \u00e0 la prison \u00e0 vie contre eux.<\/strong><\/p>\n<p>De quinze mois de prison avec sursis \u00e0 l\u2019emprisonnement \u00e0 vie. C\u2019est dans cette fourchette, que se situent les peines requises par le parquet contre les 84 accus\u00e9s dans le proc\u00e8s du putsch manqu\u00e9 de 2015. C\u2019\u00e9tait hier lundi 17 juin 2019, \u00e0 l\u2019audience du tribunal militaire de Ouagadougou. Les g\u00e9n\u00e9raux de brigade, Gilbert Diend\u00e9r\u00e9, pr\u00e9sum\u00e9 auteur principal, et Djibrill Bassol\u00e9, un suppos\u00e9 acteur majeur du coup d\u2019Etat, devraient, selon les r\u00e9quisitions, rester derri\u00e8re les barreaux tout le reste de leur vie et \u00eatre destitu\u00e9s de leur grade de g\u00e9n\u00e9ral. Apr\u00e8s eux, ce sont les membres du commando qui ont mis un coup d\u2019arr\u00eat au Conseil des ministres du 16 septembre 2015 et s\u00e9questr\u00e9 les autorit\u00e9s de la Transition qui devraient \u00e9coper de 25 ans de prison ferme. Ils ont pour nom, entre autres, Eloi Badiel, Moussa N\u00e9bi\u00e9 dit Rambo, Roger Koussoub\u00e9, Ali Sanou, Laoko Mohamed Zerbo, Ollo Stanislas Poda, Abdoul Nafion et Amidou Drabo. Quinze ans d\u2019incarc\u00e9ration ont \u00e9t\u00e9 demand\u00e9s contre Adama Diallo, Amadou Ly, Ou\u00e9kouri Koss\u00e9, Jean Florent Nion, Sami Da pour ne citer que ceux-l\u00e0. Le minist\u00e8re public voudrait aussi que le tribunal militaire condamne le magistrat-colonel Abdoul Karim Traor\u00e9, l\u2019ancien b\u00e2tonnier Mamadou Traor\u00e9, le journaliste Adama Ou\u00e9draogo dit Damiss, Mahamadi Zall\u00e9, Sabou\u00e9 Massa, Fatoumata Th\u00e9r\u00e8se Diawara et autres, \u00e0 dix ann\u00e9es de r\u00e9clusion. Sept ans dans les liens de la d\u00e9tention ont \u00e9t\u00e9 par contre requis contre le sergent Salif Kouldiati, Issa Ou\u00e9draogo, notamment. Le capitaine Abdoulaye Dao, Jacques Limon, Abdoul Karim Bagagna dit Lota, Fa\u00ef\u00e7al Nan\u00e9ma, Minita Guelwar\u00e9, \u2026 devraient \u00eatre \u00e9galement d\u00e9tenus pendant cinq ans et payer une amende d\u2019un million F CFA. Le parquet souhaite que le Malien, Sidi Lamine Mohamed, \u00e9cope de la peine de deux ans de prison ferme et d\u2019une amende d\u2019un million F CFA.<\/p>\n<p><strong>15 mois avec sursis contre certains accus\u00e9s<\/strong><\/p>\n<p>Par contre, cinq ans de prison assortis de sursis ont \u00e9t\u00e9 requis contre les hommes politiques L\u00e9once Kon\u00e9, Salifou Sawadogo, Hermann Yam\u00e9ogo et le colonel-major Boureima Ki\u00e9r\u00e9. De m\u00eame, le commandant Abdoul Aziz Korogo, Ouss\u00e8ne Zoumbri, le lieutenant Abdoul Kadri Dianda, Korgo Aliou, Daouda Kon\u00e9, Phillipe Ouattara, Boureima Zagr\u00e9, Koumbia Moutuan, Michel Birba, Ardjouma Kamabou, etc., pourraient s\u2019en sortir avec 15 mois de prison avec sursis, si le tribunal suit les r\u00e9quisitions du parquet. Toutefois, suivant l\u2019arr\u00eat de mise en accusation qui n\u2019a retenu aucune charge contre L\u00e9once Sow, Paul Sawadogo et Lassina Ou\u00e9draogo, la partie poursuivante n\u2019a aussi rien requis contre eux. Avant ses r\u00e9quisitions, le parquet a tent\u00e9 de rassurer les accus\u00e9s qu\u2019il n\u2019en veut \u00e0 personne et n\u2019est pas manipul\u00e9. \u00abCe proc\u00e8s n\u2019est ni celui du R\u00e9giment de s\u00e9curit\u00e9 pr\u00e9sidentielle (RSP) ni celui d\u2019une classe politique. Il appartient au tribunal de dire le droit\u00bb, a soulign\u00e9 un des parquetiers. Et de r\u00e9sumer le temps pass\u00e9 devant le tribunal en trois mots : m\u00e9rite, r\u00e9v\u00e9lation et attente.<\/p>\n<p>A entendre celui-ci, le m\u00e9rite de ce proc\u00e8s est qu\u2019il a eu lieu et qu\u2019on a pu juger le g\u00e9n\u00e9ral Gilbert Diend\u00e9r\u00e9, contrairement \u00e0 ce que pensaient certaines indiscr\u00e9tions. De plus, a-t-il poursuivi, le proc\u00e8s a r\u00e9v\u00e9l\u00e9 que le RSP a choisi volontairement de casser la cha\u00eene de commandement, \u00e0 travers Diend\u00e9r\u00e9 qui avait deux leviers de protection, \u00e0 savoir, le pouvoir de Blaise Compaor\u00e9 et ledit corps. Enfin, le magistrat militaire a souhait\u00e9 que cette vision de l\u2019arm\u00e9e politique soit d\u00e9sormais bannie, au sortir de ce proc\u00e8s. Apr\u00e8s le rappel des faits, le minist\u00e8re public a essay\u00e9 de leur imprimer des qualifications juridiques. Sur l\u2019acte d\u2019attentat \u00e0 la s\u00fbret\u00e9 de l\u2019Etat, il a \u00e9t\u00e9 formel que cette infraction est caract\u00e9ris\u00e9e \u00e0 l\u2019encontre des accus\u00e9s Gilbert Diend\u00e9r\u00e9, Jean Florent Nion, Adama Diallo, Sami Dah, Boureima Zour\u00e9, Moussa N\u00e9bi\u00e9 dit Rambo, Pascal Moukoro, Wekouri Koss\u00e8, Laoko Mohamed Zerbo, Roger Koussoub\u00e9, Eloi Badiel et M\u00e9dani Lompo. Les pr\u00e9venus, aux dires du parquet, savaient que leur acte visait \u00e0 renverser le r\u00e9gime l\u00e9gal de la Transition. Et Diend\u00e9r\u00e9, \u00e0 son avis, est l\u2019initiateur du coup d\u2019Etat m\u00eame s\u2019il l\u2019a ni\u00e9 \u00e0 la barre. Sur l\u2019infraction de complicit\u00e9 d\u2019attentat \u00e0 la s\u00fbret\u00e9 de l\u2019Etat, une quarantaine d\u2019accus\u00e9s dont Djibrill Bassol\u00e9, Abdoulaye Dao, Boureima Ki\u00e9r\u00e9, Ouss\u00e8ne Zoumbri, Hermann Yam\u00e9ogo, L\u00e9once Kon\u00e9, Adama Ou\u00e9draogo dit Damiss, Minata Guelwar\u00e9, Salifou Sawadogo et R\u00e9n\u00e9 Emile Kabor\u00e9 ont \u00e9t\u00e9 retenus. Ces accus\u00e9s, selon la partie poursuivante, ont assist\u00e9 les putschistes en ex\u00e9cutant des ordres ill\u00e9gaux.<\/p>\n<p><strong>Le parquet d\u00e9charge Omer Bationo<\/strong><\/p>\n<p>Par contre, le parquet n\u2019a relev\u00e9 aucune charge contre le colonel Omer Bationo. Il en est de m\u00eame de Gaston Seydou Ou\u00e9draogo contre qui il a not\u00e9 une \u00abinsuffisance\u00bb d\u2019\u00e9l\u00e9ments \u00e0 charge. L\u2019infraction d\u2019incitation \u00e0 la commission d\u2019attentat \u00e0 la s\u00fbret\u00e9 de l\u2019Etat est constitu\u00e9e \u00e0 l\u2019encontre du seul accus\u00e9 Sidi Lamine Oumar, pour avoir exhort\u00e9 Diend\u00e9r\u00e9 \u00e0 ne pas renoncer \u00e0 son projet. Par rapport au fait de meurtre et de coups et blessures volontaires, l\u2019infraction est caract\u00e9ris\u00e9e pour l\u2019ensemble des accus\u00e9s dans cette cat\u00e9gorie, \u00e0 l\u2019exception du colonel Omer Bationo. A \u00e9couter le minist\u00e8re public, cette infraction est constitu\u00e9e parce qu\u2019il y a eu l\u2019acte mat\u00e9riel de violence, notamment l\u2019usage des cordelettes et d\u2019armes \u00e0 feu, l\u2019existence de victimes, en l\u2019occurrence les morts et les bless\u00e9s, et l\u2019intention coupable, les putschistes \u00e9tant conscients de leurs actes. Sur les infractions de d\u00e9gradation et de complicit\u00e9 de d\u00e9gradation volontaire aggrav\u00e9e de biens, seul l\u2019accus\u00e9 Sami Dah est d\u00e9charg\u00e9 par le parquet. A entendre celui-ci, les complices sont tous aussi responsables que les auteurs des infractions et punis, conform\u00e9ment \u00e0 la loi.<\/p>\n<p>Sur l\u2019infraction de recel, la partie poursuivante a soutenu qu\u2019elle est constitu\u00e9e \u00e0 l\u2019encontre de Fa\u00ef\u00e7al Nan\u00e9ma, le seul accus\u00e9 de cette cat\u00e9gorie, pour avoir achet\u00e9 \u00e0 vil prix et gard\u00e9 par devers lui des objets vol\u00e9s au domicile de feu Salifou Diallo. Le minist\u00e8re public a par ailleurs soutenu que les g\u00e9n\u00e9raux Diend\u00e9r\u00e9 et Bassol\u00e9, pour avoir port\u00e9 les armes contre l\u2019Etat et \u00e9t\u00e9 en intelligence avec une puissance \u00e9trang\u00e8re contre le Burkina Faso, sont responsables de trahison. Il a retenu l\u2019infraction de complicit\u00e9 de trahison contre Fatoumata Th\u00e9r\u00e8se Diawara qui aurait aid\u00e9 les deux officiers, tent\u00e9 de recruter 1000 combattants en soutien \u00e0 l\u2019ex-RSP avec le colonel ivoirien Zakaria Kon\u00e9 et servi de courroie de transmission de fonds entre les deux militaires et les \u00e9l\u00e9ments dudit corps. La complicit\u00e9 de violence et voies de fait sur un agent public, notamment l\u2019ex-pr\u00e9sident de l\u2019Autorit\u00e9 de r\u00e9gulation des communications \u00e9lectroniques et des postes (ARCEP), Maturin Bako, est mise \u00e0 la charge du colonel Mamadou Deka.<br \/>Les conseils de la d\u00e9fense ont huit jours pour pr\u00e9parer leurs plaidoiries. Le proc\u00e8s reprendra le jeudi 27 juin 2019.<\/p>\n<p class=\"c1\"><strong>Mady KABRE &#038;<\/strong><br \/><strong>Jean Philibert SOME<\/strong><\/p>\n<p>Auteur: DD. Sidwaya<br \/>\n<a href=\"https:\/\/www.sidwaya.info\/blog\/2019\/06\/17\/proces-du-putsch-la-prison-a-vie-requise-contre-diendere-et-bassole\/\">Cliquez ici pour lire l&rsquo;article depuis sa source.<\/a><\/p>\n","protected":false},"excerpt":{"rendered":"<p>Le parquet a livr\u00e9, le lundi 17 juin 2019, au tribunal militaire de Ouagadougou, ses r\u00e9quisitions, dans le cadre du proc\u00e8s du putsch manqu\u00e9. Il a estim\u00e9 que les faits reproch\u00e9s \u00e0 la plupart des pr\u00e9venus sont \u00e9tablis et a demand\u00e9 des peines allant de 15 mois avec sursis \u00e0 la prison \u00e0 vie contre [&hellip;]<\/p>\n","protected":false},"author":1816,"featured_media":0,"comment_status":"closed","ping_status":"closed","sticky":false,"template":"","format":"standard","meta":{"fifu_image_url":"","fifu_image_alt":"","footnotes":""},"categories":[73,81],"tags":[],"class_list":["post-41213","post","type-post","status-publish","format-standard","hentry","category-actualite","category-burkina-faso"],"_links":{"self":[{"href":"https:\/\/linitiative.ca\/International\/wp-json\/wp\/v2\/posts\/41213","targetHints":{"allow":["GET"]}}],"collection":[{"href":"https:\/\/linitiative.ca\/International\/wp-json\/wp\/v2\/posts"}],"about":[{"href":"https:\/\/linitiative.ca\/International\/wp-json\/wp\/v2\/types\/post"}],"author":[{"embeddable":true,"href":"https:\/\/linitiative.ca\/International\/wp-json\/wp\/v2\/users\/1816"}],"replies":[{"embeddable":true,"href":"https:\/\/linitiative.ca\/International\/wp-json\/wp\/v2\/comments?post=41213"}],"version-history":[{"count":0,"href":"https:\/\/linitiative.ca\/International\/wp-json\/wp\/v2\/posts\/41213\/revisions"}],"wp:attachment":[{"href":"https:\/\/linitiative.ca\/International\/wp-json\/wp\/v2\/media?parent=41213"}],"wp:term":[{"taxonomy":"category","embeddable":true,"href":"https:\/\/linitiative.ca\/International\/wp-json\/wp\/v2\/categories?post=41213"},{"taxonomy":"post_tag","embeddable":true,"href":"https:\/\/linitiative.ca\/International\/wp-json\/wp\/v2\/tags?post=41213"}],"curies":[{"name":"wp","href":"https:\/\/api.w.org\/{rel}","templated":true}]}}