{"id":41217,"date":"2019-06-17T13:50:05","date_gmt":"2019-06-17T17:50:05","guid":{"rendered":"https:\/\/linitiative.ca\/International\/du-cable-a-sothebys-les-grandes-etapes-de-lempire-drahi\/"},"modified":"2019-06-17T13:50:05","modified_gmt":"2019-06-17T17:50:05","slug":"du-cable-a-sothebys-les-grandes-etapes-de-lempire-drahi","status":"publish","type":"post","link":"https:\/\/linitiative.ca\/International\/du-cable-a-sothebys-les-grandes-etapes-de-lempire-drahi\/","title":{"rendered":"Du c\u00e2ble \u00e0 Sotheby\u2019s: les grandes \u00e9tapes de l\u2019empire Drahi"},"content":{"rendered":"<div readability=\"32\">\n<p>Publi\u00e9 le 17.06.2019 \u00e0 18h50 par AFP<\/p>\n<\/div>\n<div readability=\"137\">\n<p>La c\u00e9l\u00e8bre maison de vente aux ench\u00e8res Sotheby\u2019s est la derni\u00e8re acquisition de l\u2019homme d\u2019affaires Patrick Drahi qui, depuis 25 ans, a b\u00e2ti un empire dans le domaine des t\u00e9l\u00e9coms et des m\u00e9dias.<\/p>\n<p>La conqu\u00eate du c\u00e2ble dans l\u2019Hexagone<\/p>\n<p>En 1994, Patrick Drahi fonde le c\u00e2blo-op\u00e9rateur Sud Cablevision, puis cinq ans plus tard M\u00e9diar\u00e9seaux, qu\u2019il revend au g\u00e9ant du c\u00e2ble am\u00e9ricain UPC. Apr\u00e8s l\u2019\u00e9clatement de la bulle internet, il cr\u00e9e le groupe Altice qui va progressivement proc\u00e9der au rachat de quasi tous les c\u00e2blo-op\u00e9rateurs fran\u00e7ais (Noos, Numericable, France T\u00e9l\u00e9com C\u00e2ble). Numericable devient la marque unique de l\u2019ensemble en 2007.<\/p>\n<p>L\u2019essor dans les t\u00e9l\u00e9coms<\/p>\n<p>En novembre 2007, Altice finalise la prise de contr\u00f4le de l\u2019op\u00e9rateur Completel, qui devient la branche d\u00e9di\u00e9e aux entreprises de Numericable. Ce dernier se lance en tant qu\u2019op\u00e9rateur mobile en 2011. En juin 2013, le rachat d\u2019Outremer T\u00e9l\u00e9com est officialis\u00e9, suivi un an plus tard par celui du premier op\u00e9rateur sans r\u00e9seau propre en France, Virgin Mobile. Portugal Telecom est par la suite aval\u00e9 en d\u00e9cembre 2014 pour 7,4 milliards d\u2019euros.<\/p>\n<p>La lutte pour SFR<\/p>\n<p>En avril 2014, Patrick Drahi remporte une bataille tr\u00e8s m\u00e9diatis\u00e9e face \u00e0 Martin Bouygues (Bouygues et Bouygues Telecom) en s\u2019emparant de SFR. Altice d\u00e9bourse 13,5 milliards d\u2019euros pour acqu\u00e9rir 80% du deuxi\u00e8me op\u00e9rateur de t\u00e9l\u00e9coms fran\u00e7ais et s\u2019assure le reste du capital d\u00e8s f\u00e9vrier 2015 en versant environ 3,9 milliards d\u2019euros. Le groupe a tent\u00e9 ensuite en juin de racheter Bouygues Telecom, mais son offre de 10 milliards d\u2019euros a \u00e9t\u00e9 refus\u00e9e.<\/p>\n<p>Un empire de presse<\/p>\n<p>Patrick Drahi a d\u2019abord r\u00e9uni dans son portefeuille de petites cha\u00eenes th\u00e9matiques comme Vivolta, Shorts TV, Kombat Sport et le groupe MCS.<\/p>\n<p>Associ\u00e9 \u00e0 Marc Laufer, il passe \u00e0 la vitesse sup\u00e9rieure en mettant la main en f\u00e9vrier 2015 sur les titres fran\u00e7ais du groupe belge Roularta, parmi lesquels les magazines L\u2019Express, L\u2019Expansion et l\u2019Etudiant.<\/p>\n<p>Conjointement avec Alain Weill, il rach\u00e8te en juillet 2015 pour 595 millions d\u2019euros NextRadioTV, qui regroupe la radio RMC et la cha\u00eene d\u2019info en continu BFMTV ainsi que les cha\u00eenes RMC D\u00e9couverte et BFM Business.<\/p>\n<p>L\u2019homme d\u2019affaires d\u00e9tient \u00e9galement, \u00e0 travers Altice, le quotidien fran\u00e7ais Lib\u00e9ration, un rachat effectu\u00e9 en deux temps en 2014 puis 2015.<\/p>\n<p>De nationalit\u00e9 franco-isra\u00e9lienne, Patrick Drahi poss\u00e8de aussi la cha\u00eene isra\u00e9lienne d\u2019information en continu i24news, lanc\u00e9e en juillet 2013 et le groupe isra\u00e9lien Hot (t\u00e9l\u00e9vision et t\u00e9l\u00e9phonie mobile).<\/p>\n<p>L\u2019aventure am\u00e9ricaine<\/p>\n<p>Un temps int\u00e9ress\u00e9 par Time Warner Cable, Altice prend pied aux Etats-Unis en mai 2015 en achetant 70% du capital de Suddenlink Communication, num\u00e9ro 7 du secteur du c\u00e2ble. Montant de l\u2019op\u00e9ration: 6,7 milliards de dollars (6 milliards d\u2019euros).<\/p>\n<p>En septembre 2015, Altice annonce le rachat de Cablevision Systems pour 17,7 milliards de dollars. Le nouvel ensemble atteint le quatri\u00e8me rang des plus gros c\u00e2blo-op\u00e9rateurs sur le march\u00e9 am\u00e9ricain.<\/p>\n<p>En juin 2017, Altice USA, filiale am\u00e9ricaine de l\u2019empire Drahi, fait son entr\u00e9e \u00e0 la Bourse de New York.<\/p>\n<p>Incertitudes et ench\u00e8res<\/p>\n<p>A l\u2019automne 2017, le cours en Bourse d\u2019Altice chute face \u00e0 l\u2019inqui\u00e9tude des investisseurs sur la dette du groupe. Patrick Drahi se s\u00e9pare de son directeur g\u00e9n\u00e9ral Michel Combes, reprend en main directement le groupe et promet de limiter l\u2019endettement.<\/p>\n<p>Premi\u00e8re cons\u00e9quence de cette r\u00e9organisation: la s\u00e9paration du groupe entre activit\u00e9s am\u00e9ricaines et europ\u00e9ennes \u00e0 partir du 2018 pour gagner en \u00ab\u00a0clart\u00e9\u00a0\u00bb et \u00ab\u00a0simplicit\u00e9\u00a0\u00bb.<\/p>\n<p>Le 17 juin 2019, le groupe annonce un accord pour racheter la c\u00e9l\u00e8bre maison de vente aux ench\u00e8res Sotheby\u2019s, valoris\u00e9e \u00e0 3,7 milliards de dollars.<\/p>\n<\/div>\n<p>Auteur: AFP<br \/>\n<a href=\"https:\/\/www.journalducameroun.com\/du-cable-a-sothebys-les-grandes-etapes-de-lempire-drahi\/\">Cliquez ici pour lire l&rsquo;article depuis sa source.<\/a><\/p>\n","protected":false},"excerpt":{"rendered":"<p>Publi\u00e9 le 17.06.2019 \u00e0 18h50 par AFP La c\u00e9l\u00e8bre maison de vente aux ench\u00e8res Sotheby\u2019s est la derni\u00e8re acquisition de l\u2019homme d\u2019affaires Patrick Drahi qui, depuis 25 ans, a b\u00e2ti un empire dans le domaine des t\u00e9l\u00e9coms et des m\u00e9dias. La conqu\u00eate du c\u00e2ble dans l\u2019Hexagone En 1994, Patrick Drahi fonde le c\u00e2blo-op\u00e9rateur Sud Cablevision, [&hellip;]<\/p>\n","protected":false},"author":1965,"featured_media":0,"comment_status":"closed","ping_status":"closed","sticky":false,"template":"","format":"standard","meta":{"fifu_image_url":"","fifu_image_alt":"","footnotes":""},"categories":[73,82],"tags":[],"class_list":["post-41217","post","type-post","status-publish","format-standard","hentry","category-actualite","category-cameroun"],"_links":{"self":[{"href":"https:\/\/linitiative.ca\/International\/wp-json\/wp\/v2\/posts\/41217","targetHints":{"allow":["GET"]}}],"collection":[{"href":"https:\/\/linitiative.ca\/International\/wp-json\/wp\/v2\/posts"}],"about":[{"href":"https:\/\/linitiative.ca\/International\/wp-json\/wp\/v2\/types\/post"}],"author":[{"embeddable":true,"href":"https:\/\/linitiative.ca\/International\/wp-json\/wp\/v2\/users\/1965"}],"replies":[{"embeddable":true,"href":"https:\/\/linitiative.ca\/International\/wp-json\/wp\/v2\/comments?post=41217"}],"version-history":[{"count":0,"href":"https:\/\/linitiative.ca\/International\/wp-json\/wp\/v2\/posts\/41217\/revisions"}],"wp:attachment":[{"href":"https:\/\/linitiative.ca\/International\/wp-json\/wp\/v2\/media?parent=41217"}],"wp:term":[{"taxonomy":"category","embeddable":true,"href":"https:\/\/linitiative.ca\/International\/wp-json\/wp\/v2\/categories?post=41217"},{"taxonomy":"post_tag","embeddable":true,"href":"https:\/\/linitiative.ca\/International\/wp-json\/wp\/v2\/tags?post=41217"}],"curies":[{"name":"wp","href":"https:\/\/api.w.org\/{rel}","templated":true}]}}