{"id":41219,"date":"2019-06-17T14:18:03","date_gmt":"2019-06-17T18:18:03","guid":{"rendered":"https:\/\/linitiative.ca\/International\/ouverture-a-abidjan-dune-conference-internationale-sur-leconomie-appliquee\/"},"modified":"2019-06-17T14:18:03","modified_gmt":"2019-06-17T18:18:03","slug":"ouverture-a-abidjan-dune-conference-internationale-sur-leconomie-appliquee","status":"publish","type":"post","link":"https:\/\/linitiative.ca\/International\/ouverture-a-abidjan-dune-conference-internationale-sur-leconomie-appliquee\/","title":{"rendered":"Ouverture \u00e0 Abidjan d\u2019une conf\u00e9rence internationale sur l\u2019\u00e9conomie appliqu\u00e9e"},"content":{"rendered":"<div readability=\"32\">\n<p>Publi\u00e9 le 17.06.2019 \u00e0 19h18 par APA News<\/p>\n<\/div>\n<div readability=\"87\">\n<p>La deuxi\u00e8me conf\u00e9rence internationale de statistique et d\u2019\u00e9conomie appliqu\u00e9e (CISEA 2019), une tribune d\u2019\u00e9changes entre scientifiques des pays du Sud et du Nord organis\u00e9e par l\u2019Ecole nationale sup\u00e9rieure de statistique et d\u2019\u00e9conomie appliqu\u00e9e (ENSEA), s\u2019est ouverte lundi \u00e0 Abidjan autour du th\u00e8me: \u00ab Statistique et \u00e9conomie num\u00e9rique \u00bb, a constat\u00e9 APA.Cette rencontre qui permettra de discuter de l\u2019interaction de la statistique et de l\u2019\u00e9conomie digitale comme moteur de la croissance du continent africain, sera meubl\u00e9e par des panels de discussion, des conf\u00e9rences et des pr\u00e9sentations de travaux.<\/p>\n<p>\u00ab Le num\u00e9rique est une opportunit\u00e9 unique pour l\u2019Afrique de r\u00e9duire son retard \u00bb, a estim\u00e9 dans une allocution, Nahoua Y\u00e9o, le directeur de cabinet du ministre ivoirien du plan et du d\u00e9veloppement.<\/p>\n<p>R\u00e9it\u00e9rant l\u2019engagement du gouvernement ivoirien \u00e0 accompagner le d\u00e9veloppement de l\u2019\u00e9conomie num\u00e9rique dans le pays, le repr\u00e9sentant de la ministre Nial\u00e9 Kaba a encourag\u00e9 l\u2019ENSEA, au-del\u00e0 de la formation, \u00e0 \u00ab animer aussi la recherche scientifique \u00bb.<\/p>\n<p>Avant lui, Dr Hugues Kouadio, le directeur g\u00e9n\u00e9ral de l\u2019ENSEA, a expliqu\u00e9 que l\u2019objectif de la conf\u00e9rence est de r\u00e9fl\u00e9chir sur des probl\u00e9matiques pouvant contribuer au d\u00e9veloppement des pays africains.<\/p>\n<p>\u00ab Il s\u2019agit de tirer parti de l\u2019\u00e9volution de l\u2019\u00e9conomie num\u00e9rique pour adresser les questions de gouvernance et de faire des recommandations afin d\u2019accompagner les d\u00e9cideurs dans l\u2019\u00e9laboration des politiques publiques \u00bb, a dit Dr Kouadio estimant \u00e0 son tour que l\u2019\u00e9conomie num\u00e9rique est \u00ab une chance \u00bb pour nos pays africains.<\/p>\n<p>Pour sa part, Dr Albert Zeufack, l\u2019\u00e9conomiste en chef de la Banque mondiale pour la r\u00e9gion Afrique, a plaid\u00e9 pour plus d\u2019investissements des pays africains dans la statistique.<\/p>\n<p>\u00ab Il est important d\u2019investir dans la statistique et en faire une priorit\u00e9 pour nos pays. Nous pensons que l\u2019\u00e9conomie num\u00e9rique est une opportunit\u00e9 pour am\u00e9liorer nos statistiques \u00bb, a indiqu\u00e9 Dr Zeufack insistant sur la n\u00e9cessit\u00e9 pour les pays africains de b\u00e2tir de v\u00e9ritables institutions de statistique pour g\u00e9n\u00e9rer des \u00ab donn\u00e9es transparentes et cr\u00e9dibles \u00bb.<\/p>\n<p>Il a conclu en annon\u00e7ant l\u2019engagement de son institution \u00e0 soutenir le projet de l\u2019Union africaine sur la r\u00e9volution num\u00e9rique. L\u2019\u00e9dition 2019 de la Conf\u00e9rence internationale de statistique et d\u2019\u00e9conomie appliqu\u00e9e (CISEA) mettra l\u2019accent sur le r\u00f4le des statistiques et de l\u2019\u00e9conomie dans le d\u00e9veloppement de l\u2019\u00e9conomie num\u00e9rique sur le continent.<\/p>\n<p>Quatre th\u00e9matiques dont \u00ab Economie num\u00e9rique au service du d\u00e9veloppement\u00bb et \u00ab M\u00e9thodologies statistiques et applications\u00bb meubleront cette conf\u00e9rence qui s\u2019ach\u00e8vera mercredi.<\/p>\n<\/div>\n<p>Auteur: APA News<br \/>\n<a href=\"https:\/\/www.journalducameroun.com\/ouverture-a-abidjan-dune-conference-internationale-sur-leconomie-appliquee\/\">Cliquez ici pour lire l&rsquo;article depuis sa source.<\/a><\/p>\n","protected":false},"excerpt":{"rendered":"<p>Publi\u00e9 le 17.06.2019 \u00e0 19h18 par APA News La deuxi\u00e8me conf\u00e9rence internationale de statistique et d\u2019\u00e9conomie appliqu\u00e9e (CISEA 2019), une tribune d\u2019\u00e9changes entre scientifiques des pays du Sud et du Nord organis\u00e9e par l\u2019Ecole nationale sup\u00e9rieure de statistique et d\u2019\u00e9conomie appliqu\u00e9e (ENSEA), s\u2019est ouverte lundi \u00e0 Abidjan autour du th\u00e8me: \u00ab Statistique et \u00e9conomie num\u00e9rique [&hellip;]<\/p>\n","protected":false},"author":1965,"featured_media":0,"comment_status":"closed","ping_status":"closed","sticky":false,"template":"","format":"standard","meta":{"fifu_image_url":"","fifu_image_alt":"","footnotes":""},"categories":[73,82],"tags":[],"class_list":["post-41219","post","type-post","status-publish","format-standard","hentry","category-actualite","category-cameroun"],"_links":{"self":[{"href":"https:\/\/linitiative.ca\/International\/wp-json\/wp\/v2\/posts\/41219","targetHints":{"allow":["GET"]}}],"collection":[{"href":"https:\/\/linitiative.ca\/International\/wp-json\/wp\/v2\/posts"}],"about":[{"href":"https:\/\/linitiative.ca\/International\/wp-json\/wp\/v2\/types\/post"}],"author":[{"embeddable":true,"href":"https:\/\/linitiative.ca\/International\/wp-json\/wp\/v2\/users\/1965"}],"replies":[{"embeddable":true,"href":"https:\/\/linitiative.ca\/International\/wp-json\/wp\/v2\/comments?post=41219"}],"version-history":[{"count":0,"href":"https:\/\/linitiative.ca\/International\/wp-json\/wp\/v2\/posts\/41219\/revisions"}],"wp:attachment":[{"href":"https:\/\/linitiative.ca\/International\/wp-json\/wp\/v2\/media?parent=41219"}],"wp:term":[{"taxonomy":"category","embeddable":true,"href":"https:\/\/linitiative.ca\/International\/wp-json\/wp\/v2\/categories?post=41219"},{"taxonomy":"post_tag","embeddable":true,"href":"https:\/\/linitiative.ca\/International\/wp-json\/wp\/v2\/tags?post=41219"}],"curies":[{"name":"wp","href":"https:\/\/api.w.org\/{rel}","templated":true}]}}