{"id":41221,"date":"2019-06-17T14:50:02","date_gmt":"2019-06-17T18:50:02","guid":{"rendered":"https:\/\/linitiative.ca\/International\/burkina-proces-du-putsch-prison-a-vie-requise-pour-diendere-et-bassole\/"},"modified":"2019-06-17T14:50:02","modified_gmt":"2019-06-17T18:50:02","slug":"burkina-proces-du-putsch-prison-a-vie-requise-pour-diendere-et-bassole","status":"publish","type":"post","link":"https:\/\/linitiative.ca\/International\/burkina-proces-du-putsch-prison-a-vie-requise-pour-diendere-et-bassole\/","title":{"rendered":"Burkina\/proc\u00e8s du putsch: prison \u00e0 vie requise pour Diend\u00e9r\u00e9 et Bassol\u00e9"},"content":{"rendered":"<div readability=\"32\">\n<p>Publi\u00e9 le 17.06.2019 \u00e0 19h50 par AFP<\/p>\n<\/div>\n<div readability=\"87\">\n<p>Le procureur du tribunal militaire de Ouagadougou a requis lundi la prison \u00e0 vie pour les deux principaux accus\u00e9s du proc\u00e8s du putsch manqu\u00e9 de 2015 au Burkina Faso, les g\u00e9n\u00e9raux Gilbert Diend\u00e9r\u00e9 et Djibrill Bassol\u00e9.<\/p>\n<p>Le procureur a retenu contre eux les charges de \u00ab\u00a0trahison\u00a0\u00bb et de \u00ab\u00a0meurtres\u00a0\u00bb, ainsi que celle d&rsquo;\u00a0\u00bbattentat \u00e0 la s\u00fbret\u00e9 de l\u2019Etat\u00a0\u00bb pour le premier et de \u00ab\u00a0complicit\u00e9\u00a0\u00bb pour le second.<\/p>\n<p>Le 16 septembre 2015, des soldats du R\u00e9giment de s\u00e9curit\u00e9 pr\u00e9sidentielle (RSP) avaient tent\u00e9 en vain de renverser le gouvernement de transition mis en place apr\u00e8s la chute du pr\u00e9sident Blaise Compaor\u00e9.<\/p>\n<p>Celui-ci avait \u00e9t\u00e9 chass\u00e9 le 31 octobre 2014 par une insurrection populaire, apr\u00e8s 27 ans au pouvoir. Le coup d\u2019Etat manqu\u00e9 avait fait 14 morts et 270 bless\u00e9s.<\/p>\n<p>Au total, 84 accus\u00e9s sont jug\u00e9s dans ce proc\u00e8s d\u00e9but\u00e9 en f\u00e9vrier 2018.<\/p>\n<p>\u00ab\u00a0Diend\u00e9r\u00e9 est l\u2019instigateur principal du coup d\u2019Etat\u00a0\u00bb, a d\u00e9clar\u00e9 le procureur. \u00ab\u00a0Apr\u00e8s l\u2019arrestation des autorit\u00e9s de la transition, il a \u00e9t\u00e9 la premi\u00e8re personne contact\u00e9e par les \u00e9l\u00e9ments qui ont ex\u00e9cut\u00e9 le coup\u00a0\u00bb.<\/p>\n<p>\u00ab\u00a0Un document portant cr\u00e9ation du CND (Conseil national pour la d\u00e9mocratie) a \u00e9t\u00e9 retrouv\u00e9 sur son ordinateur portable expertis\u00e9, sa date est ant\u00e9rieure \u00e0 la prise d\u2019otages des autorit\u00e9s. Il \u00e9tait bien au courant des actions en cours\u00a0\u00bb, a argument\u00e9 le procureur.<\/p>\n<p>Lors du putsch, le g\u00e9n\u00e9ral Diend\u00e9r\u00e9 avait pris la t\u00eate du Conseil national pour la d\u00e9mocratie, organe dirigeant des putschistes, avant de rendre le pouvoir face \u00e0 la pression populaire et de l\u2019arm\u00e9e loyaliste.<\/p>\n<p>\u00ab\u00a0Les faits d\u2019attentat \u00e0 la s\u00fbret\u00e9 de l\u2019Etat sont constitu\u00e9s \u00e0 l\u2019encontre de Diend\u00e9r\u00e9 et de onze autres personnes, dont les membres du commando qui avaient fait irruption dans la salle du conseil des ministres\u00a0\u00bb pour kidnapper les dirigeants de l\u2019Autorit\u00e9 de transition, a estim\u00e9 le procureur.<\/p>\n<p>L\u2019infraction de complicit\u00e9 (d\u2019attentat \u00e0 la s\u00fbret\u00e9 de l\u2019Etat) a \u00e9t\u00e9 retenue par le procureur contre Djibrill Bassol\u00e9, ancien chef de la diplomatie de Blaise Compaor\u00e9, et une soixantaine d\u2019autres personnes pour avoir \u00ab\u00a0aid\u00e9 \u00e0 pr\u00e9parer ou faire consommer le coup d\u2019Etat\u00a0\u00bb.<\/p>\n<p>Les charges de \u00ab\u00a0meurtres et coups et blessures\u00a0\u00bb ont \u00e9galement \u00e9t\u00e9 retenues contre les deux g\u00e9n\u00e9raux et une soixantaine de personnes.<\/p>\n<\/div>\n<p>Auteur: AFP<br \/>\n<a href=\"https:\/\/www.journalducameroun.com\/burkina-proces-du-putsch-prison-a-vie-requise-pour-diendere-et-bassole\/\">Cliquez ici pour lire l&rsquo;article depuis sa source.<\/a><\/p>\n","protected":false},"excerpt":{"rendered":"<p>Publi\u00e9 le 17.06.2019 \u00e0 19h50 par AFP Le procureur du tribunal militaire de Ouagadougou a requis lundi la prison \u00e0 vie pour les deux principaux accus\u00e9s du proc\u00e8s du putsch manqu\u00e9 de 2015 au Burkina Faso, les g\u00e9n\u00e9raux Gilbert Diend\u00e9r\u00e9 et Djibrill Bassol\u00e9. Le procureur a retenu contre eux les charges de \u00ab\u00a0trahison\u00a0\u00bb et de [&hellip;]<\/p>\n","protected":false},"author":1965,"featured_media":0,"comment_status":"closed","ping_status":"closed","sticky":false,"template":"","format":"standard","meta":{"fifu_image_url":"","fifu_image_alt":"","footnotes":""},"categories":[73,82],"tags":[],"class_list":["post-41221","post","type-post","status-publish","format-standard","hentry","category-actualite","category-cameroun"],"_links":{"self":[{"href":"https:\/\/linitiative.ca\/International\/wp-json\/wp\/v2\/posts\/41221","targetHints":{"allow":["GET"]}}],"collection":[{"href":"https:\/\/linitiative.ca\/International\/wp-json\/wp\/v2\/posts"}],"about":[{"href":"https:\/\/linitiative.ca\/International\/wp-json\/wp\/v2\/types\/post"}],"author":[{"embeddable":true,"href":"https:\/\/linitiative.ca\/International\/wp-json\/wp\/v2\/users\/1965"}],"replies":[{"embeddable":true,"href":"https:\/\/linitiative.ca\/International\/wp-json\/wp\/v2\/comments?post=41221"}],"version-history":[{"count":0,"href":"https:\/\/linitiative.ca\/International\/wp-json\/wp\/v2\/posts\/41221\/revisions"}],"wp:attachment":[{"href":"https:\/\/linitiative.ca\/International\/wp-json\/wp\/v2\/media?parent=41221"}],"wp:term":[{"taxonomy":"category","embeddable":true,"href":"https:\/\/linitiative.ca\/International\/wp-json\/wp\/v2\/categories?post=41221"},{"taxonomy":"post_tag","embeddable":true,"href":"https:\/\/linitiative.ca\/International\/wp-json\/wp\/v2\/tags?post=41221"}],"curies":[{"name":"wp","href":"https:\/\/api.w.org\/{rel}","templated":true}]}}