{"id":41224,"date":"2019-06-17T15:18:05","date_gmt":"2019-06-17T19:18:05","guid":{"rendered":"https:\/\/linitiative.ca\/International\/le-cout-de-linternet-en-afrique-de-louest-est-tres-eleve-bm\/"},"modified":"2019-06-17T15:18:05","modified_gmt":"2019-06-17T19:18:05","slug":"le-cout-de-linternet-en-afrique-de-louest-est-tres-eleve-bm","status":"publish","type":"post","link":"https:\/\/linitiative.ca\/International\/le-cout-de-linternet-en-afrique-de-louest-est-tres-eleve-bm\/","title":{"rendered":"\u00ab Le co\u00fbt de l\u2019Internet en Afrique de l\u2019Ouest est tr\u00e8s \u00e9lev\u00e9 \u00bb (Bm)"},"content":{"rendered":"<div readability=\"32\">\n<p>Publi\u00e9 le 17.06.2019 \u00e0 20h18 par APA News<\/p>\n<\/div>\n<div readability=\"78\">\n<p>L\u2019\u00e9conomiste en chef de la Banque mondiale pour la r\u00e9gion Afrique, Dr Albert Zeufack a regrett\u00e9, lundi \u00e0 Abidjan, le co\u00fbt tr\u00e8s \u00e9lev\u00e9 de l\u2019Internet en Afrique de l\u2019ouest.Responsable de quarante-huit pays africains \u00e0 la Banque mondiale, Dr Zeufack a fait cette d\u00e9claration lors d\u2019un panel inaugural de la deuxi\u00e8me conf\u00e9rence internationale de statistique et d\u2019\u00e9conomie appliqu\u00e9e qu\u2019il a anim\u00e9 autour du th\u00e8me : \u00ab La transparence des donn\u00e9es dans l\u2019\u00e8re num\u00e9rique\u00bb.<\/p>\n<p>\u00ab A la Banque mondiale, nous pensons que l\u2019\u00e9conomie digitale est l\u2019une des fa\u00e7ons par lesquelles l\u2019Afrique peut se d\u00e9velopper\u2026Mais, le co\u00fbt de l\u2019Internet en Afrique de l\u2019ouest est tr\u00e8s \u00e9lev\u00e9 \u00bb, a regrett\u00e9 M. Zeufack, soulignant que la connexion haut d\u00e9bit, est \u00ab la cl\u00e9 \u00bb du d\u00e9veloppement.<\/p>\n<p>De son avis, l\u2019\u00e9conomie digitale est \u00ab la plus grande opportunit\u00e9 \u00bb que l\u2019Afrique doit saisir.<\/p>\n<p>Poursuivant, il a soutenu que \u00ab le num\u00e9rique n\u2019est pas un luxe pour l\u2019Afrique \u00bb indiquant que c\u2019est un outil qui est \u00ab d\u00e9j\u00e0 en train d\u2019am\u00e9liorer la croissance de certains pays africains \u00bb.<\/p>\n<p>En outre, il a fait remarquer dans un autre registre que \u00ab l\u2019endettement grandit dans nos pays africains \u00bb. Selon lui, \u00ab la dette sera un probl\u00e8me s\u00e9rieux pour les pays qui empruntent pour consommer \u00bb.<\/p>\n<p>Dans la foul\u00e9e, Dr Zeufack a encourag\u00e9 les pays africains \u00e0 tirer profit de la d\u00e9mographie sur le continent. A cet effet, il a rappel\u00e9 que l\u2019Afrique a la croissance d\u00e9mographique la plus rapide au monde.<\/p>\n<p>\u00ab L\u2019Afrique atteindra 2 milliards de personnes d\u2019ici cinq ans (\u2026) 43% des 2 milliards d\u2019Africains jusqu\u2019en 2050 auront moins de 15 ans. Et le continent devra alors cr\u00e9er un million d\u2019emplois par mois \u00bb, a soulign\u00e9 Dr Zeufack.<\/p>\n<p>La deuxi\u00e8me \u00e9dition de la Conf\u00e9rence internationale de statistique et d\u2019\u00e9conomie appliqu\u00e9e (CISEA) s\u2019est ouverte lundi \u00e0 Abidjan autour du th\u00e8me: \u00ab Statistique et \u00e9conomie num\u00e9rique \u00bb.<\/p>\n<\/div>\n<p>Auteur: APA News<br \/>\n<a href=\"https:\/\/www.journalducameroun.com\/le-cout-de-linternet-en-afrique-de-louest-est-tres-eleve-bm\/\">Cliquez ici pour lire l&rsquo;article depuis sa source.<\/a><\/p>\n","protected":false},"excerpt":{"rendered":"<p>Publi\u00e9 le 17.06.2019 \u00e0 20h18 par APA News L\u2019\u00e9conomiste en chef de la Banque mondiale pour la r\u00e9gion Afrique, Dr Albert Zeufack a regrett\u00e9, lundi \u00e0 Abidjan, le co\u00fbt tr\u00e8s \u00e9lev\u00e9 de l\u2019Internet en Afrique de l\u2019ouest.Responsable de quarante-huit pays africains \u00e0 la Banque mondiale, Dr Zeufack a fait cette d\u00e9claration lors d\u2019un panel inaugural [&hellip;]<\/p>\n","protected":false},"author":1965,"featured_media":0,"comment_status":"closed","ping_status":"closed","sticky":false,"template":"","format":"standard","meta":{"fifu_image_url":"","fifu_image_alt":"","footnotes":""},"categories":[73,82],"tags":[],"class_list":["post-41224","post","type-post","status-publish","format-standard","hentry","category-actualite","category-cameroun"],"_links":{"self":[{"href":"https:\/\/linitiative.ca\/International\/wp-json\/wp\/v2\/posts\/41224","targetHints":{"allow":["GET"]}}],"collection":[{"href":"https:\/\/linitiative.ca\/International\/wp-json\/wp\/v2\/posts"}],"about":[{"href":"https:\/\/linitiative.ca\/International\/wp-json\/wp\/v2\/types\/post"}],"author":[{"embeddable":true,"href":"https:\/\/linitiative.ca\/International\/wp-json\/wp\/v2\/users\/1965"}],"replies":[{"embeddable":true,"href":"https:\/\/linitiative.ca\/International\/wp-json\/wp\/v2\/comments?post=41224"}],"version-history":[{"count":0,"href":"https:\/\/linitiative.ca\/International\/wp-json\/wp\/v2\/posts\/41224\/revisions"}],"wp:attachment":[{"href":"https:\/\/linitiative.ca\/International\/wp-json\/wp\/v2\/media?parent=41224"}],"wp:term":[{"taxonomy":"category","embeddable":true,"href":"https:\/\/linitiative.ca\/International\/wp-json\/wp\/v2\/categories?post=41224"},{"taxonomy":"post_tag","embeddable":true,"href":"https:\/\/linitiative.ca\/International\/wp-json\/wp\/v2\/tags?post=41224"}],"curies":[{"name":"wp","href":"https:\/\/api.w.org\/{rel}","templated":true}]}}