{"id":41225,"date":"2019-06-17T16:18:02","date_gmt":"2019-06-17T20:18:02","guid":{"rendered":"https:\/\/linitiative.ca\/International\/rd-congo-des-miliciens-mai-mai-atteints-debola-internes-a-beni\/"},"modified":"2019-06-17T16:18:02","modified_gmt":"2019-06-17T20:18:02","slug":"rd-congo-des-miliciens-mai-mai-atteints-debola-internes-a-beni","status":"publish","type":"post","link":"https:\/\/linitiative.ca\/International\/rd-congo-des-miliciens-mai-mai-atteints-debola-internes-a-beni\/","title":{"rendered":"RD Congo : des miliciens \u00ab Mai-Mai \u00bb atteints d\u2019Ebola intern\u00e9s \u00e0 Beni"},"content":{"rendered":"<div readability=\"32\">\n<p>Publi\u00e9 le 17.06.2019 \u00e0 21h18 par APA News<\/p>\n<\/div>\n<div readability=\"56\">\n<p>Douze miliciens \u00ab Mai-Mai \u00bb sont intern\u00e9s depuis deux jours dans le Centre de traitement de la maladie \u00e0 virus Ebola (CTE) de Beni (Est du pays), a annonc\u00e9 lundi au cours d\u2019une causerie avec ses collaborateurs imm\u00e9diats, le maire adjoint de cette ville martyre, Modeste Bwanakawa.L\u2019\u00e9pid\u00e9mie d\u2019Ebola se serait d\u00e9clar\u00e9e dans les maquis tenus par les miliciens \u00ab Mai Mai \u00bb dans les p\u00e9riph\u00e9ries de la ville de Beni, a-t-il indiqu\u00e9, informant que quatorze miliciens se sont pr\u00e9sent\u00e9s au CTE\/Beni, mais seulement douze y sont rest\u00e9s tandis que les deux autres ont disparu dans la ville et sont actuellement recherch\u00e9s.<\/p>\n<p>Ce sont les chefs miliciens eux-m\u00eames qui ont pris l\u2019initiative d\u2019alerter les \u00e9quipes de riposte par le biais des autorit\u00e9s urbaines de Beni, a indiqu\u00e9 le maire adjoint ajoutant que ces chefs miliciens se disent pr\u00eats \u00e0 contribuer \u00e0 l\u2019\u00e9radication de cette maladie.<\/p>\n<p>L\u2019on soup\u00e7onne que les \u00ab Mai Mai \u00bb touch\u00e9s \u00a0par Ebola figurent parmi \u00a0ceux qui auraient particip\u00e9 \u00a0aux \u00a0attaques contre les CTE de Katwa et l\u2019h\u00f4pital de Butembo o\u00f9 ils auraient emport\u00e9 des matelas et plusieurs autres effets utilis\u00e9s par les malades intern\u00e9s.<\/p>\n<p>Les probl\u00e8mes d\u2019ordre s\u00e9curitaire handicapent s\u00e9rieusement les actions de la riposte contre Ebola, dont la 10\u00e8me \u00e9ruption d\u00e9clar\u00e9e officiellement \u00e0 l\u2019Est de la RD Congo (Ituri et Nord-Kivu) depuis le 1er ao\u00fbt 2018 a touch\u00e9 \u00e0 ce jour 2.148 et fait 1.440 d\u00e9c\u00e8s avec 588 personnes gu\u00e9ries.<\/p>\n<\/div>\n<p>Auteur: APA News<br \/>\n<a href=\"https:\/\/www.journalducameroun.com\/rd-congo-des-miliciens-mai-mai-atteints-debola-internes-a-beni\/\">Cliquez ici pour lire l&rsquo;article depuis sa source.<\/a><\/p>\n","protected":false},"excerpt":{"rendered":"<p>Publi\u00e9 le 17.06.2019 \u00e0 21h18 par APA News Douze miliciens \u00ab Mai-Mai \u00bb sont intern\u00e9s depuis deux jours dans le Centre de traitement de la maladie \u00e0 virus Ebola (CTE) de Beni (Est du pays), a annonc\u00e9 lundi au cours d\u2019une causerie avec ses collaborateurs imm\u00e9diats, le maire adjoint de cette ville martyre, Modeste Bwanakawa.L\u2019\u00e9pid\u00e9mie [&hellip;]<\/p>\n","protected":false},"author":1965,"featured_media":0,"comment_status":"closed","ping_status":"closed","sticky":false,"template":"","format":"standard","meta":{"fifu_image_url":"","fifu_image_alt":"","footnotes":""},"categories":[73,82],"tags":[],"class_list":["post-41225","post","type-post","status-publish","format-standard","hentry","category-actualite","category-cameroun"],"_links":{"self":[{"href":"https:\/\/linitiative.ca\/International\/wp-json\/wp\/v2\/posts\/41225","targetHints":{"allow":["GET"]}}],"collection":[{"href":"https:\/\/linitiative.ca\/International\/wp-json\/wp\/v2\/posts"}],"about":[{"href":"https:\/\/linitiative.ca\/International\/wp-json\/wp\/v2\/types\/post"}],"author":[{"embeddable":true,"href":"https:\/\/linitiative.ca\/International\/wp-json\/wp\/v2\/users\/1965"}],"replies":[{"embeddable":true,"href":"https:\/\/linitiative.ca\/International\/wp-json\/wp\/v2\/comments?post=41225"}],"version-history":[{"count":0,"href":"https:\/\/linitiative.ca\/International\/wp-json\/wp\/v2\/posts\/41225\/revisions"}],"wp:attachment":[{"href":"https:\/\/linitiative.ca\/International\/wp-json\/wp\/v2\/media?parent=41225"}],"wp:term":[{"taxonomy":"category","embeddable":true,"href":"https:\/\/linitiative.ca\/International\/wp-json\/wp\/v2\/categories?post=41225"},{"taxonomy":"post_tag","embeddable":true,"href":"https:\/\/linitiative.ca\/International\/wp-json\/wp\/v2\/tags?post=41225"}],"curies":[{"name":"wp","href":"https:\/\/api.w.org\/{rel}","templated":true}]}}