{"id":41226,"date":"2019-06-17T17:50:01","date_gmt":"2019-06-17T21:50:01","guid":{"rendered":"https:\/\/linitiative.ca\/International\/a-washington-litalien-salvini-affiche-sa-proximite-avec-les-etats-unis-de-trump\/"},"modified":"2019-06-17T17:50:01","modified_gmt":"2019-06-17T21:50:01","slug":"a-washington-litalien-salvini-affiche-sa-proximite-avec-les-etats-unis-de-trump","status":"publish","type":"post","link":"https:\/\/linitiative.ca\/International\/a-washington-litalien-salvini-affiche-sa-proximite-avec-les-etats-unis-de-trump\/","title":{"rendered":"A Washington, l\u2019Italien Salvini affiche sa proximit\u00e9 avec les Etats-Unis de Trump"},"content":{"rendered":"<div readability=\"32\">\n<p>Publi\u00e9 le 17.06.2019 \u00e0 22h50 par AFP<\/p>\n<\/div>\n<div readability=\"150\">\n<p>Matteo Salvini, le ministre de l\u2019Int\u00e9rieur d\u2019extr\u00eame droite qui s\u2019impose toujours plus comme l\u2019homme fort du gouvernement populiste en Italie, a affich\u00e9 lundi \u00e0 Washington sa \u00ab\u00a0proximit\u00e9\u00a0\u00bb avec l\u2019administration de Donald Trump.<\/p>\n<p>Pas de rencontre avec le pr\u00e9sident des Etats-Unis mais le vice-Premier ministre italien a \u00e9t\u00e9 re\u00e7u par le secr\u00e9taire d\u2019Etat Mike Pompeo puis, \u00e0 la Maison Blanche, par le vice-pr\u00e9sident Mike Pence.<\/p>\n<p>Le premier a salu\u00e9 la \u00ab\u00a0valeur\u00a0\u00bb des relations italo-am\u00e9ricaines tandis que le second a insist\u00e9 sur les \u00ab\u00a0priorit\u00e9s partag\u00e9es\u00a0\u00bb par les deux pays.<\/p>\n<p>Matteo Salvini, dont la Ligue vient de remporter les \u00e9lections europ\u00e9ennes et de renforcer sa position au sein du fragile gouvernement de coalition avec les antisyst\u00e8me du Mouvement Cinq Etoiles, n\u2019a que peu \u00e9voqu\u00e9 sa propre action dans la lutte contre l\u2019immigration clandestine.<\/p>\n<p>Il a en revanche tent\u00e9 de se forger une stature internationale en soulignant sa \u00ab\u00a0vision partag\u00e9e\u00a0\u00bb avec le gouvernement du milliardaire r\u00e9publicain \u00ab\u00a0sur l\u2019Iran, le Venezuela, la Libye, la situation au Moyen-Orient, le droit \u00e0 l\u2019existence d\u2019Isra\u00ebl et sur les inqui\u00e9tudes quant \u00e0 l\u2019arrogance chinoise \u00e0 l\u2019\u00e9gard de l\u2019Europe et du continent africain\u00a0\u00bb.<\/p>\n<p>Comme Donald Trump, il a plaid\u00e9 pour un dialogue avec la Russie de Vladimir Poutine afin de \u00ab\u00a0rapprocher Moscou du syst\u00e8me de valeurs occidentales plut\u00f4t que de la laisser dans les bras de P\u00e9kin\u00a0\u00bb.<\/p>\n<p>Comme lui, il a d\u00e9nonc\u00e9 la gabegie imput\u00e9e aux Nations unies.<\/p>\n<p>Et comme le pr\u00e9sident am\u00e9ricain, il a d\u00e9fendu pour son pays une baisse des imp\u00f4ts massive malgr\u00e9 les r\u00e9ticences de Bruxelles li\u00e9es au d\u00e9ficit et \u00e0 la dette publics de Rome, allant jusqu\u2019\u00e0 plaider pour la mise en oeuvre d\u2019un \u00ab\u00a0budget trumpien\u00a0\u00bb dans la P\u00e9ninsule.<\/p>\n<p>\u2013 Invitation \u00e0 Pompeo \u2013<\/p>\n<p>Quitte \u00e0 donner, sur le sol am\u00e9ricain, des coups de griffe \u00e0 son propre gouvernement.<\/p>\n<p>Il a ainsi une nouvelle fois pris ses distances avec la signature d\u2019un accord sur le projet chinois des \u00ab\u00a0Nouvelles routes de la soie\u00a0\u00bb, que l\u2019Italie a \u00e9t\u00e9 le premier pays du G7 \u00e0 rejoindre, au grand dam des Etats-Unis qui y voient l\u2019outil des vell\u00e9it\u00e9s h\u00e9g\u00e9moniques de la Chine.<\/p>\n<p>Tout comme il a d\u00e9plor\u00e9 que son ex\u00e9cutif n\u2019ait pas encore formellement reconnu l\u2019opposant v\u00e9n\u00e9zu\u00e9lien Juan Guaido comme pr\u00e9sident par int\u00e9rim, \u00e0 l\u2019instar de Washington et d\u2019autres pays europ\u00e9ens. \u00ab\u00a0Si \u00e7a n\u2019en tenait qu\u2019\u00e0 moi, on l\u2019aurait d\u00e9j\u00e0 reconnu\u00a0\u00bb, a-t-il gliss\u00e9 lors d\u2019une conf\u00e9rence de presse.<\/p>\n<p>Quant \u00e0 l\u2019Union europ\u00e9enne, que Donald Trump ne manque jamais d\u2019\u00e9gratigner, Matteo Salvini en a critiqu\u00e9 les \u00ab\u00a0fragilit\u00e9s\u00a0\u00bb.<\/p>\n<p>\u00ab\u00a0Je crois pouvoir dire que l\u2019Italie est le pays le plus fiable, coh\u00e9rent et cr\u00e9dible comme interlocuteur pour les Etats-Unis en Europe vu que d\u2019autres, \u00e0 Berlin et \u00e0 Paris, ont mis en avant d\u2019autres id\u00e9es\u00a0\u00bb, a-t-il lanc\u00e9 apr\u00e8s sa rencontre avec Mike Pence, se pr\u00e9sentant en \u00ab\u00a0alternative au superpouvoir franco-allemand\u00a0\u00bb.<\/p>\n<p>L\u2019administration Trump et le milliardaire lui-m\u00eame ne cachent pas leurs affinit\u00e9s avec le gouvernement populiste italien, qui s\u2019est fait le chantre \u00e0 Washington de \u00ab\u00a0l\u2019Italia first\u00a0\u00bb.<\/p>\n<p>\u00ab\u00a0L\u2019approche de Salvini en mati\u00e8re de politique \u00e9trang\u00e8re (\u2026) s\u2019inspire fortement de la strat\u00e9gie +America First+, l\u2019Am\u00e9rique d\u2019abord du pr\u00e9sident Trump, ce qui cr\u00e9e des fractures avec le Mouvement Cinq Etoiles et des incertitudes dans les \u00e9quilibres europ\u00e9ens\u00a0\u00bb, souligne la chercheuse italienne Giovanna De Maio, du cercle de r\u00e9flexion am\u00e9ricain Brookings Institution.<\/p>\n<p>Evoquant les liens du chef de la Ligue avec \u00ab\u00a0les cercles d\u2019extr\u00eame droite am\u00e9ricains\u00a0\u00bb, et notamment avec Steve Bannon, l\u2019ancien proche conseiller de Donald Trump, elle rappelle qu\u2019un soutien de l\u2019administration am\u00e9ricaine peut lui donner du poids en Europe dans sa tentative de s\u2019imposer en tant que \u00ab\u00a0chef de file du front souverainiste\u00a0\u00bb.<\/p>\n<p>Matteo Salvini, qui a dit avoir convaincu Mike Pompeo de se rendre \u00e0 l\u2019automne dans les Abruzzes, r\u00e9gion du centre de l\u2019Italie d\u2019o\u00f9 \u00e9taient originaires les grands-parents du chef de la diplomatie am\u00e9ricaine, a tent\u00e9 de surfer sur ces affinit\u00e9s, les \u00e9largissant \u00e0 d\u2019autres pays.<\/p>\n<p>\u00ab\u00a0Entre l\u2019Italie, les Etats-Unis, Isra\u00ebl, Br\u00e9sil, la Pologne et la Hongrie, il y a une proximit\u00e9 dans la vision du monde, des droits et des valeurs\u00a0\u00bb, a-t-il assur\u00e9, martelant que la Ligue n\u2019\u00e9tait pas \u00ab\u00a0isol\u00e9e\u00a0\u00bb.<\/p>\n<\/div>\n<p>Auteur: AFP<br \/>\n<a href=\"https:\/\/www.journalducameroun.com\/a-washington-litalien-salvini-affiche-sa-proximite-avec-les-etats-unis-de-trump\/\">Cliquez ici pour lire l&rsquo;article depuis sa source.<\/a><\/p>\n","protected":false},"excerpt":{"rendered":"<p>Publi\u00e9 le 17.06.2019 \u00e0 22h50 par AFP Matteo Salvini, le ministre de l\u2019Int\u00e9rieur d\u2019extr\u00eame droite qui s\u2019impose toujours plus comme l\u2019homme fort du gouvernement populiste en Italie, a affich\u00e9 lundi \u00e0 Washington sa \u00ab\u00a0proximit\u00e9\u00a0\u00bb avec l\u2019administration de Donald Trump. Pas de rencontre avec le pr\u00e9sident des Etats-Unis mais le vice-Premier ministre italien a \u00e9t\u00e9 re\u00e7u [&hellip;]<\/p>\n","protected":false},"author":1965,"featured_media":0,"comment_status":"closed","ping_status":"closed","sticky":false,"template":"","format":"standard","meta":{"fifu_image_url":"","fifu_image_alt":"","footnotes":""},"categories":[73,82],"tags":[],"class_list":["post-41226","post","type-post","status-publish","format-standard","hentry","category-actualite","category-cameroun"],"_links":{"self":[{"href":"https:\/\/linitiative.ca\/International\/wp-json\/wp\/v2\/posts\/41226","targetHints":{"allow":["GET"]}}],"collection":[{"href":"https:\/\/linitiative.ca\/International\/wp-json\/wp\/v2\/posts"}],"about":[{"href":"https:\/\/linitiative.ca\/International\/wp-json\/wp\/v2\/types\/post"}],"author":[{"embeddable":true,"href":"https:\/\/linitiative.ca\/International\/wp-json\/wp\/v2\/users\/1965"}],"replies":[{"embeddable":true,"href":"https:\/\/linitiative.ca\/International\/wp-json\/wp\/v2\/comments?post=41226"}],"version-history":[{"count":0,"href":"https:\/\/linitiative.ca\/International\/wp-json\/wp\/v2\/posts\/41226\/revisions"}],"wp:attachment":[{"href":"https:\/\/linitiative.ca\/International\/wp-json\/wp\/v2\/media?parent=41226"}],"wp:term":[{"taxonomy":"category","embeddable":true,"href":"https:\/\/linitiative.ca\/International\/wp-json\/wp\/v2\/categories?post=41226"},{"taxonomy":"post_tag","embeddable":true,"href":"https:\/\/linitiative.ca\/International\/wp-json\/wp\/v2\/tags?post=41226"}],"curies":[{"name":"wp","href":"https:\/\/api.w.org\/{rel}","templated":true}]}}