{"id":41229,"date":"2019-06-17T11:24:19","date_gmt":"2019-06-17T15:24:19","guid":{"rendered":"https:\/\/linitiative.ca\/International\/budget-linvestissement-public-en-chute-libre\/"},"modified":"2019-06-17T11:24:19","modified_gmt":"2019-06-17T15:24:19","slug":"budget-linvestissement-public-en-chute-libre","status":"publish","type":"post","link":"https:\/\/linitiative.ca\/International\/budget-linvestissement-public-en-chute-libre\/","title":{"rendered":"Budget : l\u2019investissement public en chute libre"},"content":{"rendered":"<p>Des informations provenant des comit\u00e9s locaux de suivi de l\u2019ex\u00e9cution physico-financi\u00e8re du budget faisaient \u00e9tat de ce que, dans plusieurs d\u00e9partements du Cameroun, aucun projet n\u2019avait encore \u00e9t\u00e9 lanc\u00e9 \u00e0 fin mars 2019. Le minist\u00e8re des Finances (Minf) conforte ces informations dans une note d\u2019information qu\u2019il vient de publier apr\u00e8s avoir mobilis\u00e9 avec succ\u00e8s <strong>150 milliards Fcfa<\/strong> sur le march\u00e9 de la Banque des Etats de l\u2019Afrique centrale (<strong>Beac<\/strong>). Dans ce document, il fait savoir que l\u2019investissement public est en chute libre. Ainsi, les d\u00e9penses d\u2019investissement sur ressources propres s\u2019\u00e9l\u00e8vent \u00e0 <strong>41,2 milliards<\/strong> \u00e0 fin mars 2019, diminuant de <strong>101,2 milliards<\/strong> (-71,1 %) en rythme annuel. \u00ab <em>Par rapport \u00e0 la pr\u00e9vision du premier trimestre 2019 fix\u00e9e \u00e0 <strong>204,4 milliards<\/strong>, ces d\u00e9penses sont en retrait de <strong>163,2 milliards<\/strong>, soit un taux d\u2019ex\u00e9cution de 20,2 %<\/em>\u2009\u00bb, note le Minfi.<\/p>\n<p>Les d\u00e9penses d\u2019investissement sur financements ext\u00e9rieurs, quant \u00e0 elles, sont de <strong>32 milliards<\/strong> \u00e0 fin mars 2019 et diminuent de <strong>151 milliards<\/strong>. \u00ab Par rapport aux 123 milliards pr\u00e9vus au premier trimestre 2019, leur taux d\u2019ex\u00e9cution est de 26 %. Les d\u00e9penses de restructuration s\u2019\u00e9l\u00e8vent \u00e0 <strong>4,8 milliards<\/strong> \u00e0 fin mars 2019 contre <strong>7 milliards<\/strong> \u00e0 la m\u00eame p\u00e9riode de l\u2019exercice 2018. Elles sont en retrait de <strong>5,2 milliards<\/strong> par rapport aux <strong>10 milliards<\/strong> d\u2019objectifs du premier trimestre, soit un taux d\u2019ex\u00e9cution de 48 % \u00bb, indique la m\u00eame source.<\/p>\n<p>Globalement, rapporte le minist\u00e8re des Finances, \u00ab <em>les d\u00e9penses d\u2019investissement s\u2019\u00e9l\u00e8vent \u00e0 <strong>78 milliards de FCFA<\/strong> \u00e0 fin mars 2019, contre <strong>332,4 milliards<\/strong> \u00e0 fin mars 2018, soit une baisse de <strong>254,4 milliards<\/strong> (-76,5 %) entre les deux p\u00e9riodes. Par rapport aux pr\u00e9visions initiales de <strong>337,4 milliards de FCFA<\/strong>, ces d\u00e9penses sont en retrait de <strong>259,3 milliards<\/strong>, soit un taux d\u2019ex\u00e9cution de 23,1 %<\/em>\u2009\u00bb. Par rapport \u00e0 la m\u00eame p\u00e9riode en 2018, marqu\u00e9e par l\u2019acc\u00e9l\u00e9ration des projets d\u2019infrastructures li\u00e9s \u00e0 la Coupe d\u2019Afrique des nations (Can) que devait accueillir initialement le Cameroun en ce mois de juin 2019,\u00a0 l\u2019investissement public a d\u00e9gringol\u00e9 de 76,5%. Avec l\u2019acc\u00e9l\u00e9ration annonc\u00e9e de la mise en \u0153uvre des projets d\u2019investissement financ\u00e9s sur ressources ext\u00e9rieures qui sont en cours sur la base d\u2019un plan de d\u00e9caissement valid\u00e9 par le Fonds mon\u00e9taire international <strong>(Fmi<\/strong>), il est \u00e0 esp\u00e9rer que la barre se redresse au deuxi\u00e8me trimestre, afin d\u2019atteindre l\u2019objectif de croissance de 4,4 % en 2019 (contre les 3,8 % en 2018), fix\u00e9 par le gouvernement.<\/p>\n<div class=\"about-author about-author-box container-wrapper\">\n<div class=\"author-avatar\">\n<p><img decoding=\"async\" src=\"http:\/\/\" alt=\"\"\/><\/p>\n<\/div>\n<p><h4>La R\u00e9daction EcoMatin<\/h4>\n<\/p>\n<\/div>\n<div class=\"awac-wrapper awac widget blog_subscription-2\">\n<h4 class=\"widget-title\">Abonnez-vous \u00e0 notre lettre d&rsquo;information<\/h4>\n<\/div>\n<p>Auteur: EcoMatin<br \/>\n<a href=\"https:\/\/ecomatin.net\/budget-linvestissement-public-en-chute-libre\/\">Cliquez ici pour lire l&rsquo;article depuis sa source.<\/a><\/p>\n","protected":false},"excerpt":{"rendered":"<p>Des informations provenant des comit\u00e9s locaux de suivi de l\u2019ex\u00e9cution physico-financi\u00e8re du budget faisaient \u00e9tat de ce que, dans plusieurs d\u00e9partements du Cameroun, aucun projet n\u2019avait encore \u00e9t\u00e9 lanc\u00e9 \u00e0 fin mars 2019. Le minist\u00e8re des Finances (Minf) conforte ces informations dans une note d\u2019information qu\u2019il vient de publier apr\u00e8s avoir mobilis\u00e9 avec succ\u00e8s 150 [&hellip;]<\/p>\n","protected":false},"author":1969,"featured_media":0,"comment_status":"closed","ping_status":"closed","sticky":false,"template":"","format":"standard","meta":{"fifu_image_url":"","fifu_image_alt":"","footnotes":""},"categories":[82,78],"tags":[],"class_list":["post-41229","post","type-post","status-publish","format-standard","hentry","category-cameroun","category-economie"],"_links":{"self":[{"href":"https:\/\/linitiative.ca\/International\/wp-json\/wp\/v2\/posts\/41229","targetHints":{"allow":["GET"]}}],"collection":[{"href":"https:\/\/linitiative.ca\/International\/wp-json\/wp\/v2\/posts"}],"about":[{"href":"https:\/\/linitiative.ca\/International\/wp-json\/wp\/v2\/types\/post"}],"author":[{"embeddable":true,"href":"https:\/\/linitiative.ca\/International\/wp-json\/wp\/v2\/users\/1969"}],"replies":[{"embeddable":true,"href":"https:\/\/linitiative.ca\/International\/wp-json\/wp\/v2\/comments?post=41229"}],"version-history":[{"count":0,"href":"https:\/\/linitiative.ca\/International\/wp-json\/wp\/v2\/posts\/41229\/revisions"}],"wp:attachment":[{"href":"https:\/\/linitiative.ca\/International\/wp-json\/wp\/v2\/media?parent=41229"}],"wp:term":[{"taxonomy":"category","embeddable":true,"href":"https:\/\/linitiative.ca\/International\/wp-json\/wp\/v2\/categories?post=41229"},{"taxonomy":"post_tag","embeddable":true,"href":"https:\/\/linitiative.ca\/International\/wp-json\/wp\/v2\/tags?post=41229"}],"curies":[{"name":"wp","href":"https:\/\/api.w.org\/{rel}","templated":true}]}}