{"id":41230,"date":"2019-06-17T12:05:14","date_gmt":"2019-06-17T16:05:14","guid":{"rendered":"https:\/\/linitiative.ca\/International\/carburants-letat-entend-debloquer-a-nouveau-203-milliards-pour-soutenir-les-prix-a-la-pompe\/"},"modified":"2019-06-17T12:05:14","modified_gmt":"2019-06-17T16:05:14","slug":"carburants-letat-entend-debloquer-a-nouveau-203-milliards-pour-soutenir-les-prix-a-la-pompe","status":"publish","type":"post","link":"https:\/\/linitiative.ca\/International\/carburants-letat-entend-debloquer-a-nouveau-203-milliards-pour-soutenir-les-prix-a-la-pompe\/","title":{"rendered":"Carburants : l\u2019Etat entend d\u00e9bloquer \u00e0 nouveau 20,3 milliards pour soutenir les prix \u00e0 la pompe"},"content":{"rendered":"<div class=\"featured-area featured-area-inner\"><img loading=\"lazy\" decoding=\"async\" width=\"696\" height=\"405\" src=\"https:\/\/i1.wp.com\/ecomatin.net\/wp-content\/uploads\/2019\/06\/ecomatin.net-carburants-letat-entend-debloquer-a-nouveau-203-pour-soutenir-les-prix-a-la-pompe-carburant.jpg?resize=696%2C405&#038;ssl=1&#038;is-pending-load=1\" class=\"attachment-jannah-image-post size-jannah-image-post wp-post-image jetpack-lazy-image\" alt=\"\" data-attachment-id=\"9067\" data-permalink=\"https:\/\/ecomatin.net\/carburants-letat-entend-debloquer-a-nouveau-203-pour-soutenir-les-prix-a-la-pompe\/carburant\/\" data-orig-file=\"https:\/\/i1.wp.com\/ecomatin.net\/wp-content\/uploads\/2019\/06\/ecomatin.net-carburants-letat-entend-debloquer-a-nouveau-203-pour-soutenir-les-prix-a-la-pompe-carburant.jpg?fit=696%2C522&#038;ssl=1\" data-orig-size=\"696,522\" data-comments-opened=\"0\" data-image-meta=\"{\"aperture\":\"0\",\"credit\":\"\",\"camera\":\"\",\"caption\":\"\",\"created_timestamp\":\"0\",\"copyright\":\"\",\"focal_length\":\"0\",\"iso\":\"0\",\"shutter_speed\":\"0\",\"title\":\"\",\"orientation\":\"0\"}\" data-image-title=\"carburant\" data-image-description=\"\" data-medium-file=\"https:\/\/i1.wp.com\/ecomatin.net\/wp-content\/uploads\/2019\/06\/ecomatin.net-carburants-letat-entend-debloquer-a-nouveau-203-pour-soutenir-les-prix-a-la-pompe-carburant.jpg?fit=300%2C225&#038;ssl=1\" data-large-file=\"https:\/\/i1.wp.com\/ecomatin.net\/wp-content\/uploads\/2019\/06\/ecomatin.net-carburants-letat-entend-debloquer-a-nouveau-203-pour-soutenir-les-prix-a-la-pompe-carburant.jpg?fit=696%2C522&#038;ssl=1\" srcset=\"data:image\/gif;base64,R0lGODlhAQABAIAAAAAAAP\/\/\/yH5BAEAAAAALAAAAAABAAEAAAIBRAA7\"\/><\/div>\n<div class=\"entry-content entry clearfix\" readability=\"66\">\n<p>Le gouvernement va d\u00e9fendre cette semaine devant le S\u00e9nat et l\u2019Assembl\u00e9e nationale r\u00e9unis depuis le 10 juin dans le cadre de la deuxi\u00e8me session pour le compte de l\u2019ann\u00e9e l\u00e9gislative en cours, le projet de loi portant ratification de l\u2019ordonnance pr\u00e9sidentielle du 29 mai dernier modifiant et compl\u00e9tant certaines dispositions de la loi de finances 2019. Ladite ordonnance fait passer le budget 2019 de l\u2019Etat du Cameroun de <strong>4 850,5 milliards \u00e0 5 212 milliards Fcfa<\/strong>. L\u2019un des grands changements induits par ce texte et qui trouve plus de justification apr\u00e8s l\u2019incendie qui a ravag\u00e9 certaines installations de la Soci\u00e9t\u00e9 nationale de raffinage <strong>(Sonara<\/strong>), le 1er juin dernier, provoquant ainsi l\u2019arr\u00eat de production de l\u2019entreprise pour une p\u00e9riode ind\u00e9termin\u00e9e, concerne les subventions aux carburants. Apr\u00e8s avoir connu une augmentation de <strong>6,2 milliards Fcfa<\/strong> dans le budget initial de l\u2019Etat pour l\u2019exercice 2019, passant ainsi de <strong>209 milliards Fcfa<\/strong> en 2018 \u00e0 <strong>215,2 milliards Fcfa<\/strong>, celles-ci devraient conna\u00eetre une nouvelle hausse de <strong>20,3 milliards Fcfa<\/strong> \u00e0 mi-parcours de l\u2019exercice budg\u00e9taire.<\/p>\n<p>C\u2019est la priorit\u00e9 des priorit\u00e9s du gouvernement, qui se trouve oblig\u00e9 de \u00ab <em>renforcer la provision des d\u00e9penses li\u00e9es au soutien du carburant \u00e0 la pompe<\/em> \u00bb, et anticiper sur d\u2019\u00e9ventuelles fluctuations des cours du p\u00e9trole sur le march\u00e9 international. Car, m\u00eame si les prix devaient s\u2019envoler sur le march\u00e9 mondial, le gouvernement est d\u00e9cid\u00e9 \u00e0 supporter les surco\u00fbts pour \u00e9viter en interne toute augmentation des prix des produits p\u00e9troliers qui pourrait \u00eatre pr\u00e9judiciable \u00e0 la paix sociale en raison des r\u00e9percussions que celle-ci pourrait avoir sur la consommation plus globalement.<\/p>\n<p>En rappel, \u00e0 la suite du sinistre \u00e0 la Sonara, le ministre de l\u2019Eau de l\u2019Energie, <strong>Gaston Eloundou Essomba<\/strong>, a promis que les importations de carburants allaient \u00eatre consolid\u00e9es et qu\u2019il n\u2019y aura pas d\u2019augmentation de prix \u00e0 la pompe. En 2018, le volume de produits p\u00e9troliers mis sur le march\u00e9 national \u00e9tait de <strong>221 286 m3<\/strong>. Les importations, elles s\u2019\u00e9levaient \u00e0 <strong>411 520 m3<\/strong> pour les marqueteurs et <strong>963 559 m3<\/strong> pour la Sonara pendant l\u2019arr\u00eat de production qu\u2019elle a observ\u00e9 entre avril et juillet 2018. Etant donn\u00e9 que l\u2019on est en milieu d\u2019exercice, c\u2019est la moiti\u00e9 des <strong>221 286 m3<\/strong> qu\u2019il va falloir importer au cours des six prochains mois.<\/p>\n<div class=\"about-author about-author-box container-wrapper\">\n<div class=\"author-avatar\">\n<p><img decoding=\"async\" src=\"http:\/\/\" alt=\"\"\/><\/p>\n<\/div>\n<p><h4>La R\u00e9daction EcoMatin<\/h4>\n<\/p>\n<\/div>\n<div class=\"awac-wrapper awac widget blog_subscription-2\">\n<h4 class=\"widget-title\">Abonnez-vous \u00e0 notre lettre d&rsquo;information<\/h4>\n<\/div>\n<\/div>\n<div class=\"toggle-post-content clearfix\"><a id=\"toggle-post-button\" class=\"button\" href=\"#\">Afficher plus <\/a><\/div>\n<p>Auteur: EcoMatin<br \/>\n<a href=\"https:\/\/ecomatin.net\/carburants-letat-entend-debloquer-a-nouveau-203-pour-soutenir-les-prix-a-la-pompe\/\">Cliquez ici pour lire l&rsquo;article depuis sa source.<\/a><\/p>\n","protected":false},"excerpt":{"rendered":"<p>Le gouvernement va d\u00e9fendre cette semaine devant le S\u00e9nat et l\u2019Assembl\u00e9e nationale r\u00e9unis depuis le 10 juin dans le cadre de la deuxi\u00e8me session pour le compte de l\u2019ann\u00e9e l\u00e9gislative en cours, le projet de loi portant ratification de l\u2019ordonnance pr\u00e9sidentielle du 29 mai dernier modifiant et compl\u00e9tant certaines dispositions de la loi de finances [&hellip;]<\/p>\n","protected":false},"author":1969,"featured_media":0,"comment_status":"closed","ping_status":"closed","sticky":false,"template":"","format":"standard","meta":{"fifu_image_url":"","fifu_image_alt":"","footnotes":""},"categories":[82,78],"tags":[],"class_list":["post-41230","post","type-post","status-publish","format-standard","hentry","category-cameroun","category-economie"],"_links":{"self":[{"href":"https:\/\/linitiative.ca\/International\/wp-json\/wp\/v2\/posts\/41230","targetHints":{"allow":["GET"]}}],"collection":[{"href":"https:\/\/linitiative.ca\/International\/wp-json\/wp\/v2\/posts"}],"about":[{"href":"https:\/\/linitiative.ca\/International\/wp-json\/wp\/v2\/types\/post"}],"author":[{"embeddable":true,"href":"https:\/\/linitiative.ca\/International\/wp-json\/wp\/v2\/users\/1969"}],"replies":[{"embeddable":true,"href":"https:\/\/linitiative.ca\/International\/wp-json\/wp\/v2\/comments?post=41230"}],"version-history":[{"count":0,"href":"https:\/\/linitiative.ca\/International\/wp-json\/wp\/v2\/posts\/41230\/revisions"}],"wp:attachment":[{"href":"https:\/\/linitiative.ca\/International\/wp-json\/wp\/v2\/media?parent=41230"}],"wp:term":[{"taxonomy":"category","embeddable":true,"href":"https:\/\/linitiative.ca\/International\/wp-json\/wp\/v2\/categories?post=41230"},{"taxonomy":"post_tag","embeddable":true,"href":"https:\/\/linitiative.ca\/International\/wp-json\/wp\/v2\/tags?post=41230"}],"curies":[{"name":"wp","href":"https:\/\/api.w.org\/{rel}","templated":true}]}}