{"id":41231,"date":"2019-06-17T12:47:12","date_gmt":"2019-06-17T16:47:12","guid":{"rendered":"https:\/\/linitiative.ca\/International\/le-nouveau-concessionnaire-du-terminal-a-conteneurs-du-port-de-douala-sera-choisi-demain\/"},"modified":"2019-06-17T12:47:12","modified_gmt":"2019-06-17T16:47:12","slug":"le-nouveau-concessionnaire-du-terminal-a-conteneurs-du-port-de-douala-sera-choisi-demain","status":"publish","type":"post","link":"https:\/\/linitiative.ca\/International\/le-nouveau-concessionnaire-du-terminal-a-conteneurs-du-port-de-douala-sera-choisi-demain\/","title":{"rendered":"Le nouveau concessionnaire du terminal \u00e0 conteneurs du port de Douala sera choisi demain"},"content":{"rendered":"<p>Le d\u00e9pouillement de la liste des entreprises pr\u00e9-qualifi\u00e9es en vue de la concession du terminal \u00e0 conteneurs du port de Douala est pr\u00e9vu ce mardi 18 juin 2019 dans la capitale \u00e9conomique. A l\u2019issue de celui-ci, on en saura davantage sur l\u2019entreprise qui viendra remplacer le consortium <strong>Bollor\u00e9-APM Terminal<\/strong> qui op\u00e8re depuis 2005. Mais le groupe fran\u00e7ais en intentant un proc\u00e8s au tribunal administratif de Douala, contre le Cameroun \u00e0 l\u2019effet d\u2019obtenir des explications sur sa non-s\u00e9lection dans le processus devant conduire \u00e0 la d\u00e9signation du nouveau concessionnaire de cette infrastructure portuaire souhaite voir cette date du 18 juin report\u00e9e. \u00a0Le consortium n\u2019exclut pas aussi la possibilit\u00e9 de demander \u00e0 la justice une annulation de toute la proc\u00e9dure.<\/p>\n<p>En effet, apr\u00e8s une longue attente, qui aura dur\u00e9 un an, <strong>Cyrus Ngo\u2019o,<\/strong> le directeur g\u00e9n\u00e9ral du <strong>Port<\/strong> <strong>autonome de Douala (PAD),<\/strong> l\u2019entreprise publique qui g\u00e8re la plateforme portuaire de la capitale \u00e9conomique camerounaise, a rendu publique, le 8 janvier 2019, la liste des entreprises pr\u00e9-qualifi\u00e9es, en vue de la concession du terminal \u00e0 conteneurs du port de Douala, op\u00e9r\u00e9 depuis 2005 par le consortium Bollor\u00e9-APM Terminals. Ainsi, apr\u00e8s l\u2019appel public international \u00e0 manifestation d\u2019int\u00e9r\u00eat, lanc\u00e9 le 12 janvier 2018, cinq entreprises sont short-list\u00e9es. Il s\u2019agit de <strong>CMA Terminals<\/strong>, bas\u00e9 \u00e0 Marseille en France ; de la soci\u00e9t\u00e9 \u00e9miratie <strong>Duba\u00ef Port World<\/strong> ; de <strong>Hutchison Port Investments Ltd<\/strong>, entreprise immatricul\u00e9e aux Iles Ca\u00efmans ; du saoudien <strong>Red Sea Gateway Terminal<\/strong> ; et de <strong>Terminal Investment Ltd<\/strong>, une soci\u00e9t\u00e9 bas\u00e9e \u00e0 Gen\u00e8ve, en Suisse.<\/p>\n<p>De fait, le couple <strong>Bollor\u00e9-APM Terminals<\/strong>, dont le contrat de concession du terminal \u00e0 conteneurs du port de Douala (\u00e0 travers la soci\u00e9t\u00e9 Douala International Terminal, DIT), arrive \u00e0 expiration en d\u00e9cembre 2019, est exclu de la suite de la comp\u00e9tition, bien qu\u2019ayant postul\u00e9 pour un renouvellement de son bail.<\/p>\n<p>Selon nos sources, cette liste d\u2019entreprises est la r\u00e9sultante des arbitrages effectu\u00e9s \u00e0 divers niveaux de la hi\u00e9rarchie gouvernementale, apr\u00e8s les travaux pr\u00e9alables de d\u00e9pouillement effectu\u00e9s depuis pr\u00e8s d\u2019un an par les responsables du Port autonome de Douala. Lesquels travaux, soulignent nos sources, avaient abouti \u00e0 l\u2019\u00e9laboration d\u2019une premi\u00e8re <strong>short-list<\/strong> de quatre entreprises, parmi lesquelles DIT (Bollor\u00e9-APM Terminals<strong>),<\/strong> Hutchison Port Holdings (HPH<strong>), Port of Singapore Authority<\/strong> (PSA International) et Duba\u00ef Ports <strong>World (Dp-World).<\/strong><\/p>\n<div class=\"about-author about-author-box container-wrapper\">\n<div class=\"author-avatar\">\n<p><img decoding=\"async\" src=\"http:\/\/\" alt=\"\"\/><\/p>\n<\/div>\n<p><h4>La R\u00e9daction EcoMatin<\/h4>\n<\/p>\n<\/div>\n<div class=\"awac-wrapper awac widget blog_subscription-2\">\n<h4 class=\"widget-title\">Abonnez-vous \u00e0 notre lettre d&rsquo;information<\/h4>\n<\/div>\n<p>Auteur: EcoMatin<br \/>\n<a href=\"https:\/\/ecomatin.net\/le-nouveau-concessionnaire-du-terminal-a-conteneurs-du-port-de-douala-sera-choisi-demain\/\">Cliquez ici pour lire l&rsquo;article depuis sa source.<\/a><\/p>\n","protected":false},"excerpt":{"rendered":"<p>Le d\u00e9pouillement de la liste des entreprises pr\u00e9-qualifi\u00e9es en vue de la concession du terminal \u00e0 conteneurs du port de Douala est pr\u00e9vu ce mardi 18 juin 2019 dans la capitale \u00e9conomique. A l\u2019issue de celui-ci, on en saura davantage sur l\u2019entreprise qui viendra remplacer le consortium Bollor\u00e9-APM Terminal qui op\u00e8re depuis 2005. Mais le [&hellip;]<\/p>\n","protected":false},"author":1969,"featured_media":0,"comment_status":"closed","ping_status":"closed","sticky":false,"template":"","format":"standard","meta":{"fifu_image_url":"","fifu_image_alt":"","footnotes":""},"categories":[82,78],"tags":[],"class_list":["post-41231","post","type-post","status-publish","format-standard","hentry","category-cameroun","category-economie"],"_links":{"self":[{"href":"https:\/\/linitiative.ca\/International\/wp-json\/wp\/v2\/posts\/41231","targetHints":{"allow":["GET"]}}],"collection":[{"href":"https:\/\/linitiative.ca\/International\/wp-json\/wp\/v2\/posts"}],"about":[{"href":"https:\/\/linitiative.ca\/International\/wp-json\/wp\/v2\/types\/post"}],"author":[{"embeddable":true,"href":"https:\/\/linitiative.ca\/International\/wp-json\/wp\/v2\/users\/1969"}],"replies":[{"embeddable":true,"href":"https:\/\/linitiative.ca\/International\/wp-json\/wp\/v2\/comments?post=41231"}],"version-history":[{"count":0,"href":"https:\/\/linitiative.ca\/International\/wp-json\/wp\/v2\/posts\/41231\/revisions"}],"wp:attachment":[{"href":"https:\/\/linitiative.ca\/International\/wp-json\/wp\/v2\/media?parent=41231"}],"wp:term":[{"taxonomy":"category","embeddable":true,"href":"https:\/\/linitiative.ca\/International\/wp-json\/wp\/v2\/categories?post=41231"},{"taxonomy":"post_tag","embeddable":true,"href":"https:\/\/linitiative.ca\/International\/wp-json\/wp\/v2\/tags?post=41231"}],"curies":[{"name":"wp","href":"https:\/\/api.w.org\/{rel}","templated":true}]}}