{"id":41232,"date":"2019-06-17T13:22:06","date_gmt":"2019-06-17T17:22:06","guid":{"rendered":"https:\/\/linitiative.ca\/International\/titus-edzoa-vers-un-autre-combat-pour-le-developpement-du-cameroun\/"},"modified":"2019-06-17T13:22:06","modified_gmt":"2019-06-17T17:22:06","slug":"titus-edzoa-vers-un-autre-combat-pour-le-developpement-du-cameroun","status":"publish","type":"post","link":"https:\/\/linitiative.ca\/International\/titus-edzoa-vers-un-autre-combat-pour-le-developpement-du-cameroun\/","title":{"rendered":"Titus Edzoa : vers un autre combat pour le d\u00e9veloppement du Cameroun"},"content":{"rendered":"<p><a href=\"https:\/\/i1.wp.com\/ecomatin.net\/wp-content\/uploads\/2019\/06\/ecomatin.net-titus-edzoa-vers-un-autre-combat-pour-le-developpement-du-cameroun-titus-edzoa.jpg?ssl=1\"><\/p>\n<p><img loading=\"lazy\" decoding=\"async\" data-attachment-id=\"9075\" data-permalink=\"https:\/\/ecomatin.net\/titus-edzoa-vers-un-autre-combat-pour-le-developpement-du-cameroun\/titus-edzoa\/\" data-orig-file=\"https:\/\/i1.wp.com\/ecomatin.net\/wp-content\/uploads\/2019\/06\/ecomatin.net-titus-edzoa-vers-un-autre-combat-pour-le-developpement-du-cameroun-titus-edzoa.jpg?fit=750%2C750&#038;ssl=1\" data-orig-size=\"750,750\" data-comments-opened=\"0\" data-image-meta=\"{\"aperture\":\"0\",\"credit\":\"\",\"camera\":\"\",\"caption\":\"\",\"created_timestamp\":\"0\",\"copyright\":\"\",\"focal_length\":\"0\",\"iso\":\"0\",\"shutter_speed\":\"0\",\"title\":\"\",\"orientation\":\"0\"}\" data-image-title=\"Titus-EDZOA\" data-image-description=\"\" data-medium-file=\"https:\/\/i1.wp.com\/ecomatin.net\/wp-content\/uploads\/2019\/06\/ecomatin.net-titus-edzoa-vers-un-autre-combat-pour-le-developpement-du-cameroun-titus-edzoa.jpg?fit=300%2C300&#038;ssl=1\" data-large-file=\"https:\/\/i1.wp.com\/ecomatin.net\/wp-content\/uploads\/2019\/06\/ecomatin.net-titus-edzoa-vers-un-autre-combat-pour-le-developpement-du-cameroun-titus-edzoa.jpg?fit=750%2C750&#038;ssl=1\" class=\" wp-image-9075 alignleft\" src=\"https:\/\/i1.wp.com\/ecomatin.net\/wp-content\/uploads\/2019\/06\/ecomatin.net-titus-edzoa-vers-un-autre-combat-pour-le-developpement-du-cameroun-titus-edzoa.jpg?resize=206%2C206&#038;ssl=1\" alt=\"\" width=\"206\" height=\"206\" srcset=\"https:\/\/i1.wp.com\/ecomatin.net\/wp-content\/uploads\/2019\/06\/ecomatin.net-titus-edzoa-vers-un-autre-combat-pour-le-developpement-du-cameroun-titus-edzoa.jpg?w=750&#038;ssl=1 750w, https:\/\/i1.wp.com\/ecomatin.net\/wp-content\/uploads\/2019\/06\/ecomatin.net-titus-edzoa-vers-un-autre-combat-pour-le-developpement-du-cameroun-titus-edzoa.jpg?resize=150%2C150&#038;ssl=1 150w, https:\/\/i1.wp.com\/ecomatin.net\/wp-content\/uploads\/2019\/06\/ecomatin.net-titus-edzoa-vers-un-autre-combat-pour-le-developpement-du-cameroun-titus-edzoa.jpg?resize=300%2C300&#038;ssl=1 300w\" sizes=\"auto, (max-width: 206px) 100vw, 206px\" data-recalc-dims=\"1\"\/><\/p>\n<p><\/a>Dans le souci de contribuer au maintien de la paix, du vivre-ensemble et \u00e0 la prosp\u00e9rit\u00e9 socio-\u00e9conomique de son pays qui fait face \u00e0 des crises diverses, <strong>Titus Edzoa<\/strong>, l\u2019ancien Secr\u00e9taire g\u00e9n\u00e9ral de la pr\u00e9sidence de la R\u00e9publique vient de cr\u00e9er le \u00ab <strong><em>Cercle d\u2019analyses politiques et \u00e9conomiques du Cameroun<\/em><\/strong> \u00bb (Cape Cameroun).<\/p>\n<p>Apr\u00e8s les ouvrages <strong>M\u00e9ditations de prison (Yaound\u00e9, Cameroun),<\/strong> <strong>\u00c9chos de mes silences<\/strong> (\u00c9ditions Karthala, avril 2012), <strong>Cameroun, combat pour mon pays<\/strong>, Titus Edzoa vient de manifester, une fois de plus, son d\u00e9sir de contribuer \u00e0 la stabilit\u00e9 socio-politique et \u00e9conomique du Cameroun. En effet, l\u2019ancien Secr\u00e9taire g\u00e9n\u00e9ral de la pr\u00e9sidence de la R\u00e9publique a r\u00e9cemment cr\u00e9\u00e9 le <strong>\u00ab Cercle d\u2019analyses politiques et \u00e9conomiques du Cameroun \u00bb (Cape Cameroun)<\/strong>.<\/p>\n<p>Concr\u00e8tement, c\u2019est un mouvement qui se donne pour objectif de soutenir le Cameroun dans la r\u00e9solution de ses probl\u00e8mes. \u00ab <em>Le Cameroun traverse aujourd\u2019hui une phase cruciale de son avenir. La persistance d\u2019un certain nombre de difficult\u00e9s identifi\u00e9es nous oblige \u00e0 un sursaut citoyen \u00e0 m\u00eame de contribuer au redressement de notre nation. J\u2019ai choisi avec un certain nombre de nos concitoyens de cr\u00e9er un cercle d\u2019analyses politiques et \u00e9conomiques du Cameroun, un Think Tank ind\u00e9pendant, une plateforme de r\u00e9flexion qui accueillera sans distinction nos concitoyens afin d\u2019\u00e9laborer des propositions \u00e0 l\u2019attenti<\/em>on des pouvoirs publics, des acteurs \u00e9conomiques et politiques pour le bien-\u00eatre et le progr\u00e8s des populations \u00bb a expliqu\u00e9 <strong>Titus Edzoa<\/strong>, lors une interview. Le Cercle sera officiellement lanc\u00e9 ce mercredi d\u00e8s 15h \u00e0 l\u2019H\u00f4tel Hilton de Yaound\u00e9, apr\u00e8s un expos\u00e9 du pr\u00e9sident- fondateur sur le th\u00e8me \u00ab d\u00e9centralisation gouvernance \u00bb.<\/p>\n<p>Pour m\u00e9moire, Titus Edzoa est m\u00e9decin de formation, agr\u00e9g\u00e9 de chirurgie g\u00e9n\u00e9rale \u00e0 Paris en 1985. Des sources indiquent que c\u2019est apr\u00e8s une intervention chirurgicale r\u00e9ussie de la s\u0153ur de Paul Biya, alors premier ministre du Cameroun, que Titus Edzoa commence \u00e0 servir \u00e0 des postes politiques d\u00e8s l\u2019ann\u00e9e suivante. Tour \u00e0 tour, il a \u00e9t\u00e9 ministre charg\u00e9 de mission, conseiller sp\u00e9cial \u00e0 la pr\u00e9sidence de la R\u00e9publique, ministre de l\u2019Enseignement sup\u00e9rieur, puis secr\u00e9taire g\u00e9n\u00e9ral \u00e0 la pr\u00e9sidence de la R\u00e9publique. Le 20 avril 1997, alors qu\u2019il est ministre de la Sant\u00e9 publique, il d\u00e9missionne du gouvernement et annonce sa candidature \u00e0 l\u2019\u00e9lection pr\u00e9sidentielle. Il sera arr\u00eat\u00e9 le 3 juillet et condamn\u00e9 \u00e0 15 ans de prison pour tentative de d\u00e9tournement et trafic d\u2019influence en co-action. Il a \u00e9t\u00e9 lib\u00e9r\u00e9 le 24 f\u00e9vrier 2014.<\/p>\n<div class=\"about-author about-author-box container-wrapper\">\n<div class=\"author-avatar\">\n<p><img decoding=\"async\" src=\"http:\/\/\" alt=\"\"\/><\/p>\n<\/div>\n<p><h4>La R\u00e9daction EcoMatin<\/h4>\n<\/p>\n<\/div>\n<div class=\"awac-wrapper awac widget blog_subscription-2\">\n<h4 class=\"widget-title\">Abonnez-vous \u00e0 notre lettre d&rsquo;information<\/h4>\n<\/div>\n<p>Auteur: EcoMatin<br \/>\n<a href=\"https:\/\/ecomatin.net\/titus-edzoa-vers-un-autre-combat-pour-le-developpement-du-cameroun\/\">Cliquez ici pour lire l&rsquo;article depuis sa source.<\/a><\/p>\n","protected":false},"excerpt":{"rendered":"<p>Dans le souci de contribuer au maintien de la paix, du vivre-ensemble et \u00e0 la prosp\u00e9rit\u00e9 socio-\u00e9conomique de son pays qui fait face \u00e0 des crises diverses, Titus Edzoa, l\u2019ancien Secr\u00e9taire g\u00e9n\u00e9ral de la pr\u00e9sidence de la R\u00e9publique vient de cr\u00e9er le \u00ab Cercle d\u2019analyses politiques et \u00e9conomiques du Cameroun \u00bb (Cape Cameroun). Apr\u00e8s les [&hellip;]<\/p>\n","protected":false},"author":1969,"featured_media":0,"comment_status":"closed","ping_status":"closed","sticky":false,"template":"","format":"standard","meta":{"fifu_image_url":"","fifu_image_alt":"","footnotes":""},"categories":[82,78],"tags":[],"class_list":["post-41232","post","type-post","status-publish","format-standard","hentry","category-cameroun","category-economie"],"_links":{"self":[{"href":"https:\/\/linitiative.ca\/International\/wp-json\/wp\/v2\/posts\/41232","targetHints":{"allow":["GET"]}}],"collection":[{"href":"https:\/\/linitiative.ca\/International\/wp-json\/wp\/v2\/posts"}],"about":[{"href":"https:\/\/linitiative.ca\/International\/wp-json\/wp\/v2\/types\/post"}],"author":[{"embeddable":true,"href":"https:\/\/linitiative.ca\/International\/wp-json\/wp\/v2\/users\/1969"}],"replies":[{"embeddable":true,"href":"https:\/\/linitiative.ca\/International\/wp-json\/wp\/v2\/comments?post=41232"}],"version-history":[{"count":0,"href":"https:\/\/linitiative.ca\/International\/wp-json\/wp\/v2\/posts\/41232\/revisions"}],"wp:attachment":[{"href":"https:\/\/linitiative.ca\/International\/wp-json\/wp\/v2\/media?parent=41232"}],"wp:term":[{"taxonomy":"category","embeddable":true,"href":"https:\/\/linitiative.ca\/International\/wp-json\/wp\/v2\/categories?post=41232"},{"taxonomy":"post_tag","embeddable":true,"href":"https:\/\/linitiative.ca\/International\/wp-json\/wp\/v2\/tags?post=41232"}],"curies":[{"name":"wp","href":"https:\/\/api.w.org\/{rel}","templated":true}]}}