{"id":41233,"date":"2019-06-17T13:37:11","date_gmt":"2019-06-17T17:37:11","guid":{"rendered":"https:\/\/linitiative.ca\/International\/plan-triennal-jeunes-seulement-4-milliards-debloques-sur-les-102-promis\/"},"modified":"2019-06-17T13:37:11","modified_gmt":"2019-06-17T17:37:11","slug":"plan-triennal-jeunes-seulement-4-milliards-debloques-sur-les-102-promis","status":"publish","type":"post","link":"https:\/\/linitiative.ca\/International\/plan-triennal-jeunes-seulement-4-milliards-debloques-sur-les-102-promis\/","title":{"rendered":"Plan triennal Jeunes: seulement 4 milliards d\u00e9bloqu\u00e9s sur les 102 promis"},"content":{"rendered":"<div class=\"featured-area featured-area-inner\"><img loading=\"lazy\" decoding=\"async\" width=\"530\" height=\"351\" src=\"https:\/\/i0.wp.com\/ecomatin.net\/wp-content\/uploads\/2019\/06\/ecomatin.net-plan-triennal-jeunes-deja-04-milliards-debloques-sur-les-102-milliards-fcfa-plan-trienal-jeunes.jpg?resize=530%2C351&#038;ssl=1&#038;is-pending-load=1\" class=\"attachment-jannah-image-post size-jannah-image-post wp-post-image jetpack-lazy-image\" alt=\"\" data-attachment-id=\"9078\" data-permalink=\"https:\/\/ecomatin.net\/plan-triennal-jeunes-seulement-4-milliards-debloques-sur-les-102-milliards-fcfa-promis\/plan-trienal-jeunes\/\" data-orig-file=\"https:\/\/i0.wp.com\/ecomatin.net\/wp-content\/uploads\/2019\/06\/ecomatin.net-plan-triennal-jeunes-deja-04-milliards-debloques-sur-les-102-milliards-fcfa-plan-trienal-jeunes.jpg?fit=530%2C351&#038;ssl=1\" data-orig-size=\"530,351\" data-comments-opened=\"0\" data-image-meta=\"{\"aperture\":\"0\",\"credit\":\"\",\"camera\":\"\",\"caption\":\"\",\"created_timestamp\":\"0\",\"copyright\":\"\",\"focal_length\":\"0\",\"iso\":\"0\",\"shutter_speed\":\"0\",\"title\":\"\",\"orientation\":\"0\"}\" data-image-title=\"plan trienal jeunes\" data-image-description=\"\" data-medium-file=\"https:\/\/i0.wp.com\/ecomatin.net\/wp-content\/uploads\/2019\/06\/ecomatin.net-plan-triennal-jeunes-deja-04-milliards-debloques-sur-les-102-milliards-fcfa-plan-trienal-jeunes.jpg?fit=300%2C199&#038;ssl=1\" data-large-file=\"https:\/\/i0.wp.com\/ecomatin.net\/wp-content\/uploads\/2019\/06\/ecomatin.net-plan-triennal-jeunes-deja-04-milliards-debloques-sur-les-102-milliards-fcfa-plan-trienal-jeunes.jpg?fit=530%2C351&#038;ssl=1\" data-lazy-srcset=\"https:\/\/i0.wp.com\/ecomatin.net\/wp-content\/uploads\/2019\/06\/ecomatin.net-plan-triennal-jeunes-deja-04-milliards-debloques-sur-les-102-milliards-fcfa-plan-trienal-jeunes.jpg?w=530&#038;ssl=1 530w, https:\/\/i0.wp.com\/ecomatin.net\/wp-content\/uploads\/2019\/06\/ecomatin.net-plan-triennal-jeunes-deja-04-milliards-debloques-sur-les-102-milliards-fcfa-plan-trienal-jeunes.jpg?resize=300%2C199&#038;ssl=1 300w\" data-lazy-sizes=\"(max-width: 530px) 100vw, 530px\" srcset=\"data:image\/gif;base64,R0lGODlhAQABAIAAAAAAAP\/\/\/yH5BAEAAAAALAAAAAABAAEAAAIBRAA7\"\/><\/div>\n<div class=\"entry-content entry clearfix\" readability=\"68\">\n<p>Les nouvelles sur l\u2019\u00e9volution du <strong>Plan triennal sp\u00e9cial<\/strong> (PTS) jeunes commen\u00e7aient \u00e0 se faire rares. Le 14 juin dernier \u00e0 l\u2019Assembl\u00e9e nationale, les d\u00e9put\u00e9s ont profit\u00e9 de la session parlementaire avec les membres du gouvernent pour \u00e9voquer le sujet.\u00a0 Le d\u00e9put\u00e9 <strong>Paul Danata<\/strong> du RDPC a interrog\u00e9 le ministre de la Jeunesse et de l\u2019\u00e9ducation civique (Minjec) sur les raisons pour lesquelles \u00e0 ce jour seuls <strong>04 milliards FCFA<\/strong> ont \u00e9t\u00e9 d\u00e9caiss\u00e9s en faveur des jeunes camerounais dans la mise en \u0153uvre de leurs projets de d\u00e9veloppement.<\/p>\n<p>En guise de r\u00e9ponse, <strong>Mounouna Foutsou<\/strong> a r\u00e9pondu \u00ab <em>je me dois de pr\u00e9ciser ici que le montant de 4 milliards FCFA que vous \u00e9voquez ne concerne probablement que le montant du financement des projets de la premi\u00e8re cuv\u00e9e des jeunes r\u00e9f\u00e9renc\u00e9s au guichet du fonds national\u00a0 des jeunes du Minjec<\/em> \u00bb, a-t-il indiqu\u00e9. Il a ajout\u00e9 que le PTS-jeunes \u00ab <em>ne concerne pas seulement le financement des projets des jeunes mais \u00e9galement l\u2019emploi, la formation, etc<\/em> \u00bb. Le Minjec va plus loin en pr\u00e9cisant que le gouvernement aurait d\u00e9pens\u00e9 \u00ab <em>environ <strong>10 milliards FCFA<\/strong><\/em> \u00bb en 2017 afin d\u2019accompagner \u00ab <em>l\u2019incubation et l\u2019\u00e9laboration des business plans de plus de <strong>7000 projets<\/strong> jeunes en individuel ou en groupe<\/em> \u00bb.<\/p>\n<p>Cependant, quoi qu\u2019il en soit, le ministre de la Jeunesse a relev\u00e9 au d\u00e9put\u00e9 Paul Danata que l\u2019une des causes du faible d\u00e9caissement du Plan triennal sp\u00e9cial est due au \u00ab <em>contexte s\u00e9curitaire, sociopolitique et de crise \u00e9conomique des derniers exercices qui p\u00e8sent sur la tr\u00e9sorerie de l\u2019Etat et impactent n\u00e9gativement le d\u00e9blocage des ressources pr\u00e9vues<\/em> \u00bb. Malgr\u00e9 cette situation, Mounouna Foutsou a annonc\u00e9 que le minist\u00e8re des Finances (MINFI) s\u2019est engag\u00e9 en novembre 2018 \u00e0 \u00ab <em>virer mensuellement 500 millions FCFA<\/em> \u00bb dans le compte du Plan log\u00e9 \u00e0 la caisse autonome d\u2019amortissement.<\/p>\n<p>Pour rappel, le Plan triennal sp\u00e9cial jeunes qui a \u00e9t\u00e9 annonc\u00e9 en 2016, dont l\u2019enveloppe est \u00e9valu\u00e9e \u00e0 plus de 102 milliards FCFA, vise \u00e0 financer les projets port\u00e9s par les jeunes entrepreneurs camerounais dans les domaines aussi vari\u00e9s que l\u2019agriculture, l\u2019artisanat, l\u2019\u00e9levage, l\u2019\u00e9conomie num\u00e9rique, l\u2019innovation technologique. A ce jour, a-t-on appris, pr\u00e8s de 4000 projets productifs ont \u00e9t\u00e9 valid\u00e9s et environ 2200 sont en cours de financements.<\/p>\n<div class=\"about-author about-author-box container-wrapper\">\n<div class=\"author-avatar\">\n<p><img decoding=\"async\" src=\"http:\/\/\" alt=\"\"\/><\/p>\n<\/div>\n<p><h4>La R\u00e9daction EcoMatin<\/h4>\n<\/p>\n<\/div>\n<div class=\"awac-wrapper awac widget blog_subscription-2\">\n<h4 class=\"widget-title\">Abonnez-vous \u00e0 notre lettre d&rsquo;information<\/h4>\n<\/div>\n<\/div>\n<div class=\"toggle-post-content clearfix\"><a id=\"toggle-post-button\" class=\"button\" href=\"#\">Afficher plus <\/a><\/div>\n<p>Auteur: EcoMatin<br \/>\n<a href=\"https:\/\/ecomatin.net\/plan-triennal-jeunes-seulement-4-milliards-debloques-sur-les-102-milliards-fcfa-promis\/\">Cliquez ici pour lire l&rsquo;article depuis sa source.<\/a><\/p>\n","protected":false},"excerpt":{"rendered":"<p>Les nouvelles sur l\u2019\u00e9volution du Plan triennal sp\u00e9cial (PTS) jeunes commen\u00e7aient \u00e0 se faire rares. Le 14 juin dernier \u00e0 l\u2019Assembl\u00e9e nationale, les d\u00e9put\u00e9s ont profit\u00e9 de la session parlementaire avec les membres du gouvernent pour \u00e9voquer le sujet.\u00a0 Le d\u00e9put\u00e9 Paul Danata du RDPC a interrog\u00e9 le ministre de la Jeunesse et de l\u2019\u00e9ducation [&hellip;]<\/p>\n","protected":false},"author":1969,"featured_media":0,"comment_status":"closed","ping_status":"closed","sticky":false,"template":"","format":"standard","meta":{"fifu_image_url":"","fifu_image_alt":"","footnotes":""},"categories":[82,78],"tags":[],"class_list":["post-41233","post","type-post","status-publish","format-standard","hentry","category-cameroun","category-economie"],"_links":{"self":[{"href":"https:\/\/linitiative.ca\/International\/wp-json\/wp\/v2\/posts\/41233","targetHints":{"allow":["GET"]}}],"collection":[{"href":"https:\/\/linitiative.ca\/International\/wp-json\/wp\/v2\/posts"}],"about":[{"href":"https:\/\/linitiative.ca\/International\/wp-json\/wp\/v2\/types\/post"}],"author":[{"embeddable":true,"href":"https:\/\/linitiative.ca\/International\/wp-json\/wp\/v2\/users\/1969"}],"replies":[{"embeddable":true,"href":"https:\/\/linitiative.ca\/International\/wp-json\/wp\/v2\/comments?post=41233"}],"version-history":[{"count":0,"href":"https:\/\/linitiative.ca\/International\/wp-json\/wp\/v2\/posts\/41233\/revisions"}],"wp:attachment":[{"href":"https:\/\/linitiative.ca\/International\/wp-json\/wp\/v2\/media?parent=41233"}],"wp:term":[{"taxonomy":"category","embeddable":true,"href":"https:\/\/linitiative.ca\/International\/wp-json\/wp\/v2\/categories?post=41233"},{"taxonomy":"post_tag","embeddable":true,"href":"https:\/\/linitiative.ca\/International\/wp-json\/wp\/v2\/tags?post=41233"}],"curies":[{"name":"wp","href":"https:\/\/api.w.org\/{rel}","templated":true}]}}