{"id":41245,"date":"2019-06-18T06:20:57","date_gmt":"2019-06-18T10:20:57","guid":{"rendered":"https:\/\/linitiative.ca\/International\/remise-des-prix-aux-laureats-marocains-du-concours-national-de-la-langue-russe\/"},"modified":"2019-06-18T06:20:57","modified_gmt":"2019-06-18T10:20:57","slug":"remise-des-prix-aux-laureats-marocains-du-concours-national-de-la-langue-russe","status":"publish","type":"post","link":"https:\/\/linitiative.ca\/International\/remise-des-prix-aux-laureats-marocains-du-concours-national-de-la-langue-russe\/","title":{"rendered":"Remise des prix aux laur\u00e9ats Marocains du concours national de la langue russe"},"content":{"rendered":"<p class=\"c4\"><span class=\"c3\"><em><strong><span class=\"c2\">L\u2019<\/span><\/strong>Ambassadeur de Russie au Maroc V.V. Shuvaev a tenue une r\u00e9ception \u00e0 l\u2019ambassade de Russie \u00e0 Rabat \u00e0 l\u2019occasion de la f\u00eate nationale \u00abJourn\u00e9e de la Russie\u00bb.<\/em><\/span><\/p>\n<p class=\"c5\">Cette f\u00eate a \u00e9t\u00e9 marqu\u00e9e par la pr\u00e9sence de repr\u00e9sentants du corps diplomatique \u00e9tranger accr\u00e9dit\u00e9 \u00e0 Rabat, certains membres du gouvernement, de repr\u00e9sentants de la presse national, de certains repr\u00e9sentants des partis politiques et d\u2019organisations et associations marocaines. Apr\u00e8s les hymnes nationaux Mr.Shuvaev \u00e0 prononc\u00e9 un discours dans lequel il a salu\u00e9 les relations fortes entre le Maroc et la Russie dans les domaines \u00e9conomiques, commerciaux et culturels.<\/p>\n<p class=\"c5\">Par la m\u00eame occasion, il \u00e0 f\u00e9licit\u00e9 les laur\u00e9ats marocains du concours national de la langue russe qui s\u2019est d\u00e9roul\u00e9 au Centre Culturel Russe \u00a0\u00e0 Rabat fin mai et a souhait\u00e9 aux vainqueurs de nouveaux succ\u00e8s dans l\u2019apprentissage de la langue russe. Des dipl\u00f4mes et des souvenirs ont \u00e9t\u00e9 offerts aux laur\u00e9ats \u00e0 cette occasion.<\/p>\n<p class=\"c5\"><strong>Liste des gagnants :<\/strong><\/p>\n<p class=\"c5\"><strong><u>Groupe avanc\u00e9<\/u>\u00a0:<\/strong><\/p>\n<p class=\"c5\">1.Salma Meryem Chra\u00efbi.<\/p>\n<p class=\"c5\">2. Abdelghani Kaal.2.Ismail El Khouaja.<\/p>\n<p class=\"c5\"><u>Groupe Moyen<\/u>\u00a0:<\/p>\n<p class=\"c5\">1. Salma Chougred.<\/p>\n<p class=\"c5\">2. Ismail El Khouaji.<\/p>\n<p class=\"c5\">3. Dirare Ben Khadra.<\/p>\n<p class=\"c5\">4. Hanane Sa\u00efd El Ghazi.<\/p>\n<p class=\"c5\"><strong><u>Groupe \u00e9l\u00e9mentaire<\/u>\u00a0:<\/strong><\/p>\n<p class=\"c5\">1. Nassim Regragi.<\/p>\n<p class=\"c5\">2. Achraf Montassir.<\/p>\n<p class=\"c5\">3. Piere Grollemund.<\/p>\n<p class=\"c5\">\u2013 Les laur\u00e9ats vainqueurs sont de la facult\u00e9 des lettres et des sciences humaines Dhar El Mahraz de F\u00e8s et du Centre Culturel Russe Rabat.<\/p>\n<p class=\"c4\"><strong>A. Dorhmi<\/strong><\/p>\n<p>Auteur: rahal mehamed<br \/>\n<a href=\"http:\/\/albayane.press.ma\/remise-des-prix-aux-laureats-marocains-du-concours-national-de-la-langue-russe.html\">Cliquez ici pour lire l&rsquo;article depuis sa source.<\/a><\/p>\n","protected":false},"excerpt":{"rendered":"<p>L\u2019Ambassadeur de Russie au Maroc V.V. Shuvaev a tenue une r\u00e9ception \u00e0 l\u2019ambassade de Russie \u00e0 Rabat \u00e0 l\u2019occasion de la f\u00eate nationale \u00abJourn\u00e9e de la Russie\u00bb. Cette f\u00eate a \u00e9t\u00e9 marqu\u00e9e par la pr\u00e9sence de repr\u00e9sentants du corps diplomatique \u00e9tranger accr\u00e9dit\u00e9 \u00e0 Rabat, certains membres du gouvernement, de repr\u00e9sentants de la presse national, de [&hellip;]<\/p>\n","protected":false},"author":1760,"featured_media":0,"comment_status":"closed","ping_status":"closed","sticky":false,"template":"","format":"standard","meta":{"fifu_image_url":"","fifu_image_alt":"","footnotes":""},"categories":[73,54],"tags":[],"class_list":["post-41245","post","type-post","status-publish","format-standard","hentry","category-actualite","category-maroc"],"_links":{"self":[{"href":"https:\/\/linitiative.ca\/International\/wp-json\/wp\/v2\/posts\/41245","targetHints":{"allow":["GET"]}}],"collection":[{"href":"https:\/\/linitiative.ca\/International\/wp-json\/wp\/v2\/posts"}],"about":[{"href":"https:\/\/linitiative.ca\/International\/wp-json\/wp\/v2\/types\/post"}],"author":[{"embeddable":true,"href":"https:\/\/linitiative.ca\/International\/wp-json\/wp\/v2\/users\/1760"}],"replies":[{"embeddable":true,"href":"https:\/\/linitiative.ca\/International\/wp-json\/wp\/v2\/comments?post=41245"}],"version-history":[{"count":0,"href":"https:\/\/linitiative.ca\/International\/wp-json\/wp\/v2\/posts\/41245\/revisions"}],"wp:attachment":[{"href":"https:\/\/linitiative.ca\/International\/wp-json\/wp\/v2\/media?parent=41245"}],"wp:term":[{"taxonomy":"category","embeddable":true,"href":"https:\/\/linitiative.ca\/International\/wp-json\/wp\/v2\/categories?post=41245"},{"taxonomy":"post_tag","embeddable":true,"href":"https:\/\/linitiative.ca\/International\/wp-json\/wp\/v2\/tags?post=41245"}],"curies":[{"name":"wp","href":"https:\/\/api.w.org\/{rel}","templated":true}]}}