{"id":41252,"date":"2019-06-18T06:16:32","date_gmt":"2019-06-18T10:16:32","guid":{"rendered":"https:\/\/linitiative.ca\/International\/sitic-africa-les-resultats-du-concours-de-la-meilleure-application-mobile-mercredi\/"},"modified":"2019-06-18T06:16:32","modified_gmt":"2019-06-18T10:16:32","slug":"sitic-africa-les-resultats-du-concours-de-la-meilleure-application-mobile-mercredi","status":"publish","type":"post","link":"https:\/\/linitiative.ca\/International\/sitic-africa-les-resultats-du-concours-de-la-meilleure-application-mobile-mercredi\/","title":{"rendered":"SITIC AFRICA : Les r\u00e9sultats du concours de la meilleure application mobile, mercredi"},"content":{"rendered":"<p>Les r\u00e9sultats de la deuxi\u00e8me \u00e9dition du concours international de la meilleure application mobile en Afrique seront annonc\u00e9s mercredi 19 juin au parc des expositions du Kram, \u00e0 partir de 15h00, apprend-on aupr\u00e8s de Chaker Essid, pr\u00e9sident du comit\u00e9 d\u2019organisation du concours.<\/p>\n<p>Cette comp\u00e9tition qui se tiendra en marge du Salon International des Technologies de l\u2019Information et de la Communication (SITIC AFRICA) au profit des jeunes et \u00e9tudiants tunisiens et africains, vise \u00e0 permettre aux jeunes participants de d\u00e9montrer leurs talents et leurs innovations et de les pr\u00e9senter dans un espace \u00e9conomique int\u00e9gr\u00e9, selon la m\u00eame source.<\/p>\n<p>Ces jeunes, a-t-il ajout\u00e9, auront l\u2019occasion de pr\u00e9senter leurs projets et de s\u2019entretenir avec des experts en pr\u00e9sence d\u2019un groupe d\u2019hommes d\u2019affaires et d\u2019\u00e9conomistes.<\/p>\n<p>Ont pris part \u00e0 ce concours 18 \u00e9quipes universitaires de Tunisie, du S\u00e9n\u00e9gal, du Gabon et du B\u00e9nin.<\/p>\n<p>Selon les organisateurs, cette comp\u00e9tition incitera les jeunes \u00e0 cr\u00e9er leurs propres start ups, \u00e0 entrer dans le monde de l\u2019entrepreunariat, \u00e0 renforcer le secteur num\u00e9rique en Afrique, \u00e0 combler le foss\u00e9 entre le domaine acad\u00e9mique et celui des entreprises et \u00e0 rassembler toutes les composantes de l\u2019\u00e9conomie num\u00e9rique africaine.<\/p>\n<p class=\"dpsp-share-text\">Partager c&rsquo;est aimer!<\/p>\n<div class=\"wp-post-author-wrap wp-post-author-shortcode left\">\n<h3 class=\"awpa-title\"\/>\n<div class=\"wp-post-author\">\n<div class=\"awpa-img awpa-author-block square\"><a href=\"http:\/\/lexpertjournal.net\/fr\/author\/expert\/\"><img loading=\"lazy\" decoding=\"async\" alt=\"\" src=\"http:\/\/2.gravatar.com\/avatar\/56d99be2a6f97af88ccb49fada637fcd?s=150&#038;d=mm&#038;r=g\" srcset=\"http:\/\/2.gravatar.com\/avatar\/56d99be2a6f97af88ccb49fada637fcd?s=300&#038;d=mm&#038;r=g 2x\" class=\"avatar avatar-150 photo\" height=\"150\" width=\"150\"\/><\/a><\/div>\n<\/div>\n<\/div>\n<p>Auteur: L&rsquo;expert<br \/>\n<a href=\"http:\/\/lexpertjournal.net\/fr\/2019\/06\/18\/sitic-africa-les-resultats-du-concours-de-la-meilleure-application-mobile-mercredi\/\">Cliquez ici pour lire l&rsquo;article depuis sa source.<\/a><\/p>\n","protected":false},"excerpt":{"rendered":"<p>Les r\u00e9sultats de la deuxi\u00e8me \u00e9dition du concours international de la meilleure application mobile en Afrique seront annonc\u00e9s mercredi 19 juin au parc des expositions du Kram, \u00e0 partir de 15h00, apprend-on aupr\u00e8s de Chaker Essid, pr\u00e9sident du comit\u00e9 d\u2019organisation du concours. Cette comp\u00e9tition qui se tiendra en marge du Salon International des Technologies de [&hellip;]<\/p>\n","protected":false},"author":1775,"featured_media":0,"comment_status":"closed","ping_status":"closed","sticky":false,"template":"","format":"standard","meta":{"fifu_image_url":"","fifu_image_alt":"","footnotes":""},"categories":[78,55],"tags":[],"class_list":["post-41252","post","type-post","status-publish","format-standard","hentry","category-economie","category-tunisie"],"_links":{"self":[{"href":"https:\/\/linitiative.ca\/International\/wp-json\/wp\/v2\/posts\/41252","targetHints":{"allow":["GET"]}}],"collection":[{"href":"https:\/\/linitiative.ca\/International\/wp-json\/wp\/v2\/posts"}],"about":[{"href":"https:\/\/linitiative.ca\/International\/wp-json\/wp\/v2\/types\/post"}],"author":[{"embeddable":true,"href":"https:\/\/linitiative.ca\/International\/wp-json\/wp\/v2\/users\/1775"}],"replies":[{"embeddable":true,"href":"https:\/\/linitiative.ca\/International\/wp-json\/wp\/v2\/comments?post=41252"}],"version-history":[{"count":0,"href":"https:\/\/linitiative.ca\/International\/wp-json\/wp\/v2\/posts\/41252\/revisions"}],"wp:attachment":[{"href":"https:\/\/linitiative.ca\/International\/wp-json\/wp\/v2\/media?parent=41252"}],"wp:term":[{"taxonomy":"category","embeddable":true,"href":"https:\/\/linitiative.ca\/International\/wp-json\/wp\/v2\/categories?post=41252"},{"taxonomy":"post_tag","embeddable":true,"href":"https:\/\/linitiative.ca\/International\/wp-json\/wp\/v2\/tags?post=41252"}],"curies":[{"name":"wp","href":"https:\/\/api.w.org\/{rel}","templated":true}]}}