{"id":41253,"date":"2019-06-18T06:18:23","date_gmt":"2019-06-18T10:18:23","guid":{"rendered":"https:\/\/linitiative.ca\/International\/pour-la-concretisation-des-accords-signes-depuis-2016-ultimatum-du-syndicat-unifie-des-agents-de-la-douane\/"},"modified":"2019-06-18T06:18:23","modified_gmt":"2019-06-18T10:18:23","slug":"pour-la-concretisation-des-accords-signes-depuis-2016-ultimatum-du-syndicat-unifie-des-agents-de-la-douane","status":"publish","type":"post","link":"https:\/\/linitiative.ca\/International\/pour-la-concretisation-des-accords-signes-depuis-2016-ultimatum-du-syndicat-unifie-des-agents-de-la-douane\/","title":{"rendered":"Pour la concr\u00e9tisation des accords sign\u00e9s depuis 2016 Ultimatum du syndicat unifi\u00e9 des agents de la Douane"},"content":{"rendered":"<p>Le syndicat unifi\u00e9 des agents de la Douane Tunisienne, r\u00e9uni les 15 et 16 juin 2019 \u00e0 Hammamet, a d\u00e9cid\u00e9 de donner aux autorit\u00e9s de tutelle (minist\u00e8re des finances) deux semaines pour concr\u00e9tiser les accords sign\u00e9s depuis 2016, avant d\u2019entreprendre une s\u00e9rie de protestations l\u00e9gales, a annonc\u00e9 Habib El Habibi, pr\u00e9sident du bureau ex\u00e9cutif du syndicat.<\/p>\n<p>Dans une d\u00e9claration \u00e0 TAP, le responsable syndical a indiqu\u00e9 que \u00bb ces accords comportent une s\u00e9rie de revendications rest\u00e9es jusqu\u2019\u00e0 ce jour lettre morte. Il s\u2019agit, a-t-il encore expliqu\u00e9, de la hausse de la prime de risque, dont b\u00e9n\u00e9ficient les unit\u00e9s d l\u2019arm\u00e9e et de la garde nationale, outre l\u2019augmentation du taux de majoration des heures sup\u00e9rieures rest\u00e9s les m\u00eames depuis 1981.<\/p>\n<p>Il a, \u00e9galement, rappel\u00e9 que le bureau national du syndicat avait exprim\u00e9 son refus cat\u00e9gorique \u00ab de l\u2019exclusion des agents de la douane du personnel des services actifs qui b\u00e9n\u00e9ficient de la retraite \u00e0 l\u2019\u00e2ge de 57 ans \u00bb.<\/p>\n<p>Pour le responsable syndical, les revendications de la douane ne peuvent en aucun cas impacter le budget de l\u2019Etat, rappelant que ce corps a permis de mobiliser 8 mille millions de dinars en 2018 au profit du budget de l\u2019\u00e9tat.<\/p>\n<p class=\"dpsp-share-text\">Partager c&rsquo;est aimer!<\/p>\n<div class=\"wp-post-author-wrap wp-post-author-shortcode left\">\n<h3 class=\"awpa-title\"\/>\n<div class=\"wp-post-author\">\n<div class=\"awpa-img awpa-author-block square\"><a href=\"http:\/\/lexpertjournal.net\/fr\/author\/expert\/\"><img loading=\"lazy\" decoding=\"async\" alt=\"\" src=\"http:\/\/2.gravatar.com\/avatar\/56d99be2a6f97af88ccb49fada637fcd?s=150&#038;d=mm&#038;r=g\" srcset=\"http:\/\/2.gravatar.com\/avatar\/56d99be2a6f97af88ccb49fada637fcd?s=300&#038;d=mm&#038;r=g 2x\" class=\"avatar avatar-150 photo\" height=\"150\" width=\"150\"\/><\/a><\/div>\n<\/div>\n<\/div>\n<p>Auteur: L&rsquo;expert<br \/>\n<a href=\"http:\/\/lexpertjournal.net\/fr\/2019\/06\/18\/pour-la-concretisation-des-accords-signes-depuis-2016-ultimatum-du-syndicat-unifie-des-agents-de-la-douane\/\">Cliquez ici pour lire l&rsquo;article depuis sa source.<\/a><\/p>\n","protected":false},"excerpt":{"rendered":"<p>Le syndicat unifi\u00e9 des agents de la Douane Tunisienne, r\u00e9uni les 15 et 16 juin 2019 \u00e0 Hammamet, a d\u00e9cid\u00e9 de donner aux autorit\u00e9s de tutelle (minist\u00e8re des finances) deux semaines pour concr\u00e9tiser les accords sign\u00e9s depuis 2016, avant d\u2019entreprendre une s\u00e9rie de protestations l\u00e9gales, a annonc\u00e9 Habib El Habibi, pr\u00e9sident du bureau ex\u00e9cutif du [&hellip;]<\/p>\n","protected":false},"author":1775,"featured_media":0,"comment_status":"closed","ping_status":"closed","sticky":false,"template":"","format":"standard","meta":{"fifu_image_url":"","fifu_image_alt":"","footnotes":""},"categories":[78,55],"tags":[],"class_list":["post-41253","post","type-post","status-publish","format-standard","hentry","category-economie","category-tunisie"],"_links":{"self":[{"href":"https:\/\/linitiative.ca\/International\/wp-json\/wp\/v2\/posts\/41253","targetHints":{"allow":["GET"]}}],"collection":[{"href":"https:\/\/linitiative.ca\/International\/wp-json\/wp\/v2\/posts"}],"about":[{"href":"https:\/\/linitiative.ca\/International\/wp-json\/wp\/v2\/types\/post"}],"author":[{"embeddable":true,"href":"https:\/\/linitiative.ca\/International\/wp-json\/wp\/v2\/users\/1775"}],"replies":[{"embeddable":true,"href":"https:\/\/linitiative.ca\/International\/wp-json\/wp\/v2\/comments?post=41253"}],"version-history":[{"count":0,"href":"https:\/\/linitiative.ca\/International\/wp-json\/wp\/v2\/posts\/41253\/revisions"}],"wp:attachment":[{"href":"https:\/\/linitiative.ca\/International\/wp-json\/wp\/v2\/media?parent=41253"}],"wp:term":[{"taxonomy":"category","embeddable":true,"href":"https:\/\/linitiative.ca\/International\/wp-json\/wp\/v2\/categories?post=41253"},{"taxonomy":"post_tag","embeddable":true,"href":"https:\/\/linitiative.ca\/International\/wp-json\/wp\/v2\/tags?post=41253"}],"curies":[{"name":"wp","href":"https:\/\/api.w.org\/{rel}","templated":true}]}}