{"id":41254,"date":"2019-06-18T06:27:41","date_gmt":"2019-06-18T10:27:41","guid":{"rendered":"https:\/\/linitiative.ca\/International\/reassurances-41eme-reunion-ordinaire-annuelle-de-lag-dafrica-re-a-tunis\/"},"modified":"2019-06-18T06:27:41","modified_gmt":"2019-06-18T10:27:41","slug":"reassurances-41eme-reunion-ordinaire-annuelle-de-lag-dafrica-re-a-tunis","status":"publish","type":"post","link":"https:\/\/linitiative.ca\/International\/reassurances-41eme-reunion-ordinaire-annuelle-de-lag-dafrica-re-a-tunis\/","title":{"rendered":"R\u00e9assurances : 41\u00e8me r\u00e9union ordinaire annuelle de l\u2019AG d\u2019Africa R\u00e9 \u00e0 Tunis"},"content":{"rendered":"<p>La Tunisie abrite les travaux de la 41\u00e8me r\u00e9union ordinaire annuelle de l\u2019assembl\u00e9e g\u00e9n\u00e9rale de la Soci\u00e9t\u00e9 Africaine de R\u00e9assurance (Africa R\u00e9) qui ont d\u00e9marr\u00e9, lundi, \u00e0 Tunis, avec pr\u00e8s de 200 participants repr\u00e9sentant les actionnaires d\u2019Africa R\u00e9 (41 pays africains), la Banque Africaine de D\u00e9veloppement (BAD) et 114 compagnies d\u2019assurance et de r\u00e9assurance africaines. Trois actionnaires non africain (Axa, Allianz et Fairfax) participent aussi \u00e0 cette r\u00e9union.<\/p>\n<p>\u00ab La Tunisie a \u00e9t\u00e9 choisie cette ann\u00e9e comme pays h\u00f4te de cette 41\u00e8me r\u00e9union ordinaire annuelle car elle demeure un membre fondateur d\u2019Africa Re avec qui nous entretenons des relations de longue date. Le march\u00e9 tunisien reste parmi les march\u00e9s les plus dynamiques \u00e0 l\u2019\u00e9chelle africaine \u00bb, a indiqu\u00e9 le pr\u00e9sident de l\u2019assembl\u00e9e g\u00e9n\u00e9rale et du conseil d\u2019administration de la soci\u00e9t\u00e9 africaine, Hassan Boubrik.<\/p>\n<p>\u00ab En 2018, la soci\u00e9t\u00e9 a r\u00e9alis\u00e9 un chiffre d\u2019affaires de pr\u00e8s de 6 millions d\u2019euros (l\u2019\u00e9quivalent de 19 millions de dinars) sur le march\u00e9 tunisien \u00bb, a-t-il assur\u00e9, soulignant que le march\u00e9 tunisien a consid\u00e9rablement contribu\u00e9 au positionnement d\u2019Africa Re en tant que leader sur le continent.<\/p>\n<p>Il a soulign\u00e9 qu\u2019Africa Re participe, pour sa part, \u00e0 l\u2019essor de l\u2019assurance en Tunisie en mettant des capacit\u00e9s importantes \u00e0 la disposition des compagnies d\u2019assurance locales et en d\u00e9veloppant le capital humain. \u00ab Il s\u2019agit finalement d\u2019une relation \u00ab gagnant-gagnant \u00bb entre Africa Re et le march\u00e9 tunisien des assurances \u00bb, a-t-il soutenu.<\/p>\n<p>S\u2019agissant du rapport annuel des activit\u00e9s d\u2019Africa R\u00e9 au titre de 2018 dont l\u2019examen et l\u2019adoption figurent parmi les points inscrits \u00e0 l\u2019ordre du jour de cette 41\u00e8me r\u00e9union, Boubrik a indiqu\u00e9 que l\u2019ann\u00e9e \u00e9coul\u00e9e a \u00e9t\u00e9 une ann\u00e9e particuli\u00e8rement difficile, marqu\u00e9e notamment par une instabilit\u00e9 des taux de change, une tr\u00e8s mauvaise sinistralit\u00e9 r\u00e9sultant des catastrophes naturelles et une mauvaise performance dans le monde en Afrique.<\/p>\n<p>Malgr\u00e9 ces difficult\u00e9s, a-t-il soutenu, la plupart des bureaux r\u00e9gionaux d\u2019Africa Re ont enregistr\u00e9 une croissance de leur chiffre d\u2019affaires, pr\u00e9cisant que les primes nettes souscrites ont connu une hausse de 11% en 2018.<\/p>\n<p>D\u2019apr\u00e8s lui, les notations de la Soci\u00e9t\u00e9 Africaine de R\u00e9assurance sont rest\u00e9es stables: A (Excellent) selon A.M Best et A- (Solide) s\u2019agissant de Standard and Poor\u2019s.<\/p>\n<p>Pour ce qui est des perspectives, le pr\u00e9sident de l\u2019assembl\u00e9e g\u00e9n\u00e9rale et du conseil d\u2019administration d\u2019Africa Re a indiqu\u00e9 que la soci\u00e9t\u00e9 s\u2019est donn\u00e9e pour objectif, dans le cadre de son 6\u00e8me plan strat\u00e9gique 2019-2023, de maintenir son leadership dans l\u2019industrie africaine de la r\u00e9assurance, en affichant une croissance annuelle moyenne de 6,2% de son chiffre d\u2019affaires, ce qui hisserait les primes brutes souscrites \u00e0 1,05 milliard d\u2019euros en 2023.<\/p>\n<p>\u00ab Notre objectif est d\u2019assurer un rendement sur capitaux propres de 9,4% et de maintenir nos notations d\u2019AM best et Standard and Poor\u2019s. Nous entendons \u00e9galement accro\u00eetre notre contribution au d\u00e9veloppement du capital humain Afrique \u00bb, a-t-il ajout\u00e9.<\/p>\n<p>Intervenant \u00e0 cette occasion, le secr\u00e9taire g\u00e9n\u00e9ral du minist\u00e8re des Finances Abderrahman Khochtali a, pour sa part, mis l\u2019accent sur l\u2019importance de l\u2019action africaine commune dans le d\u00e9veloppement du secteur de l\u2019assurance, d\u00e9plorant la faible part des pays africains au march\u00e9 mondial, laquelle, a-t-il affirm\u00e9, ne d\u00e9passe pas 1,36% du total des primes d\u2019assurance dans le monde.<\/p>\n<p>\u00ab Face au durcissement des conditions des march\u00e9s financiers \u00e0 l\u2019\u00e9chelle mondiale, ce qui impacte notoirement le secteur des assurances et les capacit\u00e9s en r\u00e9assurance dans la r\u00e9gion africaine, il devient imp\u00e9ratif de f\u00e9d\u00e9rer les efforts des pays africains \u00bb, a-t-il soulign\u00e9.<\/p>\n<p>Cr\u00e9\u00e9e en 1976, Africa R\u00e9 si\u00e8ge au Lagos (Nig\u00e9ria) et dispose de six filiales dans les pays africains.<\/p>\n<p class=\"dpsp-share-text\">Partager c&rsquo;est aimer!<\/p>\n<div class=\"wp-post-author-wrap wp-post-author-shortcode left\">\n<h3 class=\"awpa-title\"\/>\n<div class=\"wp-post-author\">\n<div class=\"awpa-img awpa-author-block square\"><a href=\"http:\/\/lexpertjournal.net\/fr\/author\/expert\/\"><img loading=\"lazy\" decoding=\"async\" alt=\"\" src=\"http:\/\/2.gravatar.com\/avatar\/56d99be2a6f97af88ccb49fada637fcd?s=150&#038;d=mm&#038;r=g\" srcset=\"http:\/\/2.gravatar.com\/avatar\/56d99be2a6f97af88ccb49fada637fcd?s=300&#038;d=mm&#038;r=g 2x\" class=\"avatar avatar-150 photo\" height=\"150\" width=\"150\"\/><\/a><\/div>\n<\/div>\n<\/div>\n<p>Auteur: L&rsquo;expert<br \/>\n<a href=\"http:\/\/lexpertjournal.net\/fr\/2019\/06\/18\/reassurances-41eme-reunion-ordinaire-annuelle-de-lag-dafrica-re-a-tunis\/\">Cliquez ici pour lire l&rsquo;article depuis sa source.<\/a><\/p>\n","protected":false},"excerpt":{"rendered":"<p>La Tunisie abrite les travaux de la 41\u00e8me r\u00e9union ordinaire annuelle de l\u2019assembl\u00e9e g\u00e9n\u00e9rale de la Soci\u00e9t\u00e9 Africaine de R\u00e9assurance (Africa R\u00e9) qui ont d\u00e9marr\u00e9, lundi, \u00e0 Tunis, avec pr\u00e8s de 200 participants repr\u00e9sentant les actionnaires d\u2019Africa R\u00e9 (41 pays africains), la Banque Africaine de D\u00e9veloppement (BAD) et 114 compagnies d\u2019assurance et de r\u00e9assurance africaines. [&hellip;]<\/p>\n","protected":false},"author":1775,"featured_media":0,"comment_status":"closed","ping_status":"closed","sticky":false,"template":"","format":"standard","meta":{"fifu_image_url":"","fifu_image_alt":"","footnotes":""},"categories":[78,55],"tags":[],"class_list":["post-41254","post","type-post","status-publish","format-standard","hentry","category-economie","category-tunisie"],"_links":{"self":[{"href":"https:\/\/linitiative.ca\/International\/wp-json\/wp\/v2\/posts\/41254","targetHints":{"allow":["GET"]}}],"collection":[{"href":"https:\/\/linitiative.ca\/International\/wp-json\/wp\/v2\/posts"}],"about":[{"href":"https:\/\/linitiative.ca\/International\/wp-json\/wp\/v2\/types\/post"}],"author":[{"embeddable":true,"href":"https:\/\/linitiative.ca\/International\/wp-json\/wp\/v2\/users\/1775"}],"replies":[{"embeddable":true,"href":"https:\/\/linitiative.ca\/International\/wp-json\/wp\/v2\/comments?post=41254"}],"version-history":[{"count":0,"href":"https:\/\/linitiative.ca\/International\/wp-json\/wp\/v2\/posts\/41254\/revisions"}],"wp:attachment":[{"href":"https:\/\/linitiative.ca\/International\/wp-json\/wp\/v2\/media?parent=41254"}],"wp:term":[{"taxonomy":"category","embeddable":true,"href":"https:\/\/linitiative.ca\/International\/wp-json\/wp\/v2\/categories?post=41254"},{"taxonomy":"post_tag","embeddable":true,"href":"https:\/\/linitiative.ca\/International\/wp-json\/wp\/v2\/tags?post=41254"}],"curies":[{"name":"wp","href":"https:\/\/api.w.org\/{rel}","templated":true}]}}