{"id":41255,"date":"2019-06-18T06:46:14","date_gmt":"2019-06-18T10:46:14","guid":{"rendered":"https:\/\/linitiative.ca\/International\/zaghouan-50-ha-de-recolte-cerealiere-incendies-a-el-fahs\/"},"modified":"2019-06-18T06:46:14","modified_gmt":"2019-06-18T10:46:14","slug":"zaghouan-50-ha-de-recolte-cerealiere-incendies-a-el-fahs","status":"publish","type":"post","link":"https:\/\/linitiative.ca\/International\/zaghouan-50-ha-de-recolte-cerealiere-incendies-a-el-fahs\/","title":{"rendered":"Zaghouan: 50 ha de r\u00e9colte c\u00e9r\u00e9ali\u00e8re incendi\u00e9s \u00e0 El Fahs"},"content":{"rendered":"<p>Les unit\u00e9s de la protection civile ont r\u00e9ussi \u00e0 circonscrire un incendie qui s\u2019est d\u00e9clar\u00e9 dans l\u2019apr\u00e8s-midi du lundi 17 juin, dans un champ couvrant 220 ha dans la d\u00e9l\u00e9gation d\u2019El Fahs (gouvernorat de Zaghouan).<\/p>\n<p>Attis\u00e9 par le vent et la canicule, le feu a d\u00e9truit 50 ha de r\u00e9colte c\u00e9r\u00e9ali\u00e8re dont 35 ha de bl\u00e9 et 15 ha d\u2019orage, a affirm\u00e9 le directeur r\u00e9gional de la protection civile \u00e0 Zaghouan, Salem Yousfi.<\/p>\n<p>Trois camions-citernes de la protection civile, des v\u00e9hicules de la direction des forets et 15 tracteurs appartenant \u00e0 des priv\u00e9s ont \u00e9t\u00e9 mobilis\u00e9s dans l\u2019op\u00e9ration d\u2019extinction de l\u2019incendie, a-t-il soulign\u00e9.<\/p>\n<p>La m\u00eame source a ajout\u00e9 qu\u2019une enqu\u00eate a \u00e9t\u00e9 ouverte par les unit\u00e9s de la garde nationale \u00e0 Zaghouan pour d\u00e9terminer les causes de l\u2019incendie.<\/p>\n<p class=\"dpsp-share-text\">Partager c&rsquo;est aimer!<\/p>\n<div class=\"wp-post-author-wrap wp-post-author-shortcode left\">\n<h3 class=\"awpa-title\"\/>\n<div class=\"wp-post-author\">\n<div class=\"awpa-img awpa-author-block square\"><a href=\"http:\/\/lexpertjournal.net\/fr\/author\/expert\/\"><img loading=\"lazy\" decoding=\"async\" alt=\"\" src=\"http:\/\/2.gravatar.com\/avatar\/56d99be2a6f97af88ccb49fada637fcd?s=150&#038;d=mm&#038;r=g\" srcset=\"http:\/\/2.gravatar.com\/avatar\/56d99be2a6f97af88ccb49fada637fcd?s=300&#038;d=mm&#038;r=g 2x\" class=\"avatar avatar-150 photo\" height=\"150\" width=\"150\"\/><\/a><\/div>\n<\/div>\n<\/div>\n<p>Auteur: L&rsquo;expert<br \/>\n<a href=\"http:\/\/lexpertjournal.net\/fr\/2019\/06\/18\/zaghouan-50-ha-de-recolte-cerealiere-incendies-a-el-fahs\/\">Cliquez ici pour lire l&rsquo;article depuis sa source.<\/a><\/p>\n","protected":false},"excerpt":{"rendered":"<p>Les unit\u00e9s de la protection civile ont r\u00e9ussi \u00e0 circonscrire un incendie qui s\u2019est d\u00e9clar\u00e9 dans l\u2019apr\u00e8s-midi du lundi 17 juin, dans un champ couvrant 220 ha dans la d\u00e9l\u00e9gation d\u2019El Fahs (gouvernorat de Zaghouan). Attis\u00e9 par le vent et la canicule, le feu a d\u00e9truit 50 ha de r\u00e9colte c\u00e9r\u00e9ali\u00e8re dont 35 ha de [&hellip;]<\/p>\n","protected":false},"author":1775,"featured_media":0,"comment_status":"closed","ping_status":"closed","sticky":false,"template":"","format":"standard","meta":{"fifu_image_url":"","fifu_image_alt":"","footnotes":""},"categories":[78,55],"tags":[],"class_list":["post-41255","post","type-post","status-publish","format-standard","hentry","category-economie","category-tunisie"],"_links":{"self":[{"href":"https:\/\/linitiative.ca\/International\/wp-json\/wp\/v2\/posts\/41255","targetHints":{"allow":["GET"]}}],"collection":[{"href":"https:\/\/linitiative.ca\/International\/wp-json\/wp\/v2\/posts"}],"about":[{"href":"https:\/\/linitiative.ca\/International\/wp-json\/wp\/v2\/types\/post"}],"author":[{"embeddable":true,"href":"https:\/\/linitiative.ca\/International\/wp-json\/wp\/v2\/users\/1775"}],"replies":[{"embeddable":true,"href":"https:\/\/linitiative.ca\/International\/wp-json\/wp\/v2\/comments?post=41255"}],"version-history":[{"count":0,"href":"https:\/\/linitiative.ca\/International\/wp-json\/wp\/v2\/posts\/41255\/revisions"}],"wp:attachment":[{"href":"https:\/\/linitiative.ca\/International\/wp-json\/wp\/v2\/media?parent=41255"}],"wp:term":[{"taxonomy":"category","embeddable":true,"href":"https:\/\/linitiative.ca\/International\/wp-json\/wp\/v2\/categories?post=41255"},{"taxonomy":"post_tag","embeddable":true,"href":"https:\/\/linitiative.ca\/International\/wp-json\/wp\/v2\/tags?post=41255"}],"curies":[{"name":"wp","href":"https:\/\/api.w.org\/{rel}","templated":true}]}}