{"id":41257,"date":"2019-06-18T06:53:32","date_gmt":"2019-06-18T10:53:32","guid":{"rendered":"https:\/\/linitiative.ca\/International\/enseignement-superieur-ugtt-cloturer-au-plus-tot-lannee-universitaire-est-une-necessite\/"},"modified":"2019-06-18T06:53:32","modified_gmt":"2019-06-18T10:53:32","slug":"enseignement-superieur-ugtt-cloturer-au-plus-tot-lannee-universitaire-est-une-necessite","status":"publish","type":"post","link":"https:\/\/linitiative.ca\/International\/enseignement-superieur-ugtt-cloturer-au-plus-tot-lannee-universitaire-est-une-necessite\/","title":{"rendered":"Enseignement sup\u00e9rieur-UGTT: Cl\u00f4turer, au plus t\u00f4t, l\u2019ann\u00e9e universitaire est une n\u00e9cessit\u00e9"},"content":{"rendered":"<p>Le ministre de l\u2019Enseignement sup\u00e9rieur et de la Recherche scientifique, Salim Khalbous, et le secr\u00e9taire g\u00e9n\u00e9ral de l\u2019Union g\u00e9n\u00e9rale tunisienne du Travail, Noureddine Tabboubi, ont soulign\u00e9 lundi au si\u00e8ge du minist\u00e8re, la n\u00e9cessit\u00e9 que l\u2019ann\u00e9e universitaire devrait \u00eatre cl\u00f4tur\u00e9e au plus t\u00f4t et d\u2019acc\u00e9l\u00e9rer la publication des accords conclus.<\/p>\n<p>Au cours de la r\u00e9union, les deux parties ont mis l\u2019accent sur la n\u00e9cessit\u00e9 de travailler ensemble pour boucler l\u2019ann\u00e9e universitaire le plus rapidement possible gr\u00e2ce aux efforts de tous les corps concern\u00e9s et des acteurs de l\u2019universit\u00e9 publique afin de pr\u00e9server les int\u00e9r\u00eats des \u00e9tudiants et la cr\u00e9dibilit\u00e9 du certificat scientifique tout en acc\u00e9l\u00e9rant la publication des accords sign\u00e9s entre le minist\u00e8re, l\u2019UGTT et le versement des primes qu\u2019ils pr\u00e9voient.<\/p>\n<p>Ils ont \u00e9galement soulign\u00e9 la n\u00e9cessit\u00e9 de finaliser dans les meilleurs d\u00e9lais la n\u00e9gociation du cadre juridique du nouveau statut des universitaires et d\u2019organiser une r\u00e9union conjointe entre le minist\u00e8re de l\u2019Enseignement sup\u00e9rieur et de la Recherche scientifique, l\u2019UGTT, le minist\u00e8re des Finances, et le minist\u00e8re de la Fonction publique afin d\u2019acc\u00e9l\u00e9rer toutes les proc\u00e9dures li\u00e9es \u00e0 la publication des textes juridiques, y compris les implications financi\u00e8res du nouveau statut des universitaires.<\/p>\n<p class=\"dpsp-share-text\">Partager c&rsquo;est aimer!<\/p>\n<div class=\"wp-post-author-wrap wp-post-author-shortcode left\">\n<h3 class=\"awpa-title\"\/>\n<div class=\"wp-post-author\">\n<div class=\"awpa-img awpa-author-block square\"><a href=\"http:\/\/lexpertjournal.net\/fr\/author\/expert\/\"><img loading=\"lazy\" decoding=\"async\" alt=\"\" src=\"http:\/\/2.gravatar.com\/avatar\/56d99be2a6f97af88ccb49fada637fcd?s=150&#038;d=mm&#038;r=g\" srcset=\"http:\/\/2.gravatar.com\/avatar\/56d99be2a6f97af88ccb49fada637fcd?s=300&#038;d=mm&#038;r=g 2x\" class=\"avatar avatar-150 photo\" height=\"150\" width=\"150\"\/><\/a><\/div>\n<\/div>\n<\/div>\n<p>Auteur: L&rsquo;expert<br \/>\n<a href=\"http:\/\/lexpertjournal.net\/fr\/2019\/06\/18\/enseignement-superieur-ugtt-cloturer-au-plus-tot-lannee-universitaire-est-une-necessite\/\">Cliquez ici pour lire l&rsquo;article depuis sa source.<\/a><\/p>\n","protected":false},"excerpt":{"rendered":"<p>Le ministre de l\u2019Enseignement sup\u00e9rieur et de la Recherche scientifique, Salim Khalbous, et le secr\u00e9taire g\u00e9n\u00e9ral de l\u2019Union g\u00e9n\u00e9rale tunisienne du Travail, Noureddine Tabboubi, ont soulign\u00e9 lundi au si\u00e8ge du minist\u00e8re, la n\u00e9cessit\u00e9 que l\u2019ann\u00e9e universitaire devrait \u00eatre cl\u00f4tur\u00e9e au plus t\u00f4t et d\u2019acc\u00e9l\u00e9rer la publication des accords conclus. Au cours de la r\u00e9union, les [&hellip;]<\/p>\n","protected":false},"author":1775,"featured_media":0,"comment_status":"closed","ping_status":"closed","sticky":false,"template":"","format":"standard","meta":{"fifu_image_url":"","fifu_image_alt":"","footnotes":""},"categories":[78,55],"tags":[],"class_list":["post-41257","post","type-post","status-publish","format-standard","hentry","category-economie","category-tunisie"],"_links":{"self":[{"href":"https:\/\/linitiative.ca\/International\/wp-json\/wp\/v2\/posts\/41257","targetHints":{"allow":["GET"]}}],"collection":[{"href":"https:\/\/linitiative.ca\/International\/wp-json\/wp\/v2\/posts"}],"about":[{"href":"https:\/\/linitiative.ca\/International\/wp-json\/wp\/v2\/types\/post"}],"author":[{"embeddable":true,"href":"https:\/\/linitiative.ca\/International\/wp-json\/wp\/v2\/users\/1775"}],"replies":[{"embeddable":true,"href":"https:\/\/linitiative.ca\/International\/wp-json\/wp\/v2\/comments?post=41257"}],"version-history":[{"count":0,"href":"https:\/\/linitiative.ca\/International\/wp-json\/wp\/v2\/posts\/41257\/revisions"}],"wp:attachment":[{"href":"https:\/\/linitiative.ca\/International\/wp-json\/wp\/v2\/media?parent=41257"}],"wp:term":[{"taxonomy":"category","embeddable":true,"href":"https:\/\/linitiative.ca\/International\/wp-json\/wp\/v2\/categories?post=41257"},{"taxonomy":"post_tag","embeddable":true,"href":"https:\/\/linitiative.ca\/International\/wp-json\/wp\/v2\/tags?post=41257"}],"curies":[{"name":"wp","href":"https:\/\/api.w.org\/{rel}","templated":true}]}}