{"id":41261,"date":"2019-06-18T06:00:00","date_gmt":"2019-06-18T10:00:00","guid":{"rendered":"https:\/\/linitiative.ca\/International\/porte-disparu-un-enfant-retrouve-mort-dans-un-puits\/"},"modified":"2019-06-18T06:00:00","modified_gmt":"2019-06-18T10:00:00","slug":"porte-disparu-un-enfant-retrouve-mort-dans-un-puits","status":"publish","type":"post","link":"https:\/\/linitiative.ca\/International\/porte-disparu-un-enfant-retrouve-mort-dans-un-puits\/","title":{"rendered":"Port\u00e9 disparu, un enfant retrouv\u00e9 mort dans un puits"},"content":{"rendered":"<div id=\"originalText\" readability=\"42\">\n<p>Un enfant a \u00e9t\u00e9 retrouv\u00e9 mort dans le puits d\u2019une ferme de la commune de Khadra (Mostaganem) quelques heures apr\u00e8s sa disparition, a-t-on appris hier de la direction locale de la Protection civile.\u00a0Les \u00e9l\u00e9ments de ce corps de secours sont intervenus, dimanche \u00e0 21h, \u00e0 la suite de l\u2019alerte donn\u00e9e apr\u00e8s la disparition d\u2019un enfant, au douar de Timtra\u00eft, relevant de la commune de Khadra (70 km \u00e0 l\u2019est de Mostaganem). La victime, \u00e2g\u00e9e de 7 ans, a \u00e9t\u00e9 retrouv\u00e9e morte dans un puits non entour\u00e9 d\u2019une profondeur de 7 m\u00e8tres.\u00a0<\/p>\n<\/div>\n<div id=\"text_core\" readability=\"42\">\n<p>Un enfant a \u00e9t\u00e9 retrouv\u00e9 mort dans le puits d\u2019une ferme de la commune de Khadra (Mostaganem) quelques heures apr\u00e8s sa disparition, a-t-on appris hier de la direction locale de la Protection civile.\u00a0Les \u00e9l\u00e9ments de ce corps de secours sont intervenus, dimanche \u00e0 21h, \u00e0 la suite de l\u2019alerte donn\u00e9e apr\u00e8s la disparition d\u2019un enfant, au douar de Timtra\u00eft, relevant de la commune de Khadra (70 km \u00e0 l\u2019est de Mostaganem). La victime, \u00e2g\u00e9e de 7 ans, a \u00e9t\u00e9 retrouv\u00e9e morte dans un puits non entour\u00e9 d\u2019une profondeur de 7 m\u00e8tres.\u00a0<\/p>\n<\/div>\n<p>Auteur:<br \/>\n<a href=\"https:\/\/www.liberte-algerie.com\/actualite\/porte-disparu-un-enfant-retrouve-mort-dans-un-puits-318042\">Cliquez ici pour lire l&rsquo;article depuis sa source.<\/a><\/p>\n","protected":false},"excerpt":{"rendered":"<p>Un enfant a \u00e9t\u00e9 retrouv\u00e9 mort dans le puits d\u2019une ferme de la commune de Khadra (Mostaganem) quelques heures apr\u00e8s sa disparition, a-t-on appris hier de la direction locale de la Protection civile.\u00a0Les \u00e9l\u00e9ments de ce corps de secours sont intervenus, dimanche \u00e0 21h, \u00e0 la suite de l\u2019alerte donn\u00e9e apr\u00e8s la disparition d\u2019un enfant, [&hellip;]<\/p>\n","protected":false},"author":1742,"featured_media":0,"comment_status":"closed","ping_status":"closed","sticky":false,"template":"","format":"standard","meta":{"fifu_image_url":"","fifu_image_alt":"","footnotes":""},"categories":[73,53],"tags":[],"class_list":["post-41261","post","type-post","status-publish","format-standard","hentry","category-actualite","category-algerie"],"_links":{"self":[{"href":"https:\/\/linitiative.ca\/International\/wp-json\/wp\/v2\/posts\/41261","targetHints":{"allow":["GET"]}}],"collection":[{"href":"https:\/\/linitiative.ca\/International\/wp-json\/wp\/v2\/posts"}],"about":[{"href":"https:\/\/linitiative.ca\/International\/wp-json\/wp\/v2\/types\/post"}],"author":[{"embeddable":true,"href":"https:\/\/linitiative.ca\/International\/wp-json\/wp\/v2\/users\/1742"}],"replies":[{"embeddable":true,"href":"https:\/\/linitiative.ca\/International\/wp-json\/wp\/v2\/comments?post=41261"}],"version-history":[{"count":0,"href":"https:\/\/linitiative.ca\/International\/wp-json\/wp\/v2\/posts\/41261\/revisions"}],"wp:attachment":[{"href":"https:\/\/linitiative.ca\/International\/wp-json\/wp\/v2\/media?parent=41261"}],"wp:term":[{"taxonomy":"category","embeddable":true,"href":"https:\/\/linitiative.ca\/International\/wp-json\/wp\/v2\/categories?post=41261"},{"taxonomy":"post_tag","embeddable":true,"href":"https:\/\/linitiative.ca\/International\/wp-json\/wp\/v2\/tags?post=41261"}],"curies":[{"name":"wp","href":"https:\/\/api.w.org\/{rel}","templated":true}]}}