{"id":41281,"date":"2019-06-18T15:14:12","date_gmt":"2019-06-18T19:14:12","guid":{"rendered":"https:\/\/linitiative.ca\/International\/ligue-1-2-crb-un-contrat-de-deux-ans-attend-amrani\/"},"modified":"2019-06-18T15:14:12","modified_gmt":"2019-06-18T19:14:12","slug":"ligue-1-2-crb-un-contrat-de-deux-ans-attend-amrani","status":"publish","type":"post","link":"https:\/\/linitiative.ca\/International\/ligue-1-2-crb-un-contrat-de-deux-ans-attend-amrani\/","title":{"rendered":"Ligue 1 &amp; 2 : CRB: Un contrat de deux ans attend Amrani"},"content":{"rendered":"<div readability=\"32\">\n<p>Auteur : <span>Islam Tazibt<\/span> <span class=\"time\">mardi 18 juin 2019 12:55<\/span><\/p>\n<\/div>\n<div id=\"post_core\" readability=\"55\">\n<p>C\u2019\u00e9tait dans le vent depuis quelques jours d\u00e9j\u00e0, c\u2019est d\u00e9sormais officiel : Abdelkader Amrani sera bel et bien l\u2019entraineur du Chabab de Belouizdad la saison prochaine. Le technicien originaire de Tlemcen, qui a r\u00e9ussi \u00e0 sauver le club de La\u00e2quiba d\u2019une rel\u00e9gation qui semblait quasi certaine en d\u00e9cembre dernier et qui lui a permis aussi de hisser sa huiti\u00e8me cons\u00e9cration en Coupe d\u2019Alg\u00e9rie, a donn\u00e9 son accord de principe pour poursuivre sa mission pour les deux saisons \u00e0 venir. C\u2019est ce que nous a confi\u00e9 une source proche du dossier. D\u2019ailleurs, Amrani qui est rentr\u00e9 au pays hier soir apr\u00e8s quelques jours de vacances pass\u00e9s \u00e0 l\u2019\u00e9tranger avec sa famille avait rendez-vous hier en fin d\u2019apr\u00e8s-midi avec Said Allik pour, justement, finaliser la signature du nouveau contrat.<\/p>\n<p><strong>Avec Allik, il a trac\u00e9 de nouveaux objectifs<\/strong><br \/>Qui dit nouvelle saison, dit nouvelles perspectives et qui dit nouveaux contrats, dit aussi nouveaux objectifs. Le nouveau contrat qui attend Abdelkader Amrani sera diff\u00e9rent de celui qu\u2019il a sign\u00e9 en d\u00e9cembre dernier quand il est venu principalement pour aider le Chabab \u00e0 se maintenir parmi l\u2019\u00e9lite. Et ce sur plusieurs points. D\u2019abord au niveau de la dur\u00e9e puisque comme r\u00e9v\u00e9l\u00e9 plus haut dans l\u2019article, l\u2019entraineur le plus titr\u00e9 en Coupe d\u2019Alg\u00e9rie devrait parapher un contrat de deux saisons. Mais c\u2019est surtout au niveau des objectifs que les choses ont le plus chang\u00e9. Fini les histoires de maintien et de bas du tableau, place d\u00e9sormais aux premiers r\u00f4les du championnat et \u00e0 une bonne participation en coupe africaine. Bien \u00e9videmment, le coach belouizdadi a pos\u00e9 ses conditions pour pourvoir atteindre ces objectifs, notamment en mati\u00e8re de recrutement.<\/p>\n<p><strong>Publi\u00e9 dans :<\/strong> <span>CRB<\/span> <span>Amrani<\/span> <span>Allik<\/span><\/p>\n<\/div>\n<p>Auteur:<br \/>\n<a href=\"http:\/\/www.lebuteur.com\/article\/detail?titre=crb-un-contrat-de-deux-ans-attend-amrani&#038;id=89669&#038;utm_source=feedburner&#038;utm_medium=feed&#038;utm_campaign=Feed%3A+GalerieFArtciles+%28Les+derniers+articles++-+lebuteur.com%29\">Cliquez ici pour lire l&rsquo;article depuis sa source.<\/a><\/p>\n","protected":false},"excerpt":{"rendered":"<p>Auteur : Islam Tazibt mardi 18 juin 2019 12:55 C\u2019\u00e9tait dans le vent depuis quelques jours d\u00e9j\u00e0, c\u2019est d\u00e9sormais officiel : Abdelkader Amrani sera bel et bien l\u2019entraineur du Chabab de Belouizdad la saison prochaine. Le technicien originaire de Tlemcen, qui a r\u00e9ussi \u00e0 sauver le club de La\u00e2quiba d\u2019une rel\u00e9gation qui semblait quasi certaine [&hellip;]<\/p>\n","protected":false},"author":1738,"featured_media":41282,"comment_status":"closed","ping_status":"closed","sticky":false,"template":"","format":"standard","meta":{"fifu_image_url":"","fifu_image_alt":"","footnotes":""},"categories":[53,75],"tags":[],"class_list":["post-41281","post","type-post","status-publish","format-standard","has-post-thumbnail","hentry","category-algerie","category-sport"],"_links":{"self":[{"href":"https:\/\/linitiative.ca\/International\/wp-json\/wp\/v2\/posts\/41281","targetHints":{"allow":["GET"]}}],"collection":[{"href":"https:\/\/linitiative.ca\/International\/wp-json\/wp\/v2\/posts"}],"about":[{"href":"https:\/\/linitiative.ca\/International\/wp-json\/wp\/v2\/types\/post"}],"author":[{"embeddable":true,"href":"https:\/\/linitiative.ca\/International\/wp-json\/wp\/v2\/users\/1738"}],"replies":[{"embeddable":true,"href":"https:\/\/linitiative.ca\/International\/wp-json\/wp\/v2\/comments?post=41281"}],"version-history":[{"count":0,"href":"https:\/\/linitiative.ca\/International\/wp-json\/wp\/v2\/posts\/41281\/revisions"}],"wp:featuredmedia":[{"embeddable":true,"href":"https:\/\/linitiative.ca\/International\/wp-json\/"}],"wp:attachment":[{"href":"https:\/\/linitiative.ca\/International\/wp-json\/wp\/v2\/media?parent=41281"}],"wp:term":[{"taxonomy":"category","embeddable":true,"href":"https:\/\/linitiative.ca\/International\/wp-json\/wp\/v2\/categories?post=41281"},{"taxonomy":"post_tag","embeddable":true,"href":"https:\/\/linitiative.ca\/International\/wp-json\/wp\/v2\/tags?post=41281"}],"curies":[{"name":"wp","href":"https:\/\/api.w.org\/{rel}","templated":true}]}}