{"id":41283,"date":"2019-06-18T15:14:13","date_gmt":"2019-06-18T19:14:13","guid":{"rendered":"https:\/\/linitiative.ca\/International\/ligue-1-2-jsk-ammar-el-orfi-realise-le-reve-de-ses-parents\/"},"modified":"2019-06-18T15:14:13","modified_gmt":"2019-06-18T19:14:13","slug":"ligue-1-2-jsk-ammar-el-orfi-realise-le-reve-de-ses-parents","status":"publish","type":"post","link":"https:\/\/linitiative.ca\/International\/ligue-1-2-jsk-ammar-el-orfi-realise-le-reve-de-ses-parents\/","title":{"rendered":"Ligue 1 &amp; 2 : JSK : Ammar El Orfi r\u00e9alise le r\u00eave de ses parents"},"content":{"rendered":"<div readability=\"32\">\n<p>Auteur : <span>S. D.<\/span> <span class=\"time\">mardi 18 juin 2019 12:55<\/span><\/p>\n<\/div>\n<div id=\"post_core\" readability=\"130\">\n<p>C\u2019est d\u00e9sormais officiel, Ammar El Orfi est un joueur de la JSK. Le d\u00e9sormais ancien milieu de terrain de l\u2019USMA, \u00e2g\u00e9 de 21 ans, le fr\u00e8re cadet de Hocine, a r\u00e9cemment paraph\u00e9 un contrat de trois ans. Il a, en effet, \u00e9t\u00e9 pr\u00e9sent\u00e9 officiellement \u00e0 la presse dimanche soir, en pr\u00e9sence du pr\u00e9sident Ch\u00e9rif Mellal ainsi que d\u2019autres dirigeants. A en croire nos informations, la JSK a frapp\u00e9 un grand coup avec l\u2019arriv\u00e9e de ce jeune talentueux joueur consid\u00e9r\u00e9 comme \u00e9tant une \u00e9toile montante \u00e0 l\u2019USMA.<\/p>\n<p><strong>Il portera le num\u00e9ro 6<\/strong><br \/>D\u2019apr\u00e8s nos informations, Ammar El Orfi, qui est d\u00e9sormais officiellement \u00e0 la JSK, portera le num\u00e9ro 6 qui appartenait \u00e0 Lyes Benyoucef. L\u2019ancien Usmiste a d\u00e9sormais h\u00e2te de reprendre l\u2019entra\u00eenement et de d\u00e9couvrir l\u2019ambiance du 1er-Novembre.<\/p>\n<p><strong>Son p\u00e8re derri\u00e8re ce choix<\/strong><br \/>Apr\u00e8s un long moment d\u2019h\u00e9sitation, Ammar EL Orfi a fini par prendre une d\u00e9cision, celle de rejoindre le club le plus titr\u00e9 d\u2019Alg\u00e9rie. Malgr\u00e9 le fait qu\u2019il ait \u00e9t\u00e9 courtis\u00e9 par plusieurs \u00e9quipes, il a pr\u00e9f\u00e9r\u00e9 r\u00e9alis\u00e9 le r\u00eave de son p\u00e8re qui l\u2019a beaucoup encourag\u00e9 \u00e0 vivre une exp\u00e9rience avec les Jaune et Vert. Il faut aussi rappeler que son fr\u00e8re Hocine, qui avait jou\u00e9 \u00e0 la JSK, y est pour beaucoup dans ce transfert.<\/p>\n<p><strong>L\u2019objectif : d\u00e9crocher un contrat professionnel bient\u00f4t<\/strong><br \/>Si la direction kabyle avait tard\u00e9 \u00e0 annoncer l\u2019arriv\u00e9e d\u2019El Orfi, c\u2019est parce qu\u2019il y avait un l\u00e9ger diff\u00e9rend dans le contrat. Mais apr\u00e8s avoir tout r\u00e9gl\u00e9, le joueur a accept\u00e9 de s\u2019engager, lui qui souhaite d\u00e9crocher bient\u00f4t un contrat professionnel en Europe. Ses qualit\u00e9s, selon ses proches, vont lui permettre de s\u2019imposer et d\u2019attirer les convoitises d\u2019ici \u00e0 la fin de la saison prochaine.<br \/>\u00a0<\/p>\n<p><strong>Ammar El Orfi : \u00abLa JSK constituera un tremplin pour l\u2019Europe\u00bb<\/strong><\/p>\n<p>Au lendemain de sa pr\u00e9sentation \u00e0 la presse, nous avons joint le jeune milieu de terrain Ammar El Orfi. Le d\u00e9sormais ancien Usmiste s\u2019est dit heureux et honor\u00e9 de rejoindre une aussi grande \u00e9quipe qui, selon lui, lui permettra de progresser et de d\u00e9crocher rapidement un contrat en Europe, lui qui souhaite jouer \u00e0 l\u2019\u00e9tranger.<br \/><strong>F\u00e9licitations, vous \u00eates officiellement un joueur de la JSK pour les trois prochaines saisons. Un commentaire ?<\/strong><br \/>Je suis tr\u00e8s content d\u2019avoir rejoint cette grande \u00e9quipe. J\u2019ai d\u00e9fendu le maillot de l\u2019USMA et maintenant, je vais vivre une nouvelle exp\u00e9rience. Je ne vous cache pas que je suis aux anges. J\u2019esp\u00e8re que je serai \u00e0 la hauteur car je souhaite vraiment marquer mon passage \u00e0 la JSK.<\/p>\n<p><strong>Qui vous a encourag\u00e9 \u00e0 rejoindre la JSK ?<\/strong><br \/>Sinc\u00e8rement, d\u00e8s le d\u00e9but, je voulais d\u00e9fendre le maillot de cette prestigieuse \u00e9quipe. Il y a aussi mon fr\u00e8re Hocine ainsi que mes parents. Ils m\u2019ont beaucoup soutenu car ce n\u2019est pas facile de g\u00e9rer une telle p\u00e9riode pour un jeune joueur comme moi. Dieu merci, tout s\u2019est bien d\u00e9roul\u00e9.<\/p>\n<p><strong>Vous \u00eates jeune mais on dit que vous \u00eates talentueux, qu\u2019avez-vous \u00e0 dire l\u00e0-dessus ?<\/strong><br \/>(Rires) Je pr\u00e9f\u00e8re parler de mon talent sur le terrain. Je suis jeune en pleine progression. Je vais tout donner pour apporter un plus \u00e0 la JSK. Les dirigeants m\u2019ont fait confiance, je ne vais pas les d\u00e9cevoir.<\/p>\n<p><strong>A quel poste vous sentez-vous \u00e0 l\u2019aise ?<\/strong><br \/>Je suis polyvalent, je peux jouer \u00e0 plusieurs postes du milieu de terrain, que ce soit d\u00e9fensif ou offensif. En v\u00e9rit\u00e9, je suis pr\u00eat \u00e0 \u00e9voluer dans n\u2019importe quelle position car le plus important, c\u2019est d\u2019\u00eatre utile et d\u2019apporter un plus. Je suis venu \u00e0 la JSK pour faire la diff\u00e9rence et donner une autre dimension \u00e0 ma carri\u00e8re.<\/p>\n<p><strong>Ne craignez-vous pas la concurrence ?<\/strong><br \/>Non, la concurrence ne m\u2019a jamais pos\u00e9 probl\u00e8me. Je suis quelqu\u2019un qui croit au travail et au s\u00e9rieux. Je vais travailler d\u2019arrache-pied pour gagner ma place et faire la diff\u00e9rence. Et puis, la concurrence ne pourra \u00eatre que b\u00e9n\u00e9fique pour le club puisque chaque \u00e9l\u00e9ment donnera le meilleur pour s\u2019imposer.<\/p>\n<p><strong>Quels sont vos objectifs avec la JSK ?<\/strong><br \/>Je suis quelqu\u2019un de tr\u00e8s ambitieux. Si je suis venu \u00e0 la JSK, c\u2019est pour m\u2019imposer et gagner des titres. Je souhaite que la saison prochaine, on parviendra \u00e0 soulever un troph\u00e9e. Je souhaite aussi d\u00e9crocher un contrat professionnel car jouer en Europe a toujours \u00e9t\u00e9 un r\u00eave pour moi.<\/p>\n<p><strong>Les supporters ne vous connaissent pas trop, avez-vous un message \u00e0 leur adresser ?<\/strong><br \/>S\u2019ils ne me connaissent pas, je leur donne rendez-vous sur le terrain. Je sais qu\u2019ils ont \u00e9t\u00e9 derri\u00e8re l\u2019\u00e9quipe depuis le d\u00e9but de saison et que c\u2019est gr\u00e2ce \u00e0 eux que les r\u00e9sultats ont \u00e9t\u00e9 brillants. J\u2019esp\u00e8re que je vais pouvoir leur procurer de la joie.<\/p>\n<p><strong>Publi\u00e9 dans :<\/strong> <span>JSK<\/span> <span>Ammar El Orfi<\/span><\/p>\n<\/div>\n<p>Auteur:<br \/>\n<a href=\"http:\/\/www.lebuteur.com\/article\/detail?titre=jsk-ammar-el-orfi-realise-le-reve-de-ses-parents&#038;id=89667&#038;utm_source=feedburner&#038;utm_medium=feed&#038;utm_campaign=Feed%3A+GalerieFArtciles+%28Les+derniers+articles++-+lebuteur.com%29\">Cliquez ici pour lire l&rsquo;article depuis sa source.<\/a><\/p>\n","protected":false},"excerpt":{"rendered":"<p>Auteur : S. D. mardi 18 juin 2019 12:55 C\u2019est d\u00e9sormais officiel, Ammar El Orfi est un joueur de la JSK. Le d\u00e9sormais ancien milieu de terrain de l\u2019USMA, \u00e2g\u00e9 de 21 ans, le fr\u00e8re cadet de Hocine, a r\u00e9cemment paraph\u00e9 un contrat de trois ans. Il a, en effet, \u00e9t\u00e9 pr\u00e9sent\u00e9 officiellement \u00e0 la [&hellip;]<\/p>\n","protected":false},"author":1738,"featured_media":41284,"comment_status":"closed","ping_status":"closed","sticky":false,"template":"","format":"standard","meta":{"fifu_image_url":"","fifu_image_alt":"","footnotes":""},"categories":[53,75],"tags":[],"class_list":["post-41283","post","type-post","status-publish","format-standard","has-post-thumbnail","hentry","category-algerie","category-sport"],"_links":{"self":[{"href":"https:\/\/linitiative.ca\/International\/wp-json\/wp\/v2\/posts\/41283","targetHints":{"allow":["GET"]}}],"collection":[{"href":"https:\/\/linitiative.ca\/International\/wp-json\/wp\/v2\/posts"}],"about":[{"href":"https:\/\/linitiative.ca\/International\/wp-json\/wp\/v2\/types\/post"}],"author":[{"embeddable":true,"href":"https:\/\/linitiative.ca\/International\/wp-json\/wp\/v2\/users\/1738"}],"replies":[{"embeddable":true,"href":"https:\/\/linitiative.ca\/International\/wp-json\/wp\/v2\/comments?post=41283"}],"version-history":[{"count":0,"href":"https:\/\/linitiative.ca\/International\/wp-json\/wp\/v2\/posts\/41283\/revisions"}],"wp:featuredmedia":[{"embeddable":true,"href":"https:\/\/linitiative.ca\/International\/wp-json\/"}],"wp:attachment":[{"href":"https:\/\/linitiative.ca\/International\/wp-json\/wp\/v2\/media?parent=41283"}],"wp:term":[{"taxonomy":"category","embeddable":true,"href":"https:\/\/linitiative.ca\/International\/wp-json\/wp\/v2\/categories?post=41283"},{"taxonomy":"post_tag","embeddable":true,"href":"https:\/\/linitiative.ca\/International\/wp-json\/wp\/v2\/tags?post=41283"}],"curies":[{"name":"wp","href":"https:\/\/api.w.org\/{rel}","templated":true}]}}