{"id":41285,"date":"2019-06-18T15:14:14","date_gmt":"2019-06-18T19:14:14","guid":{"rendered":"https:\/\/linitiative.ca\/International\/ligue-1-2-jsk-jean-christophe-hourcade-on-ma-confie-trois-taches-jespere-etre-a-la-hauteur\/"},"modified":"2019-06-18T15:14:14","modified_gmt":"2019-06-18T19:14:14","slug":"ligue-1-2-jsk-jean-christophe-hourcade-on-ma-confie-trois-taches-jespere-etre-a-la-hauteur","status":"publish","type":"post","link":"https:\/\/linitiative.ca\/International\/ligue-1-2-jsk-jean-christophe-hourcade-on-ma-confie-trois-taches-jespere-etre-a-la-hauteur\/","title":{"rendered":"Ligue 1 &amp; 2 : JSK \/ Jean-Christophe Hourcade: \u00abOn m\u2019a confi\u00e9 trois t\u00e2ches, j\u2019esp\u00e8re \u00eatre \u00e0 la hauteur\u00bb"},"content":{"rendered":"<div readability=\"32\">\n<p>Auteur : <span>Sa\u00efd D.<\/span> <span class=\"time\">mardi 18 juin 2019 12:55<\/span><\/p>\n<\/div>\n<div id=\"post_core\" readability=\"60\">\n<p>Hier, en fin de soir\u00e9e, nous avons pu contacter le nouveau pr\u00e9parateur physique de la JSK, Jean-Christophe Hourcade. Apr\u00e8s avoir sign\u00e9 son nouveau contrat, il a accept\u00e9 de nous livrer ses impressions. Il a, dans un premier temps, d\u00e9clar\u00e9 qu\u2019il \u00e9tait content de rejoindre une aussi grande \u00e9quipe comme la JSK : \u00abJe suis tr\u00e8s content de rejoindre cette grande \u00e9quipe. J\u2019ai d\u00e9j\u00e0 collabor\u00e9 avec la F\u00e9d\u00e9ration alg\u00e9rienne de football dans les cycles des pr\u00e9parateurs physiques mais je ne connais pas la ville de Tizi Ouzou. Pour ce qui est de la JSK, c\u2019est une \u00e9quipe que tout le monde conna\u00eet. J\u2019ai paraph\u00e9 mon contrat et j\u2019aurai trois t\u00e2ches \u00e0 assumer. J\u2019esp\u00e8re que j\u2019aurai le soutien des personnes en place pour pouvoir apporter un plus.\u00bb<\/p>\n<p><strong>\u00abJ\u2019esp\u00e8re qu\u2019on fera mieux que la saison pass\u00e9e\u00bb<\/strong><br \/>Concernant ses objectifs, Jean- Christophe dira : \u00abOn sait tous que la JSK a r\u00e9alis\u00e9 un parcours remarquable la saison pass\u00e9e. Il y a une ann\u00e9e, personne n\u2019avait mis\u00e9 sur ce groupe qui a termin\u00e9 deuxi\u00e8me et est qualifi\u00e9 \u00e0 la Ligue des champions. Notre objectif est de faire mieux la saison prochaine.\u00bb<\/p>\n<p><strong>\u00abJ\u2019assurerai toute la pr\u00e9paration physique\u00a0d\u00e8s le 29 juin\u00bb<\/strong><br \/>Concernant son travail, le nouveau pr\u00e9parateur physique estime qu\u2019il sera pr\u00e9sent d\u00e8s le premier stage : \u00abJ\u2019ai \u00e9t\u00e9 engag\u00e9 pour assurer toute la pr\u00e9paration physique. Je serai pr\u00e9sent d\u00e8s la reprise soit le 29 juin. Pour le moment, la possibilit\u00e9 d\u2019engager un autre pr\u00e9parateur est envisageable, pour que je puisse m\u2019occuper des autres t\u00e2ches, notamment au niveau de l\u2019acad\u00e9mie.\u00bb<br \/>\u00a0<\/p>\n<p><strong>Publi\u00e9 dans :<\/strong> <span>JSK<\/span> <span>Jean-Christophe Hourcade<\/span><\/p>\n<\/div>\n<p>Auteur:<br \/>\n<a href=\"http:\/\/www.lebuteur.com\/article\/detail?titre=jsk-jean-christophe-hourcade-on-ma-confie-trois-taches-jespere-etre-a-la-hauteur&#038;id=89666&#038;utm_source=feedburner&#038;utm_medium=feed&#038;utm_campaign=Feed%3A+GalerieFArtciles+%28Les+derniers+articles++-+lebuteur.com%29\">Cliquez ici pour lire l&rsquo;article depuis sa source.<\/a><\/p>\n","protected":false},"excerpt":{"rendered":"<p>Auteur : Sa\u00efd D. mardi 18 juin 2019 12:55 Hier, en fin de soir\u00e9e, nous avons pu contacter le nouveau pr\u00e9parateur physique de la JSK, Jean-Christophe Hourcade. Apr\u00e8s avoir sign\u00e9 son nouveau contrat, il a accept\u00e9 de nous livrer ses impressions. Il a, dans un premier temps, d\u00e9clar\u00e9 qu\u2019il \u00e9tait content de rejoindre une aussi [&hellip;]<\/p>\n","protected":false},"author":1738,"featured_media":41286,"comment_status":"closed","ping_status":"closed","sticky":false,"template":"","format":"standard","meta":{"fifu_image_url":"","fifu_image_alt":"","footnotes":""},"categories":[53,75],"tags":[],"class_list":["post-41285","post","type-post","status-publish","format-standard","has-post-thumbnail","hentry","category-algerie","category-sport"],"_links":{"self":[{"href":"https:\/\/linitiative.ca\/International\/wp-json\/wp\/v2\/posts\/41285","targetHints":{"allow":["GET"]}}],"collection":[{"href":"https:\/\/linitiative.ca\/International\/wp-json\/wp\/v2\/posts"}],"about":[{"href":"https:\/\/linitiative.ca\/International\/wp-json\/wp\/v2\/types\/post"}],"author":[{"embeddable":true,"href":"https:\/\/linitiative.ca\/International\/wp-json\/wp\/v2\/users\/1738"}],"replies":[{"embeddable":true,"href":"https:\/\/linitiative.ca\/International\/wp-json\/wp\/v2\/comments?post=41285"}],"version-history":[{"count":0,"href":"https:\/\/linitiative.ca\/International\/wp-json\/wp\/v2\/posts\/41285\/revisions"}],"wp:featuredmedia":[{"embeddable":true,"href":"https:\/\/linitiative.ca\/International\/wp-json\/"}],"wp:attachment":[{"href":"https:\/\/linitiative.ca\/International\/wp-json\/wp\/v2\/media?parent=41285"}],"wp:term":[{"taxonomy":"category","embeddable":true,"href":"https:\/\/linitiative.ca\/International\/wp-json\/wp\/v2\/categories?post=41285"},{"taxonomy":"post_tag","embeddable":true,"href":"https:\/\/linitiative.ca\/International\/wp-json\/wp\/v2\/tags?post=41285"}],"curies":[{"name":"wp","href":"https:\/\/api.w.org\/{rel}","templated":true}]}}