{"id":41287,"date":"2019-06-18T15:14:16","date_gmt":"2019-06-18T19:14:16","guid":{"rendered":"https:\/\/linitiative.ca\/International\/ligue-1-2-jsk-velud-nouvel-entraineur-pour-3-ans\/"},"modified":"2019-06-18T15:14:16","modified_gmt":"2019-06-18T19:14:16","slug":"ligue-1-2-jsk-velud-nouvel-entraineur-pour-3-ans","status":"publish","type":"post","link":"https:\/\/linitiative.ca\/International\/ligue-1-2-jsk-velud-nouvel-entraineur-pour-3-ans\/","title":{"rendered":"Ligue 1 &amp; 2 : JSK: Velud nouvel entra\u00eeneur pour 3 ans"},"content":{"rendered":"<div readability=\"32\">\n<p>Auteur : <span>Sa\u00efd Djoudi<\/span> <span class=\"time\">mardi 18 juin 2019 12:55<\/span><\/p>\n<\/div>\n<div id=\"post_core\" readability=\"124\">\n<p>C\u2019est d\u00e9sormais officiel ! Hubert Velud a \u00e9t\u00e9 nomm\u00e9 nouvel entra\u00eeneur de la JSK, en remplacement de Franck Dumas. Le nouveau coach kabyle a paraph\u00e9, hier \u00e0 \u00c9vian, un contrat de trois ans et d\u00e9butera ainsi sa mission \u00e0 la t\u00eate de la barre technique des Jaune et Vert. En l\u2019absence de Cherif Mellal, retenu par des obligations personnelles, trois personnes ont assist\u00e9 \u00e0 la c\u00e9r\u00e9monie de signature du contrat. Il s\u2019agit de Ghilas Mellal, Jean-Yves Chay et du nouveau pr\u00e9parateur physique de l\u2019\u00e9quipe Jean-Christophe Hourcade. Ainsi, la direction kabyle vient d\u2019opter de nouveau pour la stabilit\u00e9 et mise \u00e9norm\u00e9ment sur le travail \u00e0 long terme. Le projet sportif de l\u2019actuelle direction repose sur la continuit\u00e9 et la poursuite du chantier entam\u00e9 il y a presque deux ans. Du coup, Velud devrait faire mieux que son pr\u00e9d\u00e9cesseur mais surtout faire bonne figure en Ligue des champions. B\u00e9n\u00e9ficiant d\u2019un capital exp\u00e9rience assez important sur le plan continental, il semble bien plac\u00e9 pour faire avancer la JSK et concr\u00e9tiser ainsi le grand retour des Kabyles sur la sc\u00e8ne africaine. En somme, le staff technique de la JSK sera compos\u00e9 de Velud, Karouf, Hourcade et Hamenad.<br \/><strong>Hourcade lui a emboit\u00e9 le pas<\/strong><br \/>L\u2019installation d\u2019Hubert Velud \u00e0 la t\u00eate de la barre technique de la JSK a \u00e9t\u00e9 confirm\u00e9e au centre de pr\u00e9paration d\u2019\u00c9vian. Hier, \u00e0 l\u2019issue de la signature du bail, la direction kabyle a proc\u00e9d\u00e9 aussi \u00e0 la nomination d\u2019un nouveau pr\u00e9parateur physique. Comme anticip\u00e9 sur ces m\u00eames colonnes, Jean-Christophe Hourcade a sign\u00e9, lui aussi, un contrat d\u2019un an. D\u00e9tenteur d\u2019un doctorat en sciences des sports, l\u2019autre membre du nouveau staff technique devrait accompagner Velud \u00e0 concr\u00e9tiser le projet sportif kabyle.\u00a0<br \/><strong>Propos\u00e9 par Chay et valid\u00e9 par Velud<\/strong><br \/>Le rempla\u00e7ant de Rodolphe devrait entamer sa premi\u00e8re exp\u00e9rience en Alg\u00e9rie \u00e0 la fin du mois. Il \u00e9paulera aussi Hubert Velud pour la premi\u00e8re fois puisque les deux techniciens ne se connaissent pas. En effet, c\u2019est Jean-Yves Chay qui est derri\u00e8re la venue d\u2019Hourcade puisque c\u2019est lui qui a propos\u00e9 son CV \u00e0 Cherif Mellal. Ce dernier n\u2019a pas h\u00e9sit\u00e9 \u00e0 lui faire parapher un bail d\u2019une ann\u00e9e. L\u2019interm\u00e9diation de Chay a \u00e9t\u00e9 aussi valid\u00e9e par le nouveau coach kabyle qui a vite donn\u00e9 son accord et accept\u00e9 de collaborer avec Hourcade. A pr\u00e9sent que la question du nouveau staff a \u00e9t\u00e9 ficel\u00e9e et r\u00e9gl\u00e9e, la direction devrait se tourner vers la finalisation du dossier recrutement et accomplir la pr\u00e9paration du stage d\u2019intersaison.<br \/><strong>Il est rentr\u00e9 directement \u00e0 Paris<\/strong><br \/>\u00c0 l\u2019exception d\u2019un seul membre, les pr\u00e9sents lors de l\u2019officialisation de la venue d\u2019Hubert Velud ont pass\u00e9 la nuit \u00e0 \u00c9vian. L\u2019entra\u00eeneur de la JSK, Ghilas Mellal, et Jean-Yves Chay devront rentrer chez eux aujourd\u2019hui, apr\u00e8s avoir r\u00e9gl\u00e9 la question du staff technique. Par contre, le nouveau pr\u00e9parateur physique de la JSK, Jean-Christophe Bourcade, n\u2019a pas prolong\u00e9 son s\u00e9jour \u00e0 \u00c9vian et a pr\u00e9f\u00e9r\u00e9 renter chez lui en fin d\u2019apr\u00e8s-midi. Il a emprunt\u00e9 le train de Paris pour rentrer chez lui et constituer son dossier qu\u2019il d\u00e9posera au niveau de la direction du club afin qu\u2019on lui d\u00e9livre son permis de travail et sa licence dans les meilleurs d\u00e9lais.<br \/><strong>Le centre d\u2019\u00c9vian visit\u00e9<\/strong><br \/>Profitant de leur pr\u00e9sence \u00e0 \u00c9vian o\u00f9 on a proc\u00e9d\u00e9 \u00e0 la signature du contrat de Velud et d\u2019Hourcade, la d\u00e9l\u00e9gation kabyle a tenu \u00e0 effectuer une visite au centre de pr\u00e9paration o\u00f9 devrait s\u00e9journer la JSK le mois prochain. Les deux membres du staff technique ainsi que Ghilas Mellal et Jean-Yves Chay ont inspect\u00e9 les infrastructures et constat\u00e9 de visu les commodit\u00e9s qu\u2019offrira le centre d\u2019\u00c9vian aux joueurs kabyles lors de leur stage de pr\u00e9paration pr\u00e9vu du 10 au 25 juillet. Les Kabyles \u00e9taient satisfaits des conditions d\u2019h\u00e9bergement et des infrastructures sportives qui seront mises \u00e0 la disposition de la JSK lors de ce premier regroupement de la saison.<br \/><strong>Rendez-vous le 29 juin \u00e0 Tizi<\/strong><br \/>La journ\u00e9e d\u2019hier a \u00e9t\u00e9 mouvement\u00e9e pour la d\u00e9l\u00e9gation kabyle pr\u00e9sente \u00e0 \u00c9vian. La direction a r\u00e9ussi d\u2019une pierre deux coups. D\u2019abord, l\u2019officialisation du recrutement de Velud et Hourcade et l\u2019inspection du centre de pr\u00e9paration d\u2019\u00c9vian qui accueillera la JSK le mois prochain. D\u00e9sormais, le rendez-vous a \u00e9t\u00e9 donn\u00e9 pour le 29 juin prochain \u00e0 Tizi-Ouzou, pour entamer officiellement la pr\u00e9paration du nouvel exercice 2019-2020. En effet, joueurs, membres du staff technique et m\u00e9dical ainsi que les dirigeants se sont donn\u00e9 rendez-vous pour la reprise de l\u2019entra\u00eenement pr\u00e9vue \u00e0 la fin du mois. Le compte \u00e0 rebours a commenc\u00e9 et tout le monde esp\u00e8re une meilleure moisson et d\u2019autres nouvelles sensations.<br \/>\u00a0<\/p>\n<p><strong>\u00abDurant ces trois ans de contrat, on t\u00e2chera de r\u00e9aliser quelque chose d\u2019exceptionnel\u00bb<\/strong><\/p>\n<p>Hier, en fin de soir\u00e9e, quelques heures apr\u00e8s la signature du contrat, nous avons pu joindre le nouvel entraineur, Hubert Velud, qui s\u2019est exprim\u00e9 en toute sinc\u00e9rit\u00e9, lui qui \u00e9tait content d\u2019avoir retrouv\u00e9 le championnat alg\u00e9rien. Il a, en effet, profit\u00e9 pour \u00e9voquer plusieurs sujets, notamment le recrutement qui, selon lui, se d\u00e9roule dans de tr\u00e8s bonnes conditions.\u00a0<\/p>\n<p><strong>F\u00e9licitations, vous \u00eates d\u00e9sormais le nouvel entra\u00eeneur de la JSK. Un commentaire ?<\/strong><br \/>Je suis tr\u00e8s heureux d\u2019avoir trouv\u00e9 un terrain d\u2019entente avec les dirigenats de la JSK. Je ne vous cache pas, c\u2019est un immense plaisir pour moi de retrouver le championnat alg\u00e9rien. Je garde de tr\u00e8s bons souvenirs depuis mes deux passages en Alg\u00e9rie. J\u2019esp\u00e8re que cette fois, je r\u00e9ussirai \u00e0 apporter un plus \u00e0 la JSK, un grand club.<br \/><strong>Vous confirmez la signature d\u2019un contrat de trois ans ?<\/strong><br \/>Oui, je suis l\u2019entra\u00eeneur de la JSK pour les trois prochaines ann\u00e9es. Nous avons parl\u00e9 d\u2019un projet sportif tr\u00e8s int\u00e9ressant. C\u2019est d\u2019ailleurs ce qui m\u2019a pouss\u00e9 \u00e0 accepter de signer un contrat d\u2019une aussi longue dur\u00e9e. Nous avons des objectifs \u00e0 atteindre. J\u2019esp\u00e8re qu\u2019on sera \u00e0 la hauteur car la JSK est appel\u00e9e \u00e0 faire mieux que la saison pass\u00e9e. Autrement dit, la moindre des choses serait de remporter la Coupe d\u2019Alg\u00e9rie ou le championnat. Il faut aussi aller le plus loin possible en Ligue des champions.\u00a0<br \/><strong>Nous avons appris que vous avez profit\u00e9 de votre pr\u00e9sence \u00e0 Evian pour visiter les installations du centre qui abritera le stage de pr\u00e9paration de l\u2019\u00e9quipe. Que pensez-vous des conditions trouv\u00e9es ?<\/strong><br \/>Je n\u2019ai rien \u00e0 dire, c\u2019est tellement beau et magnifique qu\u2019on sait d\u2019ores et d\u00e9j\u00e0 qu\u2019on ne manquera de rien. C\u2019est un centre qui appartient \u00e0 un club professionnel, Evian Thonon Gaillard en l\u2019occurrence. Du coup, on sait que les installations sont magnifiques et nous serons entour\u00e9s de montagnes. Un endroit paradisiaque tout simplement.<br \/><strong>Avez-vous pu discuter du recrutement qui se poursuit toujours \u00e0 la JSK ?<\/strong><br \/>Oui, nous avons pu organiser une r\u00e9union durant laquelle nous avons \u00e9voqu\u00e9 plusieurs sujets, notamment le recrutement. Il y a des joueurs que nous avons cibl\u00e9s, des locaux et des \u00e9trangers. J\u2019estime que nous avons cibl\u00e9 de tr\u00e8s bons \u00e9l\u00e9ments. Il ne reste qu\u2019\u00e0 finaliser avec eux.<br \/><strong>Que pensez-vous des joueurs africains convoit\u00e9s ?<\/strong><br \/>Ils ont donn\u00e9 bonne impression, d\u2019apr\u00e8s ce que j\u2019ai pu voir, mais il faut continuer \u00e0 bien les analyser. Nous allons prendre tout notre temps, avant de trancher d\u00e9finitivement car nous souhaitons engager les meilleurs joueurs.<br \/><strong>Avez-vous parl\u00e9 des lib\u00e9r\u00e9s ?<\/strong><br \/>Oui, nous avons aussi parl\u00e9 des joueurs qui ne seront pas maintenus. Sinc\u00e8rement, je ne garde pas les noms puisque je ne les connais pas. L\u2019essentiel, c\u2019est que le sujet a \u00e9t\u00e9 \u00e9voqu\u00e9 lors de la r\u00e9union.<br \/><strong>Est-il vrai que Jean-Yves Chay sera appel\u00e9 \u00e0 mettre la main \u00e0 la p\u00e2te, vu son exp\u00e9rience ?<\/strong><br \/>Oui, Jean-Yves occupera le poste de directeur technique. Autrement dit, il aura toutes les pr\u00e9rogatives d\u2019un directeur. C\u2019est quelqu\u2019un que je connais depuis longtemps et que je respecte beaucoup. Je suis heureux qu\u2019il soit avec nous<br \/><strong>Que pensez-vous du nouveau pr\u00e9parateur physique ?<\/strong><br \/>C\u2019est quelqu\u2019un de comp\u00e9tent qui conna\u00eet bien son travail. Ses dipl\u00f4mes le confirment d\u00e9j\u00e0. Il a travaill\u00e9 avec plusieurs \u00e9quipes et les fruits de son travail ont toujours port\u00e9 leurs fruits. Je tiens aussi \u00e0 dire qu\u2019on devrait engager un deuxi\u00e8me pr\u00e9parateur physique qui sera l\u2019adjoint de Jean-Christophe. On annoncera bient\u00f4t son nom.\u00a0<br \/><strong>Votre staff sera-t-il renforc\u00e9 ?<\/strong><br \/>En plus des deux pr\u00e9parateurs, y aura aussi Mourad Karouf. J\u2019esp\u00e8re qu\u2019on r\u00e9alisera les meilleurs r\u00e9sultats possibles et qu\u2019on ira jusqu\u2019au bout de nos r\u00eaves. La JSK est une \u00e9quipe de titres, il faut continuer de travailler afin de r\u00e9aliser d\u2019autres performances et gagner des troph\u00e9es.\u00a0<br \/><strong>On a l\u2019impression que vous \u00eates d\u00e9termin\u00e9s, coach ?<\/strong><br \/>Oui, je le suis. Si j\u2019ai accept\u00e9 de travailler \u00e0 la JSK, c\u2019est pour participer dans le projet mis en place par la direction et essayer de faire plaisir aux supporters. Apr\u00e8s le parcours de la saison pass\u00e9e, on doit faire mieux la saison prochaine.\u00a0<br \/><strong>Avant de conclure, porrait-on conna\u00eetre la date de votre venue en Alg\u00e9rie ?<\/strong><br \/>Ce sera entre le 25 et le 27 juin prochain. Je vais d\u00e9poser le visa, le temps de r\u00e9cup\u00e9rer mon passeport pour que je puisse venir.\u00a0<br \/><strong>On vous remercie de votre disponibilit\u00e9\u2026<\/strong><br \/>Y a pas de quoi, je vous remercie aussi. Bonne soir\u00e9e.\u00a0<br \/>\u00a0<\/p>\n<p><strong>Publi\u00e9 dans :<\/strong> <span>JSK<\/span> <span>Hubert Velud<\/span><\/p>\n<\/div>\n<p>Auteur:<br \/>\n<a href=\"http:\/\/www.lebuteur.com\/article\/detail?titre=jsk-velud-nouvel-entraineur-pour-3-ans&#038;id=89665&#038;utm_source=feedburner&#038;utm_medium=feed&#038;utm_campaign=Feed%3A+GalerieFArtciles+%28Les+derniers+articles++-+lebuteur.com%29\">Cliquez ici pour lire l&rsquo;article depuis sa source.<\/a><\/p>\n","protected":false},"excerpt":{"rendered":"<p>Auteur : Sa\u00efd Djoudi mardi 18 juin 2019 12:55 C\u2019est d\u00e9sormais officiel ! Hubert Velud a \u00e9t\u00e9 nomm\u00e9 nouvel entra\u00eeneur de la JSK, en remplacement de Franck Dumas. Le nouveau coach kabyle a paraph\u00e9, hier \u00e0 \u00c9vian, un contrat de trois ans et d\u00e9butera ainsi sa mission \u00e0 la t\u00eate de la barre technique des [&hellip;]<\/p>\n","protected":false},"author":1738,"featured_media":41288,"comment_status":"closed","ping_status":"closed","sticky":false,"template":"","format":"standard","meta":{"fifu_image_url":"","fifu_image_alt":"","footnotes":""},"categories":[53,75],"tags":[],"class_list":["post-41287","post","type-post","status-publish","format-standard","has-post-thumbnail","hentry","category-algerie","category-sport"],"_links":{"self":[{"href":"https:\/\/linitiative.ca\/International\/wp-json\/wp\/v2\/posts\/41287","targetHints":{"allow":["GET"]}}],"collection":[{"href":"https:\/\/linitiative.ca\/International\/wp-json\/wp\/v2\/posts"}],"about":[{"href":"https:\/\/linitiative.ca\/International\/wp-json\/wp\/v2\/types\/post"}],"author":[{"embeddable":true,"href":"https:\/\/linitiative.ca\/International\/wp-json\/wp\/v2\/users\/1738"}],"replies":[{"embeddable":true,"href":"https:\/\/linitiative.ca\/International\/wp-json\/wp\/v2\/comments?post=41287"}],"version-history":[{"count":0,"href":"https:\/\/linitiative.ca\/International\/wp-json\/wp\/v2\/posts\/41287\/revisions"}],"wp:featuredmedia":[{"embeddable":true,"href":"https:\/\/linitiative.ca\/International\/wp-json\/"}],"wp:attachment":[{"href":"https:\/\/linitiative.ca\/International\/wp-json\/wp\/v2\/media?parent=41287"}],"wp:term":[{"taxonomy":"category","embeddable":true,"href":"https:\/\/linitiative.ca\/International\/wp-json\/wp\/v2\/categories?post=41287"},{"taxonomy":"post_tag","embeddable":true,"href":"https:\/\/linitiative.ca\/International\/wp-json\/wp\/v2\/tags?post=41287"}],"curies":[{"name":"wp","href":"https:\/\/api.w.org\/{rel}","templated":true}]}}