{"id":41289,"date":"2019-06-18T15:14:16","date_gmt":"2019-06-18T19:14:16","guid":{"rendered":"https:\/\/linitiative.ca\/International\/ligue-1-2-jsk-jaures-ngombe-yacouba-mando-et-koanda-souleymane-nattendent-que-leurs-visas-pour-venir-en-algerie\/"},"modified":"2019-06-18T15:14:16","modified_gmt":"2019-06-18T19:14:16","slug":"ligue-1-2-jsk-jaures-ngombe-yacouba-mando-et-koanda-souleymane-nattendent-que-leurs-visas-pour-venir-en-algerie","status":"publish","type":"post","link":"https:\/\/linitiative.ca\/International\/ligue-1-2-jsk-jaures-ngombe-yacouba-mando-et-koanda-souleymane-nattendent-que-leurs-visas-pour-venir-en-algerie\/","title":{"rendered":"Ligue 1 &amp; 2 : JSK : Jaures Ngombe, Yacouba Mando et Koanda Souleymane n\u2019attendent que leurs visas pour venir en Alg\u00e9rie"},"content":{"rendered":"<div readability=\"32\">\n<p>Auteur : <span>Sa\u00efd D.<\/span> <span class=\"time\">mardi 18 juin 2019 12:55<\/span><\/p>\n<\/div>\n<div id=\"post_core\" readability=\"121\">\n<p>Comme rapport\u00e9 par nos soins, la direction de la JSK est sur les traces de deux Burkinab\u00e8 et d\u2019un Congolais. Il s\u2019agit de Jaures Ngombe, Yacouba Mando et Koanda Souleymane. Ces derniers, qui int\u00e9ressent \u00e9norm\u00e9ment le club kabyle, devraient arriver d\u2019un jour \u00e0 l\u2019autre en Alg\u00e9rie, afin de prendre part \u00e0 la premi\u00e8re s\u00e9ance d\u2019entra\u00eenement qui aura lieu le 29 juin prochain. Lorsque nous avons essay\u00e9 d\u2019avoir plus d\u2019informations, nous avons appris qu\u2019une invitation leur a \u00e9t\u00e9 envoy\u00e9e et qu\u2019ils n\u2019attendent qu\u2019\u00e0 r\u00e9cup\u00e9rer leurs visas pour pouvoir venir en Alg\u00e9rie.\u00a0<br \/><strong>La direction confiante pour l\u2019obtention de trois licences africaines\u00a0<\/strong><br \/>Jusqu\u2019\u00e0 preuve du contraire, les clubs n\u2019ont pas le droit d\u2019engager plus de deux joueurs \u00e9trangers, comme c\u2019est le cas depuis quelques ann\u00e9es d\u00e9j\u00e0. Malgr\u00e9 le fait qu\u2019aucune d\u00e9cision ne soit prise, le pr\u00e9sident Mellal a envoy\u00e9 des invitations pour trois Africains qui devraient s\u2019entra\u00eener avec l\u2019\u00e9quipe jusqu\u2019\u00e0 ce qu\u2019une d\u00e9cision d\u00e9finitive soit prise par les membres du BF.<br \/><strong>Dans le cas contraire, Velud choisira ceux qui m\u00e9ritent d\u2019\u00eatre maintenus<\/strong><br \/>Dans le cas o\u00f9 les membres du Bureau f\u00e9d\u00e9ral n\u2019\u2019autoriseraient pas les clubs \u00e0 recruter trois \u00e9trangers, la direction kabyle proc\u00e9dera certainement \u00e0 \u00e9liminer l\u2019un des trois joueurs. Devant cette situation, ce sera \u00e0 l\u2019entra\u00eeneur Hubert Velud d\u2019intervenir, puisqu\u2019il sera le seul \u00e0 prendre ce genre de d\u00e9cision. Il maintiendra ceux qui seront capables de faire la diff\u00e9rence.\u00a0<br \/>&#8212;&#8212;&#8212;&#8212;&#8212;&#8212;&#8212;&#8212;&#8212;&#8212;&#8212;&#8212;&#8212;&#8212;&#8212;&#8212;&#8212;&#8212;&#8212;&#8212;&#8211;<\/p>\n<p><strong>Mellal : \u00abLes trois Africains apporteront un plus \u00e0 l\u2019\u00e9quipe\u00bb<\/strong><\/p>\n<p>Joint par nos soins, hier, le pr\u00e9sident de la JSK, Cherif Mellal, s\u2019est montr\u00e9 tr\u00e8s confiant par rapport aux trois Africains que le club convoite. M\u00eame s\u2019il refuse d\u2019en dire plus, il s\u2019est content\u00e9 d\u2019expliquer qu\u2019il s\u2019agit de trois bons joueurs qui vont apporter un grand plus \u00e0 l\u2019\u00e9quipe : \u00ab Comme tout le monde le sait, nous sommes sur les traces de trois bons Africains. Nous avons d\u00e9j\u00e0 trouv\u00e9 un accord avec eux. Ils poss\u00e8dent beaucoup de qualit\u00e9s et je suis persuad\u00e9 qu\u2019ils apporteront un plus \u00e0 l\u2019\u00e9quipe \u00bb.<\/p>\n<p><strong>\u00abIls n\u2019attendent que leurs visas pour venir\u00bb<\/strong><br \/>Lorsque nous avons cherch\u00e9 \u00e0 conna\u00eetre la date de leur arriv\u00e9e, Mellal a refus\u00e9 de donner trop de d\u00e9tails. Il s\u2019est content\u00e9 juste de dire : \u00ab Nous leur avons envoy\u00e9 des invitations, puis ils r\u00e9cup\u00e9reront leurs visas. L\u2019essentiel, c\u2019est que nous allons faire de notre mieux pour qu\u2019ils soient \u00e0 Tizi Ouzou avant la reprise \u00bb.<\/p>\n<p><strong>\u00abOn bouclera le recrutement cette semaine\u00bb<\/strong><br \/>Par rapport \u00e0 la suite du recrutement, le patron du club a tenu \u00e0 rassurer les supporters qu\u2019il sera boucl\u00e9 dans la semaine : \u00ab Nous avons d\u00e9j\u00e0 finalis\u00e9 avec quatre nouvelles recrues. Il reste encore l\u2019arriv\u00e9e des Africains ainsi que celle des trois joueurs locaux. Nous allons faire tout notre possible pour tout r\u00e9gler cette semaine \u00bb.<\/p>\n<p><strong>\u00abEl Orfi est une valeur s\u00fbre\u00bb<\/strong><br \/>Pr\u00e9sent\u00e9 dimanche soir aux m\u00e9dias, le jeune milieu de terrain Ammar El Orfi est officiellement \u00e0 la JSK. Interrog\u00e9 sur ce joueur, Mellal dira : \u00ab Nous sommes heureux d\u2019accueillir parmi nous un jeune joueur p\u00e9tri de qualit\u00e9s, en l\u2019occurrence Ammar El Orfi. C\u2019est un jeune qui a d\u00e9j\u00e0 fait ses preuves. Nous allons l\u2019encadrer pour lui permettre de donner une autre dimension \u00e0 sa carri\u00e8re. J\u2019esp\u00e8re qu\u2019il va nous apporter un plus \u00bb.<\/p>\n<p><strong>\u00abRien de nouveau pour Chetti\u00bb<\/strong><br \/>Cherif Mellal a, encore une fois, fait savoir qu\u2019aucune offre n\u2019a \u00e9t\u00e9 formul\u00e9e pour Chetti : \u00ab On ne doit pas trop parler de Chetti. Le joueur est sous contrat. Pour le moment, aucune offre ne nous est parvenue. Donc, je pr\u00e9f\u00e8re ne pas trop \u00e9voquer le sujet. Maintenant s\u2019il part, nous avons toujours un plan B. Que les supporters se rassurent \u00bb.<\/p>\n<p><strong>\u00abVelud va r\u00e9ussir avec nous\u00bb<\/strong><br \/>Concernant le nouvel entra\u00eeneur Hubert Velud qui s\u2019est officiellement engag\u00e9 pour les trois prochaines saisons, l\u2019homme d\u2019affaires kabyle a ajout\u00e9 : \u00ab Nous avons fait le bon choix, Velud est un entra\u00eeneur qui conna\u00eet bien le championnat alg\u00e9rien et son exp\u00e9rience en Afrique va beaucoup nous aider. Nous allons mettre \u00e0 sa disposition tous les moyens pour qu\u2019il r\u00e9ussisse avec nous \u00bb.<\/p>\n<p><strong>\u00abNous avons engag\u00e9 un pr\u00e9parateur physique digne de la JSK\u00bb<\/strong><br \/>Avant de conclure, Mellal a tenu \u00e0 parler du nouveau pr\u00e9parateur physique qui, selon lui, est tr\u00e8s comp\u00e9tent et qui a d\u00e9j\u00e0 fait ses preuves avec plusieurs clubs europ\u00e9ens : \u00ab Nous avons frapp\u00e9 un grand coup avec Jean Christophe, le nouveau pr\u00e9parateur physique. C\u2019est quelqu\u2019un de tr\u00e8s comp\u00e9tent qui a fait ses preuves. Nous avons d\u00e9cid\u00e9 de l\u2019engager pour une dur\u00e9e de trois ans puisqu\u2019il va non seulement travailler avec l\u2019\u00e9quipe premi\u00e8re, mais il va former des pr\u00e9parateurs qui auront par la suite un poste avec les jeunes. Il va aussi travailler au sein de l\u2019acad\u00e9mie du club \u00bb.<\/p>\n<p><strong>\u00abNous avons r\u00e9gularis\u00e9 tout le monde\u00bb<\/strong><br \/>Interrog\u00e9 par nos soins pour conna\u00eetre son avis par rapport \u00e0 cette d\u00e9cision d\u2019interdire la JSK de recruter, Mellal, surpris, dira : \u00ab C\u2019est compl\u00e8tement faux, on ne doit aucun centime \u00e0 aucun joueur puisque nous avons r\u00e9gularis\u00e9 tout le monde. Cette d\u00e9cision doit \u00eatre revue car nous sommes \u00e0 jour \u00bb.\u00a0<br \/><strong>Sa\u00efd D.\u00a0<\/strong><\/p>\n<p><strong>Publi\u00e9 dans :<\/strong> <span>JSK<\/span> <span>Cherif Mellal<\/span> <span>Jaures Ngombe<\/span> <span>Yacouba Mando et Koanda Souleymane<\/span><\/p>\n<\/div>\n<p>Auteur:<br \/>\n<a href=\"http:\/\/www.lebuteur.com\/article\/detail?titre=jsk-jaures-ngombe-yacouba-mando-et-koanda-souleymane-nattendent-que-leurs-visas-pour-venir-en-algerie&#038;id=89663&#038;utm_source=feedburner&#038;utm_medium=feed&#038;utm_campaign=Feed%3A+GalerieFArtciles+%28Les+derniers+articles++-+lebuteur.com%29\">Cliquez ici pour lire l&rsquo;article depuis sa source.<\/a><\/p>\n","protected":false},"excerpt":{"rendered":"<p>Auteur : Sa\u00efd D. mardi 18 juin 2019 12:55 Comme rapport\u00e9 par nos soins, la direction de la JSK est sur les traces de deux Burkinab\u00e8 et d\u2019un Congolais. Il s\u2019agit de Jaures Ngombe, Yacouba Mando et Koanda Souleymane. Ces derniers, qui int\u00e9ressent \u00e9norm\u00e9ment le club kabyle, devraient arriver d\u2019un jour \u00e0 l\u2019autre en Alg\u00e9rie, [&hellip;]<\/p>\n","protected":false},"author":1738,"featured_media":41290,"comment_status":"closed","ping_status":"closed","sticky":false,"template":"","format":"standard","meta":{"fifu_image_url":"","fifu_image_alt":"","footnotes":""},"categories":[53,75],"tags":[],"class_list":["post-41289","post","type-post","status-publish","format-standard","has-post-thumbnail","hentry","category-algerie","category-sport"],"_links":{"self":[{"href":"https:\/\/linitiative.ca\/International\/wp-json\/wp\/v2\/posts\/41289","targetHints":{"allow":["GET"]}}],"collection":[{"href":"https:\/\/linitiative.ca\/International\/wp-json\/wp\/v2\/posts"}],"about":[{"href":"https:\/\/linitiative.ca\/International\/wp-json\/wp\/v2\/types\/post"}],"author":[{"embeddable":true,"href":"https:\/\/linitiative.ca\/International\/wp-json\/wp\/v2\/users\/1738"}],"replies":[{"embeddable":true,"href":"https:\/\/linitiative.ca\/International\/wp-json\/wp\/v2\/comments?post=41289"}],"version-history":[{"count":0,"href":"https:\/\/linitiative.ca\/International\/wp-json\/wp\/v2\/posts\/41289\/revisions"}],"wp:featuredmedia":[{"embeddable":true,"href":"https:\/\/linitiative.ca\/International\/wp-json\/"}],"wp:attachment":[{"href":"https:\/\/linitiative.ca\/International\/wp-json\/wp\/v2\/media?parent=41289"}],"wp:term":[{"taxonomy":"category","embeddable":true,"href":"https:\/\/linitiative.ca\/International\/wp-json\/wp\/v2\/categories?post=41289"},{"taxonomy":"post_tag","embeddable":true,"href":"https:\/\/linitiative.ca\/International\/wp-json\/wp\/v2\/tags?post=41289"}],"curies":[{"name":"wp","href":"https:\/\/api.w.org\/{rel}","templated":true}]}}