{"id":41291,"date":"2019-06-18T15:14:17","date_gmt":"2019-06-18T19:14:17","guid":{"rendered":"https:\/\/linitiative.ca\/International\/afrique-can-2019-la-competition-ne-sera-pas-impactee-par-la-mort-de-morsi\/"},"modified":"2019-06-18T15:14:17","modified_gmt":"2019-06-18T19:14:17","slug":"afrique-can-2019-la-competition-ne-sera-pas-impactee-par-la-mort-de-morsi","status":"publish","type":"post","link":"https:\/\/linitiative.ca\/International\/afrique-can-2019-la-competition-ne-sera-pas-impactee-par-la-mort-de-morsi\/","title":{"rendered":"Afrique : CAN 2019 : La comp\u00e9tition ne sera pas impact\u00e9e par la mort de Morsi"},"content":{"rendered":"<div readability=\"32\">\n<p>Auteur : <span class=\"time\">mardi 18 juin 2019 13:37<\/span><\/p>\n<\/div>\n<div id=\"post_core\" readability=\"45\">\n<p>Le match d&rsquo;ouverture de la premi\u00e8re CAN \u00e0 24 \u00e9quipes sera jou\u00e9 vendredi comme pr\u00e9vu entre l&rsquo;Egypte, pays h\u00f4te, et le Zimbabwe, au stade international du Caire.\u00a0Selon une source interne \u00e0 la Conf\u00e9d\u00e9ration africaine de football (CAF) qui a requis l&rsquo;anonymat, \u00ab\u00a0il n&rsquo;y a aucune raison\u00a0\u00bb que la comp\u00e9tition soit annul\u00e9e ou report\u00e9e en raison de la mort de l&rsquo;ex-pr\u00e9sident \u00e9gyptien comme le souligne Sport24.\u00a0<\/p>\n<p>Mohamed Morsi, emprisonn\u00e9 depuis 2013, s&rsquo;est effondr\u00e9 lundi dans le box des accus\u00e9s alors qu&rsquo;il s&rsquo;exprimait devant le tribunal o\u00f9 il \u00e9tait accus\u00e9 d&rsquo;espionnage.\u00a0Il a \u00e9t\u00e9 enterr\u00e9 en toute discr\u00e9tion dans la nuit de lundi \u00e0 mardi au Caire.<\/p>\n<p><strong>Publi\u00e9 dans :<\/strong> <span>CAN 2019<\/span><\/p>\n<\/div>\n<p>Auteur:<br \/>\n<a href=\"http:\/\/www.lebuteur.com\/article\/detail?titre=can-2019-la-competition-ne-sera-pas-impactee-par-la-mort-de-morsi&#038;id=89677&#038;utm_source=feedburner&#038;utm_medium=feed&#038;utm_campaign=Feed%3A+GalerieFArtciles+%28Les+derniers+articles++-+lebuteur.com%29\">Cliquez ici pour lire l&rsquo;article depuis sa source.<\/a><\/p>\n","protected":false},"excerpt":{"rendered":"<p>Auteur : mardi 18 juin 2019 13:37 Le match d&rsquo;ouverture de la premi\u00e8re CAN \u00e0 24 \u00e9quipes sera jou\u00e9 vendredi comme pr\u00e9vu entre l&rsquo;Egypte, pays h\u00f4te, et le Zimbabwe, au stade international du Caire.\u00a0Selon une source interne \u00e0 la Conf\u00e9d\u00e9ration africaine de football (CAF) qui a requis l&rsquo;anonymat, \u00ab\u00a0il n&rsquo;y a aucune raison\u00a0\u00bb que la [&hellip;]<\/p>\n","protected":false},"author":1738,"featured_media":41292,"comment_status":"closed","ping_status":"closed","sticky":false,"template":"","format":"standard","meta":{"fifu_image_url":"","fifu_image_alt":"","footnotes":""},"categories":[53,75],"tags":[],"class_list":["post-41291","post","type-post","status-publish","format-standard","has-post-thumbnail","hentry","category-algerie","category-sport"],"_links":{"self":[{"href":"https:\/\/linitiative.ca\/International\/wp-json\/wp\/v2\/posts\/41291","targetHints":{"allow":["GET"]}}],"collection":[{"href":"https:\/\/linitiative.ca\/International\/wp-json\/wp\/v2\/posts"}],"about":[{"href":"https:\/\/linitiative.ca\/International\/wp-json\/wp\/v2\/types\/post"}],"author":[{"embeddable":true,"href":"https:\/\/linitiative.ca\/International\/wp-json\/wp\/v2\/users\/1738"}],"replies":[{"embeddable":true,"href":"https:\/\/linitiative.ca\/International\/wp-json\/wp\/v2\/comments?post=41291"}],"version-history":[{"count":0,"href":"https:\/\/linitiative.ca\/International\/wp-json\/wp\/v2\/posts\/41291\/revisions"}],"wp:featuredmedia":[{"embeddable":true,"href":"https:\/\/linitiative.ca\/International\/wp-json\/"}],"wp:attachment":[{"href":"https:\/\/linitiative.ca\/International\/wp-json\/wp\/v2\/media?parent=41291"}],"wp:term":[{"taxonomy":"category","embeddable":true,"href":"https:\/\/linitiative.ca\/International\/wp-json\/wp\/v2\/categories?post=41291"},{"taxonomy":"post_tag","embeddable":true,"href":"https:\/\/linitiative.ca\/International\/wp-json\/wp\/v2\/tags?post=41291"}],"curies":[{"name":"wp","href":"https:\/\/api.w.org\/{rel}","templated":true}]}}