{"id":41293,"date":"2019-06-18T15:14:19","date_gmt":"2019-06-18T19:14:19","guid":{"rendered":"https:\/\/linitiative.ca\/International\/international-real-madrid-lucas-vazquez-cambriole\/"},"modified":"2019-06-18T15:14:19","modified_gmt":"2019-06-18T19:14:19","slug":"international-real-madrid-lucas-vazquez-cambriole","status":"publish","type":"post","link":"https:\/\/linitiative.ca\/International\/international-real-madrid-lucas-vazquez-cambriole\/","title":{"rendered":"International : Real Madrid : Lucas V\u00e1zquez cambriol\u00e9"},"content":{"rendered":"<div readability=\"32\">\n<p>Auteur : <span class=\"time\">mardi 18 juin 2019 14:30<\/span><\/p>\n<\/div>\n<div id=\"post_core\" readability=\"43\">\n<p>Comme l\u2019indiquent As et Footmercato, l\u2019Espagnol de 27 ans \u00e9tait parti en vacances aux \u00eeles Bal\u00e9ares la semaine derni\u00e8re, et a d\u00e9couvert l\u2019infraction en rentrant \u00e0 son domicile le week-end.<\/p>\n<p>Ce cambriolage de V\u00e1zquez fait suite \u00e0 de nombreux autres casses qui ont eu lieu dans des maisons de membres du Real Madrid (Zinedine Zidane et Isco), ou d\u2019anciens joueurs de la Casa Blanca (\u00c1lvaro Morata).<\/p>\n<p><strong>Publi\u00e9 dans :<\/strong> <span>real madrid<\/span> <span>Lucas Vazquez<\/span><\/p>\n<\/div>\n<p>Auteur:<br \/>\n<a href=\"http:\/\/www.lebuteur.com\/article\/detail?titre=real-madrid-lucas-vazquez-cambriole&#038;id=89678&#038;utm_source=feedburner&#038;utm_medium=feed&#038;utm_campaign=Feed%3A+GalerieFArtciles+%28Les+derniers+articles++-+lebuteur.com%29\">Cliquez ici pour lire l&rsquo;article depuis sa source.<\/a><\/p>\n","protected":false},"excerpt":{"rendered":"<p>Auteur : mardi 18 juin 2019 14:30 Comme l\u2019indiquent As et Footmercato, l\u2019Espagnol de 27 ans \u00e9tait parti en vacances aux \u00eeles Bal\u00e9ares la semaine derni\u00e8re, et a d\u00e9couvert l\u2019infraction en rentrant \u00e0 son domicile le week-end. Ce cambriolage de V\u00e1zquez fait suite \u00e0 de nombreux autres casses qui ont eu lieu dans des maisons [&hellip;]<\/p>\n","protected":false},"author":1738,"featured_media":41294,"comment_status":"closed","ping_status":"closed","sticky":false,"template":"","format":"standard","meta":{"fifu_image_url":"","fifu_image_alt":"","footnotes":""},"categories":[53,75],"tags":[],"class_list":["post-41293","post","type-post","status-publish","format-standard","has-post-thumbnail","hentry","category-algerie","category-sport"],"_links":{"self":[{"href":"https:\/\/linitiative.ca\/International\/wp-json\/wp\/v2\/posts\/41293","targetHints":{"allow":["GET"]}}],"collection":[{"href":"https:\/\/linitiative.ca\/International\/wp-json\/wp\/v2\/posts"}],"about":[{"href":"https:\/\/linitiative.ca\/International\/wp-json\/wp\/v2\/types\/post"}],"author":[{"embeddable":true,"href":"https:\/\/linitiative.ca\/International\/wp-json\/wp\/v2\/users\/1738"}],"replies":[{"embeddable":true,"href":"https:\/\/linitiative.ca\/International\/wp-json\/wp\/v2\/comments?post=41293"}],"version-history":[{"count":0,"href":"https:\/\/linitiative.ca\/International\/wp-json\/wp\/v2\/posts\/41293\/revisions"}],"wp:featuredmedia":[{"embeddable":true,"href":"https:\/\/linitiative.ca\/International\/wp-json\/"}],"wp:attachment":[{"href":"https:\/\/linitiative.ca\/International\/wp-json\/wp\/v2\/media?parent=41293"}],"wp:term":[{"taxonomy":"category","embeddable":true,"href":"https:\/\/linitiative.ca\/International\/wp-json\/wp\/v2\/categories?post=41293"},{"taxonomy":"post_tag","embeddable":true,"href":"https:\/\/linitiative.ca\/International\/wp-json\/wp\/v2\/tags?post=41293"}],"curies":[{"name":"wp","href":"https:\/\/api.w.org\/{rel}","templated":true}]}}