{"id":41295,"date":"2019-06-18T15:14:20","date_gmt":"2019-06-18T19:14:20","guid":{"rendered":"https:\/\/linitiative.ca\/International\/international-man-utd-mata-parti-pour-rester\/"},"modified":"2019-06-18T15:14:20","modified_gmt":"2019-06-18T19:14:20","slug":"international-man-utd-mata-parti-pour-rester","status":"publish","type":"post","link":"https:\/\/linitiative.ca\/International\/international-man-utd-mata-parti-pour-rester\/","title":{"rendered":"International : Man Utd : Mata parti pour rester !"},"content":{"rendered":"<div readability=\"32\">\n<p>Auteur : <span class=\"time\">mardi 18 juin 2019 15:15<\/span><\/p>\n<\/div>\n<div id=\"post_core\" readability=\"44\">\n<p>Mais contrairement \u00e0 son compatriote Ander Herrera, l\u2019ancien de Valence va vraisemblablement rester au club.<\/p>\n<p>Ainsi, selon AS et Footmercato, l\u2019international espagnol a sign\u00e9 son nouveau contrat avec le club mancunien dans la journ\u00e9e de lundi. Il est d\u00e9sormais li\u00e9 aux Red Devils pour une saison suppl\u00e9mentaire, et les dirigeants du club anglais sont pr\u00eats \u00e0 lui faire une place au sein du club lorsqu\u2019il d\u00e9cidera de prendre sa retraite.<\/p>\n<p><strong>Publi\u00e9 dans :<\/strong> <span>Man Utd<\/span> <span>mata<\/span><\/p>\n<\/div>\n<p>Auteur:<br \/>\n<a href=\"http:\/\/www.lebuteur.com\/article\/detail?titre=man-utd-mata-parti-pour-rester&#038;id=89679&#038;utm_source=feedburner&#038;utm_medium=feed&#038;utm_campaign=Feed%3A+GalerieFArtciles+%28Les+derniers+articles++-+lebuteur.com%29\">Cliquez ici pour lire l&rsquo;article depuis sa source.<\/a><\/p>\n","protected":false},"excerpt":{"rendered":"<p>Auteur : mardi 18 juin 2019 15:15 Mais contrairement \u00e0 son compatriote Ander Herrera, l\u2019ancien de Valence va vraisemblablement rester au club. Ainsi, selon AS et Footmercato, l\u2019international espagnol a sign\u00e9 son nouveau contrat avec le club mancunien dans la journ\u00e9e de lundi. Il est d\u00e9sormais li\u00e9 aux Red Devils pour une saison suppl\u00e9mentaire, et [&hellip;]<\/p>\n","protected":false},"author":1738,"featured_media":41296,"comment_status":"closed","ping_status":"closed","sticky":false,"template":"","format":"standard","meta":{"fifu_image_url":"","fifu_image_alt":"","footnotes":""},"categories":[53,75],"tags":[],"class_list":["post-41295","post","type-post","status-publish","format-standard","has-post-thumbnail","hentry","category-algerie","category-sport"],"_links":{"self":[{"href":"https:\/\/linitiative.ca\/International\/wp-json\/wp\/v2\/posts\/41295","targetHints":{"allow":["GET"]}}],"collection":[{"href":"https:\/\/linitiative.ca\/International\/wp-json\/wp\/v2\/posts"}],"about":[{"href":"https:\/\/linitiative.ca\/International\/wp-json\/wp\/v2\/types\/post"}],"author":[{"embeddable":true,"href":"https:\/\/linitiative.ca\/International\/wp-json\/wp\/v2\/users\/1738"}],"replies":[{"embeddable":true,"href":"https:\/\/linitiative.ca\/International\/wp-json\/wp\/v2\/comments?post=41295"}],"version-history":[{"count":0,"href":"https:\/\/linitiative.ca\/International\/wp-json\/wp\/v2\/posts\/41295\/revisions"}],"wp:featuredmedia":[{"embeddable":true,"href":"https:\/\/linitiative.ca\/International\/wp-json\/"}],"wp:attachment":[{"href":"https:\/\/linitiative.ca\/International\/wp-json\/wp\/v2\/media?parent=41295"}],"wp:term":[{"taxonomy":"category","embeddable":true,"href":"https:\/\/linitiative.ca\/International\/wp-json\/wp\/v2\/categories?post=41295"},{"taxonomy":"post_tag","embeddable":true,"href":"https:\/\/linitiative.ca\/International\/wp-json\/wp\/v2\/tags?post=41295"}],"curies":[{"name":"wp","href":"https:\/\/api.w.org\/{rel}","templated":true}]}}