{"id":41298,"date":"2019-06-17T19:00:00","date_gmt":"2019-06-17T23:00:00","guid":{"rendered":"https:\/\/linitiative.ca\/International\/setif-dynamique-de-succes\/"},"modified":"2019-06-17T19:00:00","modified_gmt":"2019-06-17T23:00:00","slug":"setif-dynamique-de-succes","status":"publish","type":"post","link":"https:\/\/linitiative.ca\/International\/setif-dynamique-de-succes\/","title":{"rendered":"S\u00e9tif : Dynamique de succ\u00e8s"},"content":{"rendered":"<p>C\u2019est dans un climat de s\u00e9r\u00e9nit\u00e9 marquant l\u2019organisation du baccalaur\u00e9at dans la wilaya de S\u00e9tif que sont annonc\u00e9s les r\u00e9sultats de l\u2019examen de fin d\u2019\u00e9tudes primaires qui permettent une fois encore \u00e0 la wilaya de d\u00e9tenir la part du lion et d\u2019augurer une bonne suite pour le reste \u00e0 venir.<br \/>Une soir\u00e9e de dimanche que la joie et l\u2019euphorie ont en effet anim\u00e9e partout \u00e0 travers les nombreuses \u00e9coles o\u00f9 les milliers de potaches, accroch\u00e9s pour nombre d\u2019entre eux au cou de leurs parents ou les serrant \u00e0 les faire pleurer de joie, f\u00eataient en grand l\u2019\u00e9v\u00e9nement et exprimaient leur joie intense, un juste couronnement des efforts consentis sur tout un cycle d\u2019enseignement.<br \/>Des r\u00e9sultats d\u2019autant plus satisfaisants que la wilaya de S\u00e9tif vient une fois encore de r\u00e9aliser un tr\u00e8s bon score au niveau national, aussi bien sur le plan individuel que collectif, en pla\u00e7ant 133 \u00e9coles parmi celles qui sont parvenues \u00e0 d\u00e9crocher un taux de r\u00e9ussite de 100 % et attester ainsi des efforts consentis par les \u00e9l\u00e8ves mais aussi leurs enseignants tant dans les zones urbaines que dans les coins les plus recul\u00e9s, \u00e0 l\u2019instar des localit\u00e9s de Ouled si Ahmed, Boutaleb et Rasfa, au sud, et Ait Noel Mzada, Bousselem, Beni Chebana et Beni Mohli, au nord.<br \/>Des avanc\u00e9es\u00a0 qui ont\u00a0 \u00e9galement permis de gagner beaucoup de terrain au plan individuel, sachant l\u00e0 aussi\u00a0 que le nombre d\u2019\u00e9l\u00e8ves qui ont obtenu une moyenne de 10 sur 10 est pass\u00e9 de 61 l\u2019an dernier \u00e0 102 cette ann\u00e9e, l\u00e0 aussi un d\u00e9fi \u00e0 la mesure de la s\u00e9r\u00e9nit\u00e9 qui a pr\u00e9valu dans ce palier cette ann\u00e9e et permis d\u2019enregistrer 31.516 succ\u00e8s \u00e0 cet examen, soit une r\u00e9ussite de\u00a0 85,15%, ce qui est tout \u00e0 l\u2019honneur de ceux qui ont contribu\u00e9 \u00e0 le fa\u00e7onner au moment o\u00f9 le taux national est de l\u2019ordre de 83,31%.<br \/>Des indicateurs qui attestent des investissements forts consentis \u00e9galement par l\u2019Etat dans ce secteur dans une wilaya qui compte,\u00a0 aujourd\u2019hui, pour le seul cycle de l\u2019enseignement primaire, 865 \u00e9coles, m\u00eame\u00a0 au c\u0153ur des montagnes.<br \/>\u00ab C\u2019est l\u00e0 autant de r\u00e9sultats positifs qui nous laissent esp\u00e9rer une aussi belle ann\u00e9e pour le BEM et le Bac \u00bb, lance avec un sourire aussi intense que sa joie Nadia, cette parente d\u2019\u00e9l\u00e8ve qui lan\u00e7ait de vibrants youyous.<br \/>F. Zoghbi<\/p>\n<p>Auteur: elmoudjahid<br \/>\n<a href=\"http:\/\/www.elmoudjahid.com\/fr\/actualites\/138242\">Cliquez ici pour lire l&rsquo;article depuis sa source.<\/a><\/p>\n","protected":false},"excerpt":{"rendered":"<p>C\u2019est dans un climat de s\u00e9r\u00e9nit\u00e9 marquant l\u2019organisation du baccalaur\u00e9at dans la wilaya de S\u00e9tif que sont annonc\u00e9s les r\u00e9sultats de l\u2019examen de fin d\u2019\u00e9tudes primaires qui permettent une fois encore \u00e0 la wilaya de d\u00e9tenir la part du lion et d\u2019augurer une bonne suite pour le reste \u00e0 venir.Une soir\u00e9e de dimanche que la [&hellip;]<\/p>\n","protected":false},"author":1744,"featured_media":0,"comment_status":"closed","ping_status":"closed","sticky":false,"template":"","format":"standard","meta":{"fifu_image_url":"","fifu_image_alt":"","footnotes":""},"categories":[73,53],"tags":[],"class_list":["post-41298","post","type-post","status-publish","format-standard","hentry","category-actualite","category-algerie"],"_links":{"self":[{"href":"https:\/\/linitiative.ca\/International\/wp-json\/wp\/v2\/posts\/41298","targetHints":{"allow":["GET"]}}],"collection":[{"href":"https:\/\/linitiative.ca\/International\/wp-json\/wp\/v2\/posts"}],"about":[{"href":"https:\/\/linitiative.ca\/International\/wp-json\/wp\/v2\/types\/post"}],"author":[{"embeddable":true,"href":"https:\/\/linitiative.ca\/International\/wp-json\/wp\/v2\/users\/1744"}],"replies":[{"embeddable":true,"href":"https:\/\/linitiative.ca\/International\/wp-json\/wp\/v2\/comments?post=41298"}],"version-history":[{"count":0,"href":"https:\/\/linitiative.ca\/International\/wp-json\/wp\/v2\/posts\/41298\/revisions"}],"wp:attachment":[{"href":"https:\/\/linitiative.ca\/International\/wp-json\/wp\/v2\/media?parent=41298"}],"wp:term":[{"taxonomy":"category","embeddable":true,"href":"https:\/\/linitiative.ca\/International\/wp-json\/wp\/v2\/categories?post=41298"},{"taxonomy":"post_tag","embeddable":true,"href":"https:\/\/linitiative.ca\/International\/wp-json\/wp\/v2\/tags?post=41298"}],"curies":[{"name":"wp","href":"https:\/\/api.w.org\/{rel}","templated":true}]}}