{"id":41300,"date":"2019-06-17T19:00:00","date_gmt":"2019-06-17T23:00:00","guid":{"rendered":"https:\/\/linitiative.ca\/International\/securite-alimentaire-la-contribution-des-ingenieurs-agronomes\/"},"modified":"2019-06-17T19:00:00","modified_gmt":"2019-06-17T23:00:00","slug":"securite-alimentaire-la-contribution-des-ingenieurs-agronomes","status":"publish","type":"post","link":"https:\/\/linitiative.ca\/International\/securite-alimentaire-la-contribution-des-ingenieurs-agronomes\/","title":{"rendered":"S\u00e9curit\u00e9 alimentaire :  La contribution des ing\u00e9nieurs agronomes"},"content":{"rendered":"<p>Le ministre de l&rsquo;Agriculture, du D\u00e9veloppement rural et de la P\u00eache, Ch\u00e9rif Omari, a r\u00e9it\u00e9r\u00e9 l&rsquo;engagement de son minist\u00e8re \u00e0 donner aux ing\u00e9nieurs agronomes, \u00abune opportunit\u00e9 effective, en vue de booster le d\u00e9veloppement dans le secteur, pour relever le d\u00e9fi de la s\u00e9curit\u00e9 alimentaire\u00bb.<br \/>S\u2019exprimant, lors d\u2019une rencontre de travail avec le pr\u00e9sident de l&rsquo;Union nationale des ing\u00e9nieurs agronomes, M. Mounib Oubiri, le ministre de l\u2019Agriculture a r\u00e9affirm\u00e9 le souci de son minist\u00e8re de \u00abtrouver les voies et moyens \u00e0 m\u00eame de relancer le r\u00f4le des agronomes dans le d\u00e9veloppement du secteur, toutes fili\u00e8res confondues, \u00e0 m\u00eame de parvenir \u00e0 la diversification de l&rsquo;\u00e9conomie et de la cr\u00e9ation d&rsquo;opportunit\u00e9s d&#8217;emploi \u00e0 travers tout le pays\u00bb. Mettant l&rsquo;accent sur la n\u00e9cessaire \u00abmobilisation de ces potentiels dans un cadre organis\u00e9 et structur\u00e9\u00bb, M. Omari a pr\u00e9cis\u00e9 que l\u2019Union des ing\u00e9nieur agronomes \u00abest d&rsquo;une importance capitale au vu des potentiels scientifiques et techniques dont elle dispose\u00bb. Il a indiqu\u00e9 que ces acteurs de d\u00e9veloppement seraient soutenus et appuy\u00e9s pour qu\u2019ils puissent participer et apporter un plus, notamment en termes d\u2019augmentation de la productivit\u00e9 et l\u2019am\u00e9lioration de la qualit\u00e9 des produits agricoles, en prenant en compte les changements climatiques. \u00abNous parlons aujourd&rsquo;hui d&rsquo;une agriculture moderne qui requiert beaucoup de comp\u00e9tences scientifiques. Nous faisons face, d&rsquo;autre part, \u00e0 de multiples d\u00e9fis climatiques. C&rsquo;est pourquoi nous devons trouver les voies et moyens \u00e0 m\u00eame de booster l&rsquo;Union, valoriser les potentialit\u00e9s scientifiques et techniques, en vue de lui permettre de relever ces d\u00e9fis et de moderniser les syst\u00e8mes de production, avec leurs deux fili\u00e8res (animale et v\u00e9g\u00e9tale)\u00bb, a indiqu\u00e9 le ministre, lors de la r\u00e9union qui a vu \u00e9galement la pr\u00e9sence de cadres du minist\u00e8re et de membres du bureau de l&rsquo;Union.\u00a0 Pour mobiliser ces \u00e9nergies et les int\u00e9grer effectivement dans le dispositif de formation, de recherche scientifique et d&rsquo;enseignement sup\u00e9rieur, le minist\u00e8re \u0153uvre, poursuit M. Omari, \u00e0 l&rsquo;\u00e9laboration d&rsquo;une feuille de route en vue d&rsquo;offrir les opportunit\u00e9s indispensables au d\u00e9veloppement de l&rsquo;activit\u00e9 des ing\u00e9nieurs agronomes, dans \u00abla transparence, l&rsquo;efficacit\u00e9 et l&rsquo;\u00e9quit\u00e9\u00bb. Le minist\u00e8re \u0153uvre, dans ce sens, \u00e0 l&rsquo;\u00e9laboration d&rsquo;une loi pour la relance des r\u00e9seaux th\u00e9matiques et la mobilisation du soutien financier n\u00e9cessaire au d\u00e9veloppement de la recherche scientifique au secteur. Pour sa part, M. Oubiri a exprim\u00e9 la volont\u00e9 de l&rsquo;Union de se transformer en une r\u00e9elle force de proposition pour accompagner le secteur, affirmant la d\u00e9termination de cette association, qui compte plus de 30.000 ing\u00e9nieurs agronomes, \u00e0 accompagner les Chambres d&rsquo;agriculture, les agriculteurs, le minist\u00e8re, les centres de recherche et les instituts techniques au niveau de toutes les wilayas, aux fins d&rsquo;apporter une assistance technique, d&rsquo;assurer la formation et le recyclage, et de contribuer \u00e0 la r\u00e9alisation de la s\u00e9curit\u00e9 alimentaire du pays. \u00c0 cette occasion, il a convi\u00e9 le minist\u00e8re \u00e0 accompagner l&rsquo;Union professionnel dans la r\u00e9alisation des objectifs supr\u00eames de cette branche, \u00e0 savoir une meilleure production \u00e0 moindres co\u00fbts, la r\u00e9alisation de l&rsquo;autosuffisance et la promotion de l&rsquo;exportation des produits agricoles. Dans ce contexte, l&rsquo;Union propose une s\u00e9rie de proc\u00e9dures, entre autres la cr\u00e9ation d&rsquo;un ordre national des ing\u00e9nieurs agronomes et la facilitation \u00e0 ces ing\u00e9nieurs dans l&rsquo;acc\u00e8s du foncier agricole pour exercer leurs activit\u00e9s. Par ailleurs, le pr\u00e9sident de l&rsquo;Union a annonc\u00e9 l&rsquo;organisation d&rsquo;une rencontre nationale des ing\u00e9nieurs agronomes, en novembre, avec la participation de l&rsquo;Union des ing\u00e9nieurs agronomes arabes, en sus d&rsquo;une autre conf\u00e9rence nationale pr\u00e9vue fin 2019, sous forme d&rsquo;ateliers dans le but de proposer des solutions efficaces en mati\u00e8re d&rsquo;accompagnement du secteur.\u00a0 De leur c\u00f4t\u00e9, les membres du bureau national des ing\u00e9nieurs agronomes se sont dit pr\u00eats et engag\u00e9s \u00e0 relever le d\u00e9fi de la s\u00e9curit\u00e9 alimentaire et \u00e0 se mobiliser en tant que force de proposition de solutions et de r\u00e9ponses aux questions et probl\u00e9matiques pos\u00e9es par les agriculteurs, les producteurs et les op\u00e9rateurs \u00e9conomiques.<br \/>\u00a0\u00a0\u00a0 Salima Ettouahria<\/p>\n<p>Auteur: elmoudjahid<br \/>\n<a href=\"http:\/\/www.elmoudjahid.com\/fr\/actualites\/138244\">Cliquez ici pour lire l&rsquo;article depuis sa source.<\/a><\/p>\n","protected":false},"excerpt":{"rendered":"<p>Le ministre de l&rsquo;Agriculture, du D\u00e9veloppement rural et de la P\u00eache, Ch\u00e9rif Omari, a r\u00e9it\u00e9r\u00e9 l&rsquo;engagement de son minist\u00e8re \u00e0 donner aux ing\u00e9nieurs agronomes, \u00abune opportunit\u00e9 effective, en vue de booster le d\u00e9veloppement dans le secteur, pour relever le d\u00e9fi de la s\u00e9curit\u00e9 alimentaire\u00bb.S\u2019exprimant, lors d\u2019une rencontre de travail avec le pr\u00e9sident de l&rsquo;Union nationale [&hellip;]<\/p>\n","protected":false},"author":1744,"featured_media":0,"comment_status":"closed","ping_status":"closed","sticky":false,"template":"","format":"standard","meta":{"fifu_image_url":"","fifu_image_alt":"","footnotes":""},"categories":[73,53],"tags":[],"class_list":["post-41300","post","type-post","status-publish","format-standard","hentry","category-actualite","category-algerie"],"_links":{"self":[{"href":"https:\/\/linitiative.ca\/International\/wp-json\/wp\/v2\/posts\/41300","targetHints":{"allow":["GET"]}}],"collection":[{"href":"https:\/\/linitiative.ca\/International\/wp-json\/wp\/v2\/posts"}],"about":[{"href":"https:\/\/linitiative.ca\/International\/wp-json\/wp\/v2\/types\/post"}],"author":[{"embeddable":true,"href":"https:\/\/linitiative.ca\/International\/wp-json\/wp\/v2\/users\/1744"}],"replies":[{"embeddable":true,"href":"https:\/\/linitiative.ca\/International\/wp-json\/wp\/v2\/comments?post=41300"}],"version-history":[{"count":0,"href":"https:\/\/linitiative.ca\/International\/wp-json\/wp\/v2\/posts\/41300\/revisions"}],"wp:attachment":[{"href":"https:\/\/linitiative.ca\/International\/wp-json\/wp\/v2\/media?parent=41300"}],"wp:term":[{"taxonomy":"category","embeddable":true,"href":"https:\/\/linitiative.ca\/International\/wp-json\/wp\/v2\/categories?post=41300"},{"taxonomy":"post_tag","embeddable":true,"href":"https:\/\/linitiative.ca\/International\/wp-json\/wp\/v2\/tags?post=41300"}],"curies":[{"name":"wp","href":"https:\/\/api.w.org\/{rel}","templated":true}]}}