{"id":41302,"date":"2019-06-17T19:00:00","date_gmt":"2019-06-17T23:00:00","guid":{"rendered":"https:\/\/linitiative.ca\/International\/inondations-dillizi-indemnisation-urgente-des-sinistres\/"},"modified":"2019-06-17T19:00:00","modified_gmt":"2019-06-17T23:00:00","slug":"inondations-dillizi-indemnisation-urgente-des-sinistres","status":"publish","type":"post","link":"https:\/\/linitiative.ca\/International\/inondations-dillizi-indemnisation-urgente-des-sinistres\/","title":{"rendered":"Inondations d\u2019Illizi : Indemnisation urgente des sinistr\u00e9s"},"content":{"rendered":"<p><strong>Le Premier ministre, Noureddine Bedoui, a d\u00e9cid\u00e9, dimanche soir, lors d\u2019un conseil interminist\u00e9riel consacr\u00e9 \u00e0 l\u2019examen des mesures \u00e0 prendre, suite aux r\u00e9centes inondations enregistr\u00e9es dans la wilaya d\u2019Illizi, la prise en charge urgente de l\u2019indemnisation de tous les citoyens sinistr\u00e9s, indique un communiqu\u00e9 du Premier minist\u00e8re.<\/strong><\/p>\n<p>La r\u00e9union \u00e0 laquelle ont pris part les ministres de l\u2019Int\u00e9rieur, des Finances, de l\u2019Habitat, des Ressources en eau, de la Sant\u00e9, des Travaux publics et de l\u2019Energie, a \u00e9t\u00e9 marqu\u00e9e par la pr\u00e9sentation d\u2019un rapport d\u2019\u00e9valuation \u00e9labor\u00e9 par la commission interminist\u00e9rielle d\u00e9p\u00each\u00e9e sur place, sur instruction du Premier ministre, laquelle s\u2019est attel\u00e9e, de concert avec les autorit\u00e9s locales, \u00e0 l\u2019\u00e9valuation des d\u00e9g\u00e2ts et \u00e0 la prise en charge des pr\u00e9occupations des citoyens sinistr\u00e9s et des propositions formul\u00e9es par les acteurs de la soci\u00e9t\u00e9 civile et les notables de la r\u00e9gion, ajoute le communiqu\u00e9.<br \/>Lors de la rencontre, qui s\u2019est d\u00e9roul\u00e9e en pr\u00e9sence des repr\u00e9sentants des secteurs de l\u2019Environnement et de la Solidarit\u00e9, avant son \u00e9largissement au d\u00e9l\u00e9gu\u00e9 national aux risques majeurs, ainsi qu\u2019aux responsables des entreprises publiques concern\u00e9es, le Premier ministre a mis en avant \u00able suivi quotidien\u00bb par le gouvernement des effets et d\u00e9g\u00e2ts engendr\u00e9s par les inondations, saluant l\u2019\u00e9lan de solidarit\u00e9 des citoyens \u00e0 travers tout le territoire national et la mobilisation de toutes les institutions de l\u2019Etat, et \u00e0 leur t\u00eate l\u2019Arm\u00e9e nationale populaire (ANP), pour fournir l\u2019aide n\u00e9cessaire aux citoyens sinistr\u00e9s et permettre le retour \u00e0 la normale dans cette r\u00e9gion.<br \/>Vu \u00able caract\u00e8re urgent\u00bb que rev\u00eatent l\u2019ensemble des op\u00e9rations propos\u00e9es et soutenues par les secteurs, le Premier ministre a d\u00e9cid\u00e9 d\u2019une prise en \u00abcharge urgente\u00bb de l\u2019indemnisation de tous les citoyens sinistr\u00e9s pour les pertes enregistr\u00e9es en termes de richesse animale et d\u2019arbres fruitiers, pr\u00e9cise le communiqu\u00e9. Parmi les d\u00e9cisions prises, l\u2019octroi de 400 aides financi\u00e8res aux citoyens, dont les maisons ont \u00e9t\u00e9 d\u00e9molies par les crues et flux d\u2019eau, et la d\u00e9molition des habitations longeant les cours d\u2019eau avec le relogement de leurs habitants, en favorisant l\u2019acc\u00e8s aux aides destin\u00e9es \u00e0 la construction de nouveaux logements. Le Premier ministre a d\u00e9cid\u00e9 \u00e9galement le lancement d\u2019une \u00e9tude globale de protection de la ville de Djanet contre les risques d\u2019inondations, qui sera confi\u00e9e \u00e0 un bureau d\u2019\u00e9tudes sp\u00e9cialis\u00e9, avec la coop\u00e9ration de l\u2019Agence spatiale alg\u00e9rienne (ASAL), ainsi qu\u2019une autre \u00e9tude pour la r\u00e9alisation de trois ouvrages d\u2019art (viaducs) \u00e0 l\u2019entr\u00e9e de la ville de Djanet, \u00e0 savoir: \u00e0 Asahi et In Abarbar. Ces d\u00e9cisions portent en outre sur le r\u00e9am\u00e9nagement de tous les \u00e9tablissements et structures relevant du secteur de l\u2019\u00e9ducation nationale au niveau de toutes les communes concern\u00e9es, la r\u00e9habilitation du tron\u00e7on de la RN 3 reliant Djanet \u00e0 Bordj El Haouas, outre le lancement d\u2019une \u00e9tude et le suivi de l\u2019am\u00e9nagement de six oueds secondaires (Oued Ifri, Tassouine, Beni Ouskan, Aghoum, Tin Alkoum et Arkin) au niveau de Djanet.<br \/>Le Premier ministre a appel\u00e9 \u00e0 la prise en charge de l\u2019op\u00e9ration de nettoiement et la lev\u00e9e des amas et r\u00e9sidus des inondations, outre l\u2019acquisition de camions de nettoiement, de pompes, de groupes \u00e9lectrog\u00e8nes et la lev\u00e9e du gel sur le programme de l\u2019am\u00e9lioration urbaine au profit des vieux quartiers \u00e0 travers la ville de Djanet. A cet effet, M. Bedoui a charg\u00e9 le ministre de l\u2019Energie de l\u2019installation de kits solaires, au profit des agglom\u00e9rations au niveau des r\u00e9gions du Sud pour la prise en charge des principaux besoins de leurs citoyens, outre la reprise des activit\u00e9s pastorales et agricoles et la mobilisation de la soci\u00e9t\u00e9 COSIDER pour proc\u00e9der \u00e0 l\u2019installation de ses chantiers et entamer imm\u00e9diatement la r\u00e9alisation des grandes op\u00e9rations pr\u00e9vues.<br \/>A l\u2019issue de la r\u00e9union du Conseil interminist\u00e9riel, le Premier ministre a install\u00e9 une commission intersectorielle, pr\u00e9sid\u00e9e par le d\u00e9l\u00e9gu\u00e9 national aux risques majeurs, pour le suivi p\u00e9riodique sur le terrain de la mise en \u0153uvre des d\u00e9cisions prises, et charg\u00e9 le ministre de l\u2019Int\u00e9rieur, de pr\u00e9senter un rapport d\u2019\u00e9valuation, lors des prochaines r\u00e9unions, sur le taux de mise en \u0153uvre des d\u00e9cisions prises au niveau des wilayas touch\u00e9es l\u2019ann\u00e9e derni\u00e8re ou cette ann\u00e9e par les inondations.<\/p>\n<p>Auteur: elmoudjahid<br \/>\n<a href=\"http:\/\/www.elmoudjahid.com\/fr\/actualites\/138246\">Cliquez ici pour lire l&rsquo;article depuis sa source.<\/a><\/p>\n","protected":false},"excerpt":{"rendered":"<p>Le Premier ministre, Noureddine Bedoui, a d\u00e9cid\u00e9, dimanche soir, lors d\u2019un conseil interminist\u00e9riel consacr\u00e9 \u00e0 l\u2019examen des mesures \u00e0 prendre, suite aux r\u00e9centes inondations enregistr\u00e9es dans la wilaya d\u2019Illizi, la prise en charge urgente de l\u2019indemnisation de tous les citoyens sinistr\u00e9s, indique un communiqu\u00e9 du Premier minist\u00e8re. La r\u00e9union \u00e0 laquelle ont pris part les [&hellip;]<\/p>\n","protected":false},"author":1744,"featured_media":0,"comment_status":"closed","ping_status":"closed","sticky":false,"template":"","format":"standard","meta":{"fifu_image_url":"","fifu_image_alt":"","footnotes":""},"categories":[73,53],"tags":[],"class_list":["post-41302","post","type-post","status-publish","format-standard","hentry","category-actualite","category-algerie"],"_links":{"self":[{"href":"https:\/\/linitiative.ca\/International\/wp-json\/wp\/v2\/posts\/41302","targetHints":{"allow":["GET"]}}],"collection":[{"href":"https:\/\/linitiative.ca\/International\/wp-json\/wp\/v2\/posts"}],"about":[{"href":"https:\/\/linitiative.ca\/International\/wp-json\/wp\/v2\/types\/post"}],"author":[{"embeddable":true,"href":"https:\/\/linitiative.ca\/International\/wp-json\/wp\/v2\/users\/1744"}],"replies":[{"embeddable":true,"href":"https:\/\/linitiative.ca\/International\/wp-json\/wp\/v2\/comments?post=41302"}],"version-history":[{"count":0,"href":"https:\/\/linitiative.ca\/International\/wp-json\/wp\/v2\/posts\/41302\/revisions"}],"wp:attachment":[{"href":"https:\/\/linitiative.ca\/International\/wp-json\/wp\/v2\/media?parent=41302"}],"wp:term":[{"taxonomy":"category","embeddable":true,"href":"https:\/\/linitiative.ca\/International\/wp-json\/wp\/v2\/categories?post=41302"},{"taxonomy":"post_tag","embeddable":true,"href":"https:\/\/linitiative.ca\/International\/wp-json\/wp\/v2\/tags?post=41302"}],"curies":[{"name":"wp","href":"https:\/\/api.w.org\/{rel}","templated":true}]}}