{"id":41306,"date":"2019-06-17T19:00:00","date_gmt":"2019-06-17T23:00:00","guid":{"rendered":"https:\/\/linitiative.ca\/International\/moussa-faki-president-de-la-commission-de-lunion-africaine-le-compromis-pour-eviter-le-chaos\/"},"modified":"2019-06-17T19:00:00","modified_gmt":"2019-06-17T23:00:00","slug":"moussa-faki-president-de-la-commission-de-lunion-africaine-le-compromis-pour-eviter-le-chaos","status":"publish","type":"post","link":"https:\/\/linitiative.ca\/International\/moussa-faki-president-de-la-commission-de-lunion-africaine-le-compromis-pour-eviter-le-chaos\/","title":{"rendered":"Moussa Faki, pr\u00e9sident de la Commission de l&rsquo;Union africaine : Le compromis \u00abpour \u00e9viter le chaos\u00bb"},"content":{"rendered":"<p>Le pr\u00e9sident de la Commission de l&rsquo;Union africaine (UA), Moussa Faki Mahamat, a indiqu\u00e9 que la situation qui pr\u00e9vaut en Alg\u00e9rie avait \u00e9volu\u00e9 dans le cadre de la Constitution, appelant les Alg\u00e9riens \u00e0 travailler ensemble pour trouver un compromis, afin d&rsquo;\u00ab\u00e9viter le chaos\u00bb.<br \/>\u00abSi nous n&rsquo;avons moins comment\u00e9 la situation, c&rsquo;est parce que, jusque-l\u00e0, les choses se sont pass\u00e9es dans le cadre d\u00e9fini par la Constitution\u00bb, a-t-il expliqu\u00e9 au sujet de la situation en Alg\u00e9rie dans une interview \u00e0 Jeune Afrique parue dans sa derni\u00e8re \u00e9dition (du 16 au 22 juin, num\u00e9ro 3049).<br \/>Il a soutenu, dans ce cadre, que \u00abtout le monde doit travailler \u00e0 trouver un compromis\u00bb.<br \/>\u00abLa volont\u00e9 du changement exprim\u00e9e par le peuple est \u00e9vidente, mais il faut \u00e9viter le chaos\u00bb, a-t-il ajout\u00e9.<\/p>\n<p>Auteur: elmoudjahid<br \/>\n<a href=\"http:\/\/www.elmoudjahid.com\/fr\/actualites\/138250\">Cliquez ici pour lire l&rsquo;article depuis sa source.<\/a><\/p>\n","protected":false},"excerpt":{"rendered":"<p>Le pr\u00e9sident de la Commission de l&rsquo;Union africaine (UA), Moussa Faki Mahamat, a indiqu\u00e9 que la situation qui pr\u00e9vaut en Alg\u00e9rie avait \u00e9volu\u00e9 dans le cadre de la Constitution, appelant les Alg\u00e9riens \u00e0 travailler ensemble pour trouver un compromis, afin d&rsquo;\u00ab\u00e9viter le chaos\u00bb.\u00abSi nous n&rsquo;avons moins comment\u00e9 la situation, c&rsquo;est parce que, jusque-l\u00e0, les choses [&hellip;]<\/p>\n","protected":false},"author":1744,"featured_media":0,"comment_status":"closed","ping_status":"closed","sticky":false,"template":"","format":"standard","meta":{"fifu_image_url":"","fifu_image_alt":"","footnotes":""},"categories":[73,53],"tags":[],"class_list":["post-41306","post","type-post","status-publish","format-standard","hentry","category-actualite","category-algerie"],"_links":{"self":[{"href":"https:\/\/linitiative.ca\/International\/wp-json\/wp\/v2\/posts\/41306","targetHints":{"allow":["GET"]}}],"collection":[{"href":"https:\/\/linitiative.ca\/International\/wp-json\/wp\/v2\/posts"}],"about":[{"href":"https:\/\/linitiative.ca\/International\/wp-json\/wp\/v2\/types\/post"}],"author":[{"embeddable":true,"href":"https:\/\/linitiative.ca\/International\/wp-json\/wp\/v2\/users\/1744"}],"replies":[{"embeddable":true,"href":"https:\/\/linitiative.ca\/International\/wp-json\/wp\/v2\/comments?post=41306"}],"version-history":[{"count":0,"href":"https:\/\/linitiative.ca\/International\/wp-json\/wp\/v2\/posts\/41306\/revisions"}],"wp:attachment":[{"href":"https:\/\/linitiative.ca\/International\/wp-json\/wp\/v2\/media?parent=41306"}],"wp:term":[{"taxonomy":"category","embeddable":true,"href":"https:\/\/linitiative.ca\/International\/wp-json\/wp\/v2\/categories?post=41306"},{"taxonomy":"post_tag","embeddable":true,"href":"https:\/\/linitiative.ca\/International\/wp-json\/wp\/v2\/tags?post=41306"}],"curies":[{"name":"wp","href":"https:\/\/api.w.org\/{rel}","templated":true}]}}