{"id":41309,"date":"2019-06-18T09:33:50","date_gmt":"2019-06-18T13:33:50","guid":{"rendered":"https:\/\/linitiative.ca\/International\/90772-foot-can-2019-preparation-ounas-reprend-l-entrainement\/"},"modified":"2019-06-18T09:33:50","modified_gmt":"2019-06-18T13:33:50","slug":"90772-foot-can-2019-preparation-ounas-reprend-l-entrainement","status":"publish","type":"post","link":"https:\/\/linitiative.ca\/International\/90772-foot-can-2019-preparation-ounas-reprend-l-entrainement\/","title":{"rendered":"Foot\/CAN-2019 (pr\u00e9paration): Ounas reprend l&rsquo;entra\u00eenement"},"content":{"rendered":"<div>\n<div class=\"K2FeedIntroText\">\n<p><strong>ALGER &#8211; L&rsquo;ailier international alg\u00e9rien de Naples (Italie) Adam Ounas, remis d&rsquo;une l\u00e9g\u00e8re blessure \u00e0 la cheville, a repris l&rsquo;entra\u00eenement avec ses co\u00e9quipiers lundi soir, soit \u00e0 la veille du d\u00e9part de la s\u00e9lection alg\u00e9rienne de football pour le Caire pour participer \u00e0 la Coupe d&rsquo;Afrique des nations CAN-2019 en Egypte (21 juin-19 juillet), selon des photos publi\u00e9es sur le site de la FAF.<\/strong><\/p>\n<\/div>\n<div class=\"K2FeedFullText\">\n<p>Ounas s&rsquo;est bless\u00e9 mercredi dernier \u00e0 l&rsquo;entra\u00eenement lors du stage effectu\u00e9 par les Verts \u00e0 Doha. L&rsquo;instance f\u00e9d\u00e9rale avait r\u00e9agi en affirmant que la blessure de l&rsquo;ancien Bordelais \u00e9tait \u00ab\u00a0sans gravit\u00e9\u00a0\u00bb.<\/p>\n<p>Au cours de leur stage qatari, les joueurs du s\u00e9lectionneur national Djamel Belmadi ont disput\u00e9 deux matchs amicaux : face au Burundi (1-1) et au Mali (3-2).<\/p>\n<p>Rappelons que le milieu d\u00e9fensif du Stade brestois (France) Haris Belkebla a \u00e9t\u00e9 \u00e9cart\u00e9 pour des raisons disciplinaires et a \u00e9t\u00e9 remplac\u00e9 par l&rsquo;attaquant Andy Delort (Montpellier), auteur face aux \u00ab\u00a0Aigles\u00a0\u00bb maliens de son premier but en s\u00e9lection pour sa premi\u00e8re apparition.<\/p>\n<p>A la CAN-2019, la s\u00e9lection alg\u00e9rienne \u00e9voluera dans le groupe C, bas\u00e9 au Caire, avec le Kenya (23 juin), le S\u00e9n\u00e9gal (27 juin) et la Tanzanie (1er juillet).<\/p>\n<\/div>\n<p><img loading=\"lazy\" decoding=\"async\" src=\"http:\/\/feeds.feedburner.com\/~r\/aps-sport\/~4\/ytYonSibuXQ\" height=\"1\" width=\"1\" alt=\"\"><\/div>\n<p>Auteur:<br \/>\n<a href=\"http:\/\/www.aps.dz\/sport\/90772-foot-can-2019-preparation-ounas-reprend-l-entrainement?utm_source=feedburner&#038;utm_medium=feed&#038;utm_campaign=Feed%3A+aps-sport+%28APS+-+SPORT%29\">Cliquez ici pour lire l&rsquo;article depuis sa source.<\/a><\/p>\n","protected":false},"excerpt":{"rendered":"<p>ALGER &#8211; L&rsquo;ailier international alg\u00e9rien de Naples (Italie) Adam Ounas, remis d&rsquo;une l\u00e9g\u00e8re blessure \u00e0 la cheville, a repris l&rsquo;entra\u00eenement avec ses co\u00e9quipiers lundi soir, soit \u00e0 la veille du d\u00e9part de la s\u00e9lection alg\u00e9rienne de football pour le Caire pour participer \u00e0 la Coupe d&rsquo;Afrique des nations CAN-2019 en Egypte (21 juin-19 juillet), selon [&hellip;]<\/p>\n","protected":false},"author":1790,"featured_media":0,"comment_status":"closed","ping_status":"closed","sticky":false,"template":"","format":"standard","meta":{"fifu_image_url":"","fifu_image_alt":"","footnotes":""},"categories":[53,75],"tags":[],"class_list":["post-41309","post","type-post","status-publish","format-standard","hentry","category-algerie","category-sport"],"_links":{"self":[{"href":"https:\/\/linitiative.ca\/International\/wp-json\/wp\/v2\/posts\/41309","targetHints":{"allow":["GET"]}}],"collection":[{"href":"https:\/\/linitiative.ca\/International\/wp-json\/wp\/v2\/posts"}],"about":[{"href":"https:\/\/linitiative.ca\/International\/wp-json\/wp\/v2\/types\/post"}],"author":[{"embeddable":true,"href":"https:\/\/linitiative.ca\/International\/wp-json\/wp\/v2\/users\/1790"}],"replies":[{"embeddable":true,"href":"https:\/\/linitiative.ca\/International\/wp-json\/wp\/v2\/comments?post=41309"}],"version-history":[{"count":0,"href":"https:\/\/linitiative.ca\/International\/wp-json\/wp\/v2\/posts\/41309\/revisions"}],"wp:attachment":[{"href":"https:\/\/linitiative.ca\/International\/wp-json\/wp\/v2\/media?parent=41309"}],"wp:term":[{"taxonomy":"category","embeddable":true,"href":"https:\/\/linitiative.ca\/International\/wp-json\/wp\/v2\/categories?post=41309"},{"taxonomy":"post_tag","embeddable":true,"href":"https:\/\/linitiative.ca\/International\/wp-json\/wp\/v2\/tags?post=41309"}],"curies":[{"name":"wp","href":"https:\/\/api.w.org\/{rel}","templated":true}]}}