{"id":41310,"date":"2019-06-18T09:35:26","date_gmt":"2019-06-18T13:35:26","guid":{"rendered":"https:\/\/linitiative.ca\/International\/90774-attribution-du-mondial-2022-au-qatar-platini-place-en-garde-a-vue\/"},"modified":"2019-06-18T09:35:26","modified_gmt":"2019-06-18T13:35:26","slug":"90774-attribution-du-mondial-2022-au-qatar-platini-place-en-garde-a-vue","status":"publish","type":"post","link":"https:\/\/linitiative.ca\/International\/90774-attribution-du-mondial-2022-au-qatar-platini-place-en-garde-a-vue\/","title":{"rendered":"Attribution du Mondial 2022 au Qatar: Platini plac\u00e9 en garde \u00e0 vue"},"content":{"rendered":"<div>\n<div class=\"K2FeedImage\"><img decoding=\"async\" src=\"http:\/\/www.aps.dz\/media\/k2\/items\/cache\/a57ff0ebe69ea77ed7c5b21c61206333_S.jpg\" alt=\"Attribution du Mondial 2022 au Qatar: Platini plac\u00e9 en garde \u00e0 vue\"><\/div>\n<div class=\"K2FeedIntroText\">\n<p><strong>PARIS &#8211; L\u2019ancien pr\u00e9sident de l\u2019Union europ\u00e9enne de football (UEFA) et ex-capitaine de la s\u00e9lection fran\u00e7aise, Michel Platini, a \u00e9t\u00e9 plac\u00e9 mardi en garde \u00e0 vue dans le cadre de l\u2019enqu\u00eate pour corruption sur l\u2019attribution du Mondial-2022 au Qatar, a indiqu\u00e9 Mediapart.<\/strong><\/p>\n<\/div>\n<div class=\"K2FeedFullText\">\n<p>L&rsquo;ancien N.10 de l&rsquo;\u00e9quipe de France a \u00e9t\u00e9 plac\u00e9 en garde \u00e0 vue dans les locaux de l\u2019Office anticorruption de la police judiciaire (OCLCIFF) \u00e0 Nanterre (Hauts-de-Seine), a pr\u00e9cis\u00e9 le journal num\u00e9rique selon ses informations.<\/p>\n<p>Il est rappel\u00e9 que l&rsquo;attribution de cette Coupe du Monde au Qatar a d\u00e9j\u00e0 provoqu\u00e9 la chute de plusieurs membres du comit\u00e9 ex\u00e9cutif de la F\u00e9d\u00e9ration internationale de football (FIFA).<\/p>\n<p>Les investigations du Parquet national financier (PNF) cherchent \u00e0 \u00e9tablir les faits pour le r\u00f4le jou\u00e9 par des responsables fran\u00e7ais (politiques et sportifs) dans cette attribution avec comme chefs d&rsquo;inculpation \u00ab\u00a0corruption priv\u00e9e\u00a0\u00bb, \u00ab\u00a0association de malfaiteurs\u00a0\u00bb ainsi que \u00ab\u00a0trafic d\u2019influence et recel de trafic d\u2019influence\u00a0\u00bb.<\/p>\n<p>Dans cette affaire, l\u2019ex-secr\u00e9taire g\u00e9n\u00e9ral de l\u2019Elys\u00e9e, du temps du pr\u00e9sident Nicolas Sarkozy, Claude Gu\u00e9ant, a \u00e9t\u00e9 \u00e9galement entendu en qualit\u00e9 de \u00ab\u00a0suspect libre\u00a0\u00bb, a ajout\u00e9 Mediapart, pr\u00e9cisant que l&rsquo;enqu\u00eate est men\u00e9e avec la collaboration des autorit\u00e9s judiciaires suisses et am\u00e9ricaines.<\/p>\n<p>Le choix du Qatar pour la prochaine Coupe du Monde en 2022 a \u00e9t\u00e9 vot\u00e9 par 24 membres du comit\u00e9 ex\u00e9cutif de la FIFA, au d\u00e9triment des candidatures de l\u2019Australie, du Japon, de la Cor\u00e9e du Sud et des Etats-Unis, rappelle-t-on.<\/p>\n<p>La presse britannique a d\u00e9nonc\u00e9 le lendemain du vote la corruption au sein de la FIFA et, depuis, 16 membres du comit\u00e9 ex\u00e9cutif ont \u00e9t\u00e9 radi\u00e9s, suspendus ou restent sous le coup d\u2019une enqu\u00eate.<\/p>\n<p>Selon Mediapart, l\u2019enqu\u00eate du PNF porte notamment sur la \u00ab\u00a0c\u00e9l\u00e8bre\u00a0\u00bb r\u00e9union secr\u00e8te \u00e0 l&rsquo;Elys\u00e9e en novembre 2010, r\u00e9v\u00e9l\u00e9e en 2013 par France Football et le mensuel So Foot.<\/p>\n<p>Cette r\u00e9union a regroup\u00e9, au cours d&rsquo;un d\u00e9jeuner, le pr\u00e9sident Sarkozy, l&rsquo;\u00e9mir Tamim ben Hamad al-Thani et Michel Platini, avec la participation du Premier ministre qatari de l\u2019\u00e9poque Hamad ben Jassem al-Thani, le secr\u00e9taire g\u00e9n\u00e9ral de l\u2019Elys\u00e9e Claude Gu\u00e9ant et Sophie Dion, alors conseill\u00e8re sport de Nicolas Sarkozy.<\/p>\n<p>Selon le magazine France Football, \u00ab\u00a0au cours de cette r\u00e9union, il a tour \u00e0 tour \u00e9t\u00e9 question du rachat du PSG par les Qataris (devenu effectif en juin 2011), d&rsquo;une mont\u00e9e de leur actionnariat au sein du groupe Lagard\u00e8re et de la cr\u00e9ation d&rsquo;une cha\u00eene de sport (beIN Sports) pour concurrencer Canal+\u00a0\u00bb. Le tout aurait \u00e9t\u00e9 convenu \u00ab\u00a0en \u00e9change d&rsquo;une promesse : que Platini ne donne pas sa voix aux Etats-Unis, comme il l&rsquo;avait envisag\u00e9, mais au Qatar\u00a0\u00bb, a-t-on ajout\u00e9.<\/p>\n<\/div>\n<p><img loading=\"lazy\" decoding=\"async\" src=\"http:\/\/feeds.feedburner.com\/~r\/aps-sport\/~4\/ty-r31hiUuE\" height=\"1\" width=\"1\" alt=\"\"><\/div>\n<p>Auteur:<br \/>\n<a href=\"http:\/\/www.aps.dz\/sport\/90774-attribution-du-mondial-2022-au-qatar-platini-place-en-garde-a-vue?utm_source=feedburner&#038;utm_medium=feed&#038;utm_campaign=Feed%3A+aps-sport+%28APS+-+SPORT%29\">Cliquez ici pour lire l&rsquo;article depuis sa source.<\/a><\/p>\n","protected":false},"excerpt":{"rendered":"<p>PARIS &#8211; L\u2019ancien pr\u00e9sident de l\u2019Union europ\u00e9enne de football (UEFA) et ex-capitaine de la s\u00e9lection fran\u00e7aise, Michel Platini, a \u00e9t\u00e9 plac\u00e9 mardi en garde \u00e0 vue dans le cadre de l\u2019enqu\u00eate pour corruption sur l\u2019attribution du Mondial-2022 au Qatar, a indiqu\u00e9 Mediapart. L&rsquo;ancien N.10 de l&rsquo;\u00e9quipe de France a \u00e9t\u00e9 plac\u00e9 en garde \u00e0 vue [&hellip;]<\/p>\n","protected":false},"author":1790,"featured_media":41311,"comment_status":"closed","ping_status":"closed","sticky":false,"template":"","format":"standard","meta":{"fifu_image_url":"","fifu_image_alt":"","footnotes":""},"categories":[53,75],"tags":[],"class_list":["post-41310","post","type-post","status-publish","format-standard","has-post-thumbnail","hentry","category-algerie","category-sport"],"_links":{"self":[{"href":"https:\/\/linitiative.ca\/International\/wp-json\/wp\/v2\/posts\/41310","targetHints":{"allow":["GET"]}}],"collection":[{"href":"https:\/\/linitiative.ca\/International\/wp-json\/wp\/v2\/posts"}],"about":[{"href":"https:\/\/linitiative.ca\/International\/wp-json\/wp\/v2\/types\/post"}],"author":[{"embeddable":true,"href":"https:\/\/linitiative.ca\/International\/wp-json\/wp\/v2\/users\/1790"}],"replies":[{"embeddable":true,"href":"https:\/\/linitiative.ca\/International\/wp-json\/wp\/v2\/comments?post=41310"}],"version-history":[{"count":0,"href":"https:\/\/linitiative.ca\/International\/wp-json\/wp\/v2\/posts\/41310\/revisions"}],"wp:featuredmedia":[{"embeddable":true,"href":"https:\/\/linitiative.ca\/International\/wp-json\/"}],"wp:attachment":[{"href":"https:\/\/linitiative.ca\/International\/wp-json\/wp\/v2\/media?parent=41310"}],"wp:term":[{"taxonomy":"category","embeddable":true,"href":"https:\/\/linitiative.ca\/International\/wp-json\/wp\/v2\/categories?post=41310"},{"taxonomy":"post_tag","embeddable":true,"href":"https:\/\/linitiative.ca\/International\/wp-json\/wp\/v2\/tags?post=41310"}],"curies":[{"name":"wp","href":"https:\/\/api.w.org\/{rel}","templated":true}]}}