{"id":41340,"date":"2019-06-18T05:21:23","date_gmt":"2019-06-18T09:21:23","guid":{"rendered":"https:\/\/linitiative.ca\/International\/haddad-condamne-le-dg-de-sovac-incarcere-zoukh-sous-controle-judiciaire\/"},"modified":"2019-06-18T05:21:23","modified_gmt":"2019-06-18T09:21:23","slug":"haddad-condamne-le-dg-de-sovac-incarcere-zoukh-sous-controle-judiciaire","status":"publish","type":"post","link":"https:\/\/linitiative.ca\/International\/haddad-condamne-le-dg-de-sovac-incarcere-zoukh-sous-controle-judiciaire\/","title":{"rendered":"Haddad condamn\u00e9, le DG de Sovac incarc\u00e9r\u00e9, Zoukh sous contr\u00f4le judiciaire\u2026"},"content":{"rendered":"<h4 class=\"title-14\">Le d\u00e9fil\u00e9 des personnalit\u00e9s devant les juges continue<\/h4>\n<div class=\"featured_image\"><img width=\"286\" height=\"167\" data-cfsrc=\"https:\/\/www.elwatan.com\/wp-content\/uploads\/2019\/06\/Sans-titre-1-52.gif\" class=\"attachment-post-thumbnail size-post-thumbnail wp-post-image c1\" alt=\"\"\/><noscript><\/p>\n<p><img loading=\"lazy\" decoding=\"async\" width=\"286\" height=\"167\" src=\"https:\/\/www.elwatan.com\/wp-content\/uploads\/2019\/06\/Sans-titre-1-52.gif\" class=\"attachment-post-thumbnail size-post-thumbnail wp-post-image\" alt=\"\"\/><\/p>\n<p><\/noscript><\/div>\n<p>L\u2019actualit\u00e9 judiciaire n\u2019a pas baiss\u00e9 d\u2019un iota. Hier, alors que le tribunal de Bir Mourad Ra\u00efs pr\u00e8s la cour d\u2019Alger pronon\u00e7ait une peine de 6 mois de prison ferme assortie d\u2019une amende de 50 000 DA contre le patron du groupe ETRHB, Ali Haddad,<\/p>\n<p>et une autre de 2 mois avec sursis contre le commissaire Hassan Boualem, directeur des titres et documents s\u00e9curis\u00e9s du minist\u00e8re de l\u2019Int\u00e9rieur, dans le cadre de l\u2019affaire de d\u00e9tention de deux passeports, deux ex-walis, Abdelkader Zoukh d\u2019Alger et Mohamed Djamel Khnafer d\u2019El Bayadh, ont \u00e9t\u00e9 d\u00e9f\u00e9r\u00e9s devant le magistrat instructeur pr\u00e8s la Cour supr\u00eame, qui a inculp\u00e9 et plac\u00e9 le premier sous contr\u00f4le judiciaire, et le second en libert\u00e9, pour des faits li\u00e9s au \u00abnon-respect de la r\u00e9glementation des march\u00e9s publics\u00bb et l\u2019\u00aboctroi d\u2019indus privil\u00e8ges\u00bb au centre desquels se trouvent Ali Haddad.<\/p>\n<p>Dans un communiqu\u00e9 publi\u00e9 en fin de journ\u00e9e, le parquet g\u00e9n\u00e9ral de la Cour supr\u00eame a fait \u00e9tat de deux chefs d\u2019inculpation contre Abdelkader Zoukh, \u00aboctroi de privil\u00e8ges dans le cadre des march\u00e9s publics\u00bb et \u00ababus de fonction\u00bb, et deux autres contre Mohamed Djamel Khnafer, \u00ababus de fonctions\u00bb et \u00abdilapidation de deniers publics\u00bb. Cette derni\u00e8re d\u00e9cision a \u00e9t\u00e9 contest\u00e9e par le procureur g\u00e9n\u00e9ral, qui s\u2019est pourvu en appel aupr\u00e8s de la chambre d\u2019accusation.<\/p>\n<p>Quatre autres hauts fonctionnaires, tous d\u2019anciens ministres, doivent \u00eatre auditionn\u00e9s par le juge pour les m\u00eames griefs. Il s\u2019agit des ex-ministres des Travaux publics et des Transports, le d\u00e9put\u00e9 Boudjemaa Talai, le s\u00e9nateur et secr\u00e9taire g\u00e9n\u00e9ral du parti Taj, Ammar Ghoul, pour lesquels une demande de lev\u00e9e de l\u2019immunit\u00e9 attend toujours l\u2019ex\u00e9cution, l\u2019ex-ministre de l\u2019Industrie, Abdessalem Bouchouareb, actuellement \u00e0 l\u2019\u00e9tranger, et l\u2019ex-ministre de l\u2019Agriculture, Abdelkader Bouazgui.<\/p>\n<p>Durant la soir\u00e9e de dimanche \u00e0 hier, plus d\u2019une cinquantaine de personnes ont \u00e9t\u00e9 d\u00e9f\u00e9r\u00e9es devant le juge d\u2019instruction pr\u00e8s le tribunal de Sidi M\u2019hamed dans le cadre de l\u2019enqu\u00eate sur de pr\u00e9sum\u00e9s faits de \u00abdilapidation de deniers publics\u00bb, de \u00abtransfert illicite de capitaux\u00bb et d\u2019\u00aboctroi d\u2019indus privil\u00e8ges\u00bb au patron du groupe Sovac, Mourad Oulmi, repr\u00e9sentant exclusif des marques automobiles, notamment allemandes (Wolkwagen, Audi, Skoda, etc).<\/p>\n<p>Les premi\u00e8res d\u00e9cisions ont concern\u00e9 ce dernier, son fr\u00e8re-associ\u00e9 Kheir, l\u2019ex-DG du CPA, ainsi que quatre fonctionnaires du minist\u00e8re de l\u2019Industrie, tous plac\u00e9s en d\u00e9tention provisoire. De nombreux mis en cause, dont le fr\u00e8re de Oulmi et un de ses cadres dirigeants ont \u00e9t\u00e9 mis sous contr\u00f4le judiciaire, alors que les auditions se poursuivaient toujours hier en fin de journ\u00e9e.<\/p>\n<p>Cette affaire, faut-il le rappeler, a \u00e9clabouss\u00e9 l\u2019ex-Premier ministre Ahmed Ouyahia, d\u00e9tenu dans le cadre du dossier Ali Haddad, mais \u00e9galement l\u2019ex-ministre de l\u2019Industrie, Youcef Yousfi. Etant donn\u00e9 que les deux hauts fonctionnaires de l\u2019Etat b\u00e9n\u00e9ficient du privil\u00e8ge de juridiction, ils ont \u00e9t\u00e9 inform\u00e9s des griefs qui leur sont reproch\u00e9s par le procureur de Sidi M\u2019hamed, avant qu\u2019ils ne soient pr\u00e9sent\u00e9s devant le magistrat instructeur de la Cour supr\u00eame pour une nouvelle enqu\u00eate judiciaire li\u00e9e au patron de Sovac, Mourad Oulmi.<\/p>\n<p>Il faut donc s\u2019attendre \u00e0 d\u2019autres d\u00e9cisions aussi bien de la Cour supr\u00eame que du tribunal de Sidi M\u2019hamed, charg\u00e9 des enqu\u00eates judiciaires li\u00e9es aux \u00abprivil\u00e8ges\u00bb accord\u00e9s aux hommes d\u2019affaires Ali Haddad, Mahieddine Tahkout, patron du groupe Cima Motors, et R\u00e9da Kouninef, PDG du groupe Kougc, qui attend toujours d\u2019\u00eatre entendu par le juge d\u2019instruction sur le fond.<\/p>\n<p><span class=\"post-views-label\">Post Views:<\/span> <span class=\"post-views-count\">2\u00a0879<\/span><\/p>\n<p>Auteur: Hicham Chouadria<br \/>\n<a href=\"https:\/\/www.elwatan.com\/edition\/actualite\/le-defile-des-personnalites-devant-les-juges-continue-haddad-condamne-le-dg-de-sovac-incarcere-zoukh-sous-controle-judiciaire-18-06-2019\">Cliquez ici pour lire l&rsquo;article depuis sa source.<\/a><\/p>\n","protected":false},"excerpt":{"rendered":"<p>Le d\u00e9fil\u00e9 des personnalit\u00e9s devant les juges continue L\u2019actualit\u00e9 judiciaire n\u2019a pas baiss\u00e9 d\u2019un iota. Hier, alors que le tribunal de Bir Mourad Ra\u00efs pr\u00e8s la cour d\u2019Alger pronon\u00e7ait une peine de 6 mois de prison ferme assortie d\u2019une amende de 50 000 DA contre le patron du groupe ETRHB, Ali Haddad, et une autre [&hellip;]<\/p>\n","protected":false},"author":1743,"featured_media":41341,"comment_status":"closed","ping_status":"closed","sticky":false,"template":"","format":"standard","meta":{"fifu_image_url":"","fifu_image_alt":"","footnotes":""},"categories":[73,53],"tags":[],"class_list":["post-41340","post","type-post","status-publish","format-standard","has-post-thumbnail","hentry","category-actualite","category-algerie"],"_links":{"self":[{"href":"https:\/\/linitiative.ca\/International\/wp-json\/wp\/v2\/posts\/41340","targetHints":{"allow":["GET"]}}],"collection":[{"href":"https:\/\/linitiative.ca\/International\/wp-json\/wp\/v2\/posts"}],"about":[{"href":"https:\/\/linitiative.ca\/International\/wp-json\/wp\/v2\/types\/post"}],"author":[{"embeddable":true,"href":"https:\/\/linitiative.ca\/International\/wp-json\/wp\/v2\/users\/1743"}],"replies":[{"embeddable":true,"href":"https:\/\/linitiative.ca\/International\/wp-json\/wp\/v2\/comments?post=41340"}],"version-history":[{"count":0,"href":"https:\/\/linitiative.ca\/International\/wp-json\/wp\/v2\/posts\/41340\/revisions"}],"wp:featuredmedia":[{"embeddable":true,"href":"https:\/\/linitiative.ca\/International\/wp-json\/"}],"wp:attachment":[{"href":"https:\/\/linitiative.ca\/International\/wp-json\/wp\/v2\/media?parent=41340"}],"wp:term":[{"taxonomy":"category","embeddable":true,"href":"https:\/\/linitiative.ca\/International\/wp-json\/wp\/v2\/categories?post=41340"},{"taxonomy":"post_tag","embeddable":true,"href":"https:\/\/linitiative.ca\/International\/wp-json\/wp\/v2\/tags?post=41340"}],"curies":[{"name":"wp","href":"https:\/\/api.w.org\/{rel}","templated":true}]}}