{"id":41344,"date":"2019-06-18T05:28:19","date_gmt":"2019-06-18T09:28:19","guid":{"rendered":"https:\/\/linitiative.ca\/International\/john-desrocher-les-etats-unis-sont-a-vos-cotes\/"},"modified":"2019-06-18T05:28:19","modified_gmt":"2019-06-18T09:28:19","slug":"john-desrocher-les-etats-unis-sont-a-vos-cotes","status":"publish","type":"post","link":"https:\/\/linitiative.ca\/International\/john-desrocher-les-etats-unis-sont-a-vos-cotes\/","title":{"rendered":"John Desrocher : \u00abLes Etats-Unis sont \u00e0 vos c\u00f4t\u00e9s\u00bb"},"content":{"rendered":"<h4 class=\"title-14\">Tout en soulignant l\u2019int\u00e9r\u00eat de son pays pour l\u2019investissement en Alg\u00e9rie<\/h4>\n<div class=\"featured_image\"><img width=\"595\" height=\"373\" data-cfsrc=\"https:\/\/www.elwatan.com\/wp-content\/uploads\/2019\/06\/John-Desrocher-1-e1560806815977.jpg\" class=\"attachment-post-thumbnail size-post-thumbnail wp-post-image c1\" alt=\"\" srcset=\"https:\/\/www.elwatan.com\/wp-content\/uploads\/2019\/06\/John-Desrocher-1-e1560806815977.jpg 595w, https:\/\/www.elwatan.com\/wp-content\/uploads\/2019\/06\/John-Desrocher-1-e1560806815977-300x188.jpg 300w\" sizes=\"(max-width: 595px) 100vw, 595px\"\/><noscript><\/p>\n<p><img loading=\"lazy\" decoding=\"async\" width=\"595\" height=\"373\" src=\"https:\/\/www.elwatan.com\/wp-content\/uploads\/2019\/06\/John-Desrocher-1-e1560806815977.jpg\" class=\"attachment-post-thumbnail size-post-thumbnail wp-post-image\" alt=\"\" srcset=\"https:\/\/www.elwatan.com\/wp-content\/uploads\/2019\/06\/John-Desrocher-1-e1560806815977.jpg 595w, https:\/\/www.elwatan.com\/wp-content\/uploads\/2019\/06\/John-Desrocher-1-e1560806815977-300x188.jpg 300w\" sizes=\"auto, (max-width: 595px) 100vw, 595px\"\/><\/p>\n<p><\/noscript><\/div>\n<p class=\"p1\"><span class=\"s1\"><strong>L<\/strong><\/span>es Etats-Unis prendront part \u00e0 la 52<sup>e<\/sup> \u00e9dition de la Foire internationale d\u2019Alger avec une vingtaine d\u2019entreprises, qui occuperont le plus grand espace d\u2019exposition \u00e0 la Safex. <em>\u00abLa relation \u00e9conomique alg\u00e9ro-am\u00e9ricaine trouve tout son sens lors de la Foire internationale d\u2019Alger, qui est l\u2019un des \u00e9v\u00e9nements les plus importants en Afrique\u2026<\/em><\/p>\n<p class=\"p1\"><em>C\u2019est l\u2019un des moments forts de notre relation bilat\u00e9rale\u00bb<\/em>, indique dans son discours l\u2019ambassadeur des Etats-Unis en exercice en Alg\u00e9rie, John Desrocher, lors d\u2019une r\u00e9ception donn\u00e9e en l\u2019honneur de la participation am\u00e9ricaine \u00e0 la 52<sup>e<\/sup> FIA.<\/p>\n<p class=\"p1\">Le diplomate am\u00e9ricain souligne en outre, dans le discours distribu\u00e9 \u00e0 la presse, l\u2019aspiration profonde de son pays \u00e0 <em>\u00abrenforcer la coop\u00e9ration \u00e9conomique entre nos deux pays\u00bb. \u00abLe peuple alg\u00e9rien \u2013 et en particulier la jeunesse alg\u00e9rienne \u2013 est inspirant, passionn\u00e9 et d\u00e9termin\u00e9 \u00e0 tracer son propre chemin. Les Etats-Unis sont \u00e0 ses c\u00f4t\u00e9s pour l\u2019aider \u00e0 r\u00e9aliser ses objectifs et ses aspirations\u00bb<\/em>, affirme le diplomate dans un message on ne peut plus clair.<\/p>\n<p class=\"p2\">Malgr\u00e9 la faible participation \u00e9trang\u00e8re \u00e0 l\u2019\u00e9dition de la FIA de cette ann\u00e9e, l\u2019Am\u00e9rique veut montrer \u00e0 travers sa forte pr\u00e9sence \u00e0 la foire son attachement \u00e0 l\u2019Alg\u00e9rie. Refusant d\u2019\u00e9mettre un commentaire sur l\u2019impact de la situation actuelle sur l\u2019investissement am\u00e9ricain, l\u2019ambassadeur Desrocher s\u2019est content\u00e9 de noter que <em>\u00abl\u2019importance de la participation am\u00e9ricaine \u00e0 la FIA montre clairement combien l\u2019int\u00e9r\u00eat am\u00e9ricain pour le march\u00e9 alg\u00e9rien et l\u2019investissement en Alg\u00e9rie est grand\u00bb<\/em>.<\/p>\n<p class=\"p2\">John Desrocher estime qu\u2019une \u00e9conomie diversifi\u00e9e est une \u00e9conomie forte et <em>\u00abnous voulons \u00eatre partie prenante de la diversification de l\u2019\u00e9conomie en Alg\u00e9rie\u00bb<\/em>.<\/p>\n<p class=\"p2\">Et d\u2019ajouter au sujet de la diversit\u00e9 des secteurs d\u2019int\u00e9r\u00eat am\u00e9ricains en Alg\u00e9rie : <em>\u00abNous voulons diversifier et renforcer la pr\u00e9sence des entreprises am\u00e9ricaines dans diff\u00e9rents secteurs, vous pouvez d\u2019ailleurs le constater dans le nombre des entreprises pr\u00e9sentes \u00e0 la FIA.\u00bb<\/em><\/p>\n<p class=\"p2\">Le repr\u00e9sentant de la Chambre am\u00e9ricaine de commerce (AmCham Algeria) explique pour sa part que la situation actuelle est m\u00eame <em>\u00able moment opportun o\u00f9 il faut \u00eatre pr\u00e9sent dans ce pays, c\u2019est un moment de changement positif et le nombre de soci\u00e9t\u00e9s am\u00e9ricaines qui participent \u00e0 la foire en est une preuve\u00bb<\/em>.<\/p>\n<p class=\"p2\">Mettant la participation am\u00e9ricaine \u00e0 la FIA sous la coupe \u00e0 la fois de l\u2019AmCham et du Conseil d\u2019affaire alg\u00e9ro-am\u00e9ricain (USABC), l\u2019ambassade des Etats-Unis en Alg\u00e9rie a voulu renforcer le cadre de soutien au partenariat entre les deux pays. <em>\u00abPlus de 20 entreprises et organisations am\u00e9ricaines repr\u00e9sentant les secteurs de l\u2019agro-alimentaire, la construction, la d\u00e9fense, l\u2019\u00e9ducation, l\u2019\u00e9nergie, l\u2019industrie, la sant\u00e9 et le transport pr\u00e9sentent leurs produits et services au pavillon am\u00e9ricain.\u00bb<\/em> L\u2019id\u00e9e d\u2019une pr\u00e9sence am\u00e9ricaine exclusivement dans le secteur des hydrocarbures en Alg\u00e9rie serait \u00e0 bannir, disent les repr\u00e9sentants de l\u2019AmCham et de l\u2019USABC.<\/p>\n<p class=\"p2\">La pr\u00e9dominance est plus dans le pharmaceutique et non pas dans le secteur \u00e9nerg\u00e9tique. Le secteur des hydrocarbures ne repr\u00e9sente pas plus de 20% de la pr\u00e9sence am\u00e9ricaine en Alg\u00e9rie, nous dit-on. <em>\u00abEn tant qu\u2019ambassadeur des Etats-Unis en Alg\u00e9rie, je dis toujours aux investisseurs am\u00e9ricains : \u00a0\u00bbExaminez de pr\u00e8s l\u2019Alg\u00e9rie.\u00a0\u00bb J\u2019ai moi-m\u00eame constat\u00e9 le vaste potentiel du march\u00e9 alg\u00e9rien et la volont\u00e9 du monde des affaires alg\u00e9rien de se d\u00e9velopper et de se diversifier. Les Etats-Unis estiment que des march\u00e9s ouverts et concurrentiels sont la cl\u00e9 du d\u00e9veloppement \u00e9conomique, de la diversit\u00e9 et de la croissance. Nous pensons que la transparence, le dynamisme et l\u2019innovation seront la cl\u00e9 de l\u2019avenir \u00e9conomique de l\u2019Alg\u00e9rie.\u00bb<\/em> <span class=\"Apple-converted-space\">\u00a0<\/span><\/p>\n<p><span class=\"post-views-label\">Post Views:<\/span> <span class=\"post-views-count\">2\u00a0714<\/span><\/p>\n<p>Auteur: Hicham Chouadria<br \/>\n<a href=\"https:\/\/www.elwatan.com\/edition\/actualite\/tout-en-soulignant-linteret-de-son-pays-pour-linvestissement-en-algerie-john-desrocher-les-etats-unis-sont-a-vos-cotes-18-06-2019\">Cliquez ici pour lire l&rsquo;article depuis sa source.<\/a><\/p>\n","protected":false},"excerpt":{"rendered":"<p>Tout en soulignant l\u2019int\u00e9r\u00eat de son pays pour l\u2019investissement en Alg\u00e9rie Les Etats-Unis prendront part \u00e0 la 52e \u00e9dition de la Foire internationale d\u2019Alger avec une vingtaine d\u2019entreprises, qui occuperont le plus grand espace d\u2019exposition \u00e0 la Safex. \u00abLa relation \u00e9conomique alg\u00e9ro-am\u00e9ricaine trouve tout son sens lors de la Foire internationale d\u2019Alger, qui est l\u2019un [&hellip;]<\/p>\n","protected":false},"author":1743,"featured_media":41345,"comment_status":"closed","ping_status":"closed","sticky":false,"template":"","format":"standard","meta":{"fifu_image_url":"","fifu_image_alt":"","footnotes":""},"categories":[73,53],"tags":[],"class_list":["post-41344","post","type-post","status-publish","format-standard","has-post-thumbnail","hentry","category-actualite","category-algerie"],"_links":{"self":[{"href":"https:\/\/linitiative.ca\/International\/wp-json\/wp\/v2\/posts\/41344","targetHints":{"allow":["GET"]}}],"collection":[{"href":"https:\/\/linitiative.ca\/International\/wp-json\/wp\/v2\/posts"}],"about":[{"href":"https:\/\/linitiative.ca\/International\/wp-json\/wp\/v2\/types\/post"}],"author":[{"embeddable":true,"href":"https:\/\/linitiative.ca\/International\/wp-json\/wp\/v2\/users\/1743"}],"replies":[{"embeddable":true,"href":"https:\/\/linitiative.ca\/International\/wp-json\/wp\/v2\/comments?post=41344"}],"version-history":[{"count":0,"href":"https:\/\/linitiative.ca\/International\/wp-json\/wp\/v2\/posts\/41344\/revisions"}],"wp:featuredmedia":[{"embeddable":true,"href":"https:\/\/linitiative.ca\/International\/wp-json\/"}],"wp:attachment":[{"href":"https:\/\/linitiative.ca\/International\/wp-json\/wp\/v2\/media?parent=41344"}],"wp:term":[{"taxonomy":"category","embeddable":true,"href":"https:\/\/linitiative.ca\/International\/wp-json\/wp\/v2\/categories?post=41344"},{"taxonomy":"post_tag","embeddable":true,"href":"https:\/\/linitiative.ca\/International\/wp-json\/wp\/v2\/tags?post=41344"}],"curies":[{"name":"wp","href":"https:\/\/api.w.org\/{rel}","templated":true}]}}