{"id":41346,"date":"2019-06-18T05:30:51","date_gmt":"2019-06-18T09:30:51","guid":{"rendered":"https:\/\/linitiative.ca\/International\/incertitudes-economiques-en-algerie-la-52e-fia-boudee-par-les-etrangers\/"},"modified":"2019-06-18T05:30:51","modified_gmt":"2019-06-18T09:30:51","slug":"incertitudes-economiques-en-algerie-la-52e-fia-boudee-par-les-etrangers","status":"publish","type":"post","link":"https:\/\/linitiative.ca\/International\/incertitudes-economiques-en-algerie-la-52e-fia-boudee-par-les-etrangers\/","title":{"rendered":"Incertitudes \u00e9conomiques en Alg\u00e9rie : La 52e FIA boud\u00e9e par les \u00e9trangers"},"content":{"rendered":"<h4 class=\"title-14\"\/>\n<div class=\"featured_image\"><img width=\"578\" height=\"310\" data-cfsrc=\"https:\/\/www.elwatan.com\/wp-content\/uploads\/2019\/06\/foire.jpg\" class=\"attachment-post-thumbnail size-post-thumbnail wp-post-image c1\" alt=\"Incertitudes \u00e9conomiques en Alg\u00e9rie : La 52e FIA boud\u00e9e par les \u00e9trangers\" srcset=\"https:\/\/www.elwatan.com\/wp-content\/uploads\/2019\/06\/foire.jpg 578w, https:\/\/www.elwatan.com\/wp-content\/uploads\/2019\/06\/foire-300x161.jpg 300w\" sizes=\"(max-width: 578px) 100vw, 578px\"\/><noscript><\/p>\n<p><img loading=\"lazy\" decoding=\"async\" width=\"578\" height=\"310\" src=\"https:\/\/www.elwatan.com\/wp-content\/uploads\/2019\/06\/foire.jpg\" class=\"attachment-post-thumbnail size-post-thumbnail wp-post-image\" alt=\"Incertitudes \u00e9conomiques en Alg\u00e9rie : La 52e FIA boud\u00e9e par les \u00e9trangers\" srcset=\"https:\/\/www.elwatan.com\/wp-content\/uploads\/2019\/06\/foire.jpg 578w, https:\/\/www.elwatan.com\/wp-content\/uploads\/2019\/06\/foire-300x161.jpg 300w\" sizes=\"auto, (max-width: 578px) 100vw, 578px\"\/><\/p>\n<p><\/noscript> <span class=\"featured-image-caption\">Photo : El Watan<\/span><\/div>\n<p class=\"p1\"><span class=\"s1\">L<\/span>a 52<sup>e<\/sup> \u00e9dition de la Foire internationale d\u2019Alger (FIA) sera inaugur\u00e9e aujourd\u2019hui dans la discr\u00e9tion par Abdelkader Bensalah, en pr\u00e9sence des seules \u00e9quipes de la T\u00e9l\u00e9vision et de la Radio nationales.<\/p>\n<p class=\"p1\">L\u2019\u00e9dition de cette ann\u00e9e, qui s\u2019\u00e9talera du 18 au 23 juin, sera marqu\u00e9e par la d\u00e9fection de nombreux pays du fait de la situation actuelle et de l\u2019incertitude qui r\u00e8gne sur l\u2019avenir \u00e9conomique du pays. Seuls 15 Etats ont r\u00e9pondu pr\u00e9sent \u00e0 l\u2019invitation alg\u00e9rienne et, pour la premi\u00e8re fois, aucun pays ne sera mis \u00e0 l\u2019honneur.<\/p>\n<p class=\"p1\">La France devait \u00eatre, selon l\u2019ancien calendrier de la foire, le pays d\u2019honneur de cette \u00e9dition, mais l\u2019Alg\u00e9rie a d\u00e9cid\u00e9 de n\u2019accorder aucune place de faveur dans l\u2019actuelle \u00e9dition pour le moins timide et manquant de panache. Selon des indiscr\u00e9tions, m\u00eame la demande am\u00e9ricaine d\u2019\u00eatre pays d\u2019honneur n\u2019a pas re\u00e7u l\u2019avis favorable de la partie alg\u00e9rienne, qui a pr\u00e9f\u00e9r\u00e9 ne pas hisser une participation par rapport \u00e0 une autre cette ann\u00e9e.<\/p>\n<p class=\"p1\">Parmi les pays pr\u00e9sents, on compte pour l\u2019Asie, la Chine et l\u2019Indon\u00e9sie, pour l\u2019Europe, l\u2019Allemagne et la France, ainsi que la Turquie, pour l\u2019Am\u00e9rique, les Etats-Unis, le Br\u00e9sil et l\u2019Argentine, pour l\u2019Afrique, le S\u00e9n\u00e9gal, le Mali et l\u2019Afrique du Sud, pour les pays du Maghreb, la seule Tunisie et pour les pays arabes, la Syrie, le Soudan et la Jordanie, mais dont la pr\u00e9sence est soumise au doute \u00e0 cause des difficult\u00e9s rencontr\u00e9es par certains exposants pour l\u2019obtention du visa alg\u00e9rien. Certains pays participeront en firmes et non pas en pavillons officiels, \u00e0 l\u2019instar de l\u2019Egypte, la Tch\u00e9quie et le Pakistan.<\/p>\n<p class=\"p2\">En tout 501 entreprises, dont 133 \u00e9trang\u00e8res, et 7 firmes participeront cette ann\u00e9e \u00e0 la Foire d\u2019Alger. Une foire qui s\u2019ouvre dans un contexte de grosses affaires de dilapidation des deniers publics et dont les principaux accus\u00e9s sont des ex-Premiers ministres, membres de gouvernement et hommes d\u2019affaires.<\/p>\n<p class=\"p2\">Ce qui \u00e9tait qualifi\u00e9 d\u2019\u00e9v\u00e9nement \u00e9conomique et commercial de premier ordre en Alg\u00e9rie perd, ann\u00e9e apr\u00e8s ann\u00e9e, de sa superbe. Si la situation qui pr\u00e9vaut depuis le 22 f\u00e9vrier est pr\u00e9sent\u00e9e comme la principale raison de ces d\u00e9fections, il est utile de noter que la Foire internationale d\u2019Alger attire de moins en moins les pays \u00e9trangers depuis d\u00e9j\u00e0 quelques ann\u00e9es. L\u2019\u00e9dition de 2018 n\u2019avait attir\u00e9 que 26 pays et 271 entreprises \u00e9trang\u00e8res, contre 34 pays et 494 entreprises \u00e9trang\u00e8res en 2017, et 33 pays et 405 entreprises \u00e9trang\u00e8res en 2016.<\/p>\n<p class=\"p2\">La gestion aventureuse et sans vision de l\u2019\u00e9conomie nationale depuis de longues ann\u00e9es a fini par d\u00e9sarmer toutes les volont\u00e9s de construire des partenariats durables. M\u00eame les entreprises nationales sont de moins en moins pr\u00e9sentes \u00e0 la FIA.<\/p>\n<p class=\"p2\">Elles \u00e9taient 536 en 2017, 405 en 2016 et 368 en 2019. Depuis un certains nombre d\u2019ann\u00e9es, les entreprises pr\u00e9f\u00e8rent les salons sp\u00e9cialis\u00e9s \u00e0 la grande foire commerciale, qui rev\u00eat plus un caract\u00e8re politique qu\u2019\u00e9conomique.<\/p>\n<p><span class=\"post-views-label\">Post Views:<\/span> <span class=\"post-views-count\">4\u00a0732<\/span><\/p>\n<p>Auteur: Hicham Chouadria<br \/>\n<a href=\"https:\/\/www.elwatan.com\/a-la-une\/incertitudes-economiques-en-algerie-la-52e-fia-boudee-par-les-etrangers-18-06-2019\">Cliquez ici pour lire l&rsquo;article depuis sa source.<\/a><\/p>\n","protected":false},"excerpt":{"rendered":"<p>Photo : El Watan La 52e \u00e9dition de la Foire internationale d\u2019Alger (FIA) sera inaugur\u00e9e aujourd\u2019hui dans la discr\u00e9tion par Abdelkader Bensalah, en pr\u00e9sence des seules \u00e9quipes de la T\u00e9l\u00e9vision et de la Radio nationales. L\u2019\u00e9dition de cette ann\u00e9e, qui s\u2019\u00e9talera du 18 au 23 juin, sera marqu\u00e9e par la d\u00e9fection de nombreux pays du [&hellip;]<\/p>\n","protected":false},"author":1743,"featured_media":41347,"comment_status":"closed","ping_status":"closed","sticky":false,"template":"","format":"standard","meta":{"fifu_image_url":"","fifu_image_alt":"","footnotes":""},"categories":[73,53],"tags":[],"class_list":["post-41346","post","type-post","status-publish","format-standard","has-post-thumbnail","hentry","category-actualite","category-algerie"],"_links":{"self":[{"href":"https:\/\/linitiative.ca\/International\/wp-json\/wp\/v2\/posts\/41346","targetHints":{"allow":["GET"]}}],"collection":[{"href":"https:\/\/linitiative.ca\/International\/wp-json\/wp\/v2\/posts"}],"about":[{"href":"https:\/\/linitiative.ca\/International\/wp-json\/wp\/v2\/types\/post"}],"author":[{"embeddable":true,"href":"https:\/\/linitiative.ca\/International\/wp-json\/wp\/v2\/users\/1743"}],"replies":[{"embeddable":true,"href":"https:\/\/linitiative.ca\/International\/wp-json\/wp\/v2\/comments?post=41346"}],"version-history":[{"count":0,"href":"https:\/\/linitiative.ca\/International\/wp-json\/wp\/v2\/posts\/41346\/revisions"}],"wp:featuredmedia":[{"embeddable":true,"href":"https:\/\/linitiative.ca\/International\/wp-json\/"}],"wp:attachment":[{"href":"https:\/\/linitiative.ca\/International\/wp-json\/wp\/v2\/media?parent=41346"}],"wp:term":[{"taxonomy":"category","embeddable":true,"href":"https:\/\/linitiative.ca\/International\/wp-json\/wp\/v2\/categories?post=41346"},{"taxonomy":"post_tag","embeddable":true,"href":"https:\/\/linitiative.ca\/International\/wp-json\/wp\/v2\/tags?post=41346"}],"curies":[{"name":"wp","href":"https:\/\/api.w.org\/{rel}","templated":true}]}}