{"id":41362,"date":"2019-06-18T14:10:00","date_gmt":"2019-06-18T18:10:00","guid":{"rendered":"https:\/\/linitiative.ca\/International\/mohamed-adel-chehida-derapage-preelectoral-en-italie-responsabilites-et-connivences\/"},"modified":"2019-06-18T14:10:00","modified_gmt":"2019-06-18T18:10:00","slug":"mohamed-adel-chehida-derapage-preelectoral-en-italie-responsabilites-et-connivences","status":"publish","type":"post","link":"https:\/\/linitiative.ca\/International\/mohamed-adel-chehida-derapage-preelectoral-en-italie-responsabilites-et-connivences\/","title":{"rendered":"Mohamed Adel Chehida &#8211; D\u00e9rapage pr\u00e9\u00e9lectoral en Italie: Responsabilit\u00e9s et connivences"},"content":{"rendered":"<p>On parle souvent de moralit\u00e9 en politique ces derniers temps, malheureusement ce que nous observons en Italie en est loin. J\u2019ai beaucoup h\u00e9sit\u00e9 avant d\u2019\u00e9crire ces quelques lignes, mais les \u00e9pisodes qui se sont suivies \u00e0 Milan constituent des pr\u00e9c\u00e9dents \u00e0 prendre au s\u00e9rieux \u00e0 mon avis. Ils ne pr\u00e9disent pas d\u2019une ambiance pr\u00e9\u00e9lectorale sereine. Je me suis d\u00e9cid\u00e9 \u00e0 partager avec vous ces commentaires car je crois encore en notre administration.<\/p>\n<p>Le premier \u00e9v\u00e8nement \u00e9tait la publication sur le site officiel du consulat tunisien \u00e0 Milan d\u2019insultes contre le repr\u00e9sentant d\u2019un parti politique pour la simple fait qu\u2019il avait exprim\u00e9 son opinion concernant des enfants tunisiens mineurs qui risquaient d\u2019\u00eatre enlev\u00e9s \u00e0 leur familles \u00e0 cause de probl\u00e8mes socio\u00e9conomiques familiaux.<\/p>\n<p>Devant mes protestations, il m\u2019a \u00e9t\u00e9 demand\u00e9 de supprimer mon commentaire, si je tenais \u00e0 ce que les insultes soient supprim\u00e9es ! On a l\u2019impression qu\u2019il y a une forme de volont\u00e9 d\u2019exclure tous dialogues entre les citoyens \u00e0 l\u2019\u00e9tranger de la part des autorit\u00e9s consulaires.<\/p>\n<p>A qui b\u00e9n\u00e9ficient ces agissements ? Est-ce pour pousser les rares personnes engag\u00e9es \u00e0 l\u2019\u00e9tranger \u00e0 d\u00e9serter la sc\u00e8ne politique en Italie avec la b\u00e9n\u00e9diction \u00e0 peine voil\u00e9e de certains responsables consulaires afin de leur permettre d\u2019assouvir des ambitions politiques personnelles. On sait que les affectations \u00e0 l\u2019\u00e9tranger se font parfois avec l\u2019appui de certains pays.<\/p>\n<p>La neutralit\u00e9 de l\u2019administration et de ses repr\u00e9sentants est inscrite dans la constitution. Les missions diplomatiques tunisiennes \u00e0 l\u2019\u00e9tranger ne sont pas des officines de partis politiques. Par ailleurs, nous nous souvenons tous des taux de participations ridicules lors de certaines \u00e9lections partielles. Est-ce que nous voulons reproduire les m\u00eames echecs ?<\/p>\n<p>Maintenir un climat de confiance au sein de la communaut\u00e9 tunisienne \u00e0 l\u2019\u00e9tranger est vital pour la d\u00e9mocratie en Tunisie et l\u2019\u00e9conomie tunisienne. Nous repr\u00e9sentons plus que 10% de la population et notre contribution \u00e0 l\u2019\u00e9conomie sont tr\u00e8s importante. Le tunisien r\u00e9sident \u00e0 l\u2019\u00e9tranger affronte en ce moment des difficult\u00e9s socio\u00e9conomiques, le ch\u00f4mage et surtout la vague populiste en Europe. Il ne doit \u00eatre consid\u00e9r\u00e9 comme un citoyen de seconde zone ni \u00e0 l\u2019\u00e9tranger ni dans son pays d\u2019origine. Nous le vivons \u00e0 chaque instant notre planche de salut, notre lien organique reste le pays. Ne faisons pas fuir par des agissements inacceptables les rares personnes engag\u00e9es, sachons ensemble convaincre nos compatriotes que gr\u00e2ce \u00e0 leur engagement l\u2019avenir sera meilleur en Tunisie.<\/p>\n<p class=\"c2\"><strong>Mohamed Adel Chehida<\/strong><br \/><em>Coordinateur Al Badil Ettounsi Italie<\/em><\/p>\n<p class=\"c2\"><strong>Mohamed Adel Chehida<\/strong><br \/><em>Coordinateur Al Badil Ettounsi Italie<\/em><\/p>\n<p>Auteur:<br \/>\n<a href=\"https:\/\/www.leaders.com.tn\/article\/27304-derapage-ethique-preelectoral-en-italie-responsabilite-et-connivences\">Cliquez ici pour lire l&rsquo;article depuis sa source.<\/a><\/p>\n","protected":false},"excerpt":{"rendered":"<p>On parle souvent de moralit\u00e9 en politique ces derniers temps, malheureusement ce que nous observons en Italie en est loin. J\u2019ai beaucoup h\u00e9sit\u00e9 avant d\u2019\u00e9crire ces quelques lignes, mais les \u00e9pisodes qui se sont suivies \u00e0 Milan constituent des pr\u00e9c\u00e9dents \u00e0 prendre au s\u00e9rieux \u00e0 mon avis. Ils ne pr\u00e9disent pas d\u2019une ambiance pr\u00e9\u00e9lectorale sereine. [&hellip;]<\/p>\n","protected":false},"author":1772,"featured_media":0,"comment_status":"closed","ping_status":"closed","sticky":false,"template":"","format":"standard","meta":{"fifu_image_url":"","fifu_image_alt":"","footnotes":""},"categories":[73,55],"tags":[],"class_list":["post-41362","post","type-post","status-publish","format-standard","hentry","category-actualite","category-tunisie"],"_links":{"self":[{"href":"https:\/\/linitiative.ca\/International\/wp-json\/wp\/v2\/posts\/41362","targetHints":{"allow":["GET"]}}],"collection":[{"href":"https:\/\/linitiative.ca\/International\/wp-json\/wp\/v2\/posts"}],"about":[{"href":"https:\/\/linitiative.ca\/International\/wp-json\/wp\/v2\/types\/post"}],"author":[{"embeddable":true,"href":"https:\/\/linitiative.ca\/International\/wp-json\/wp\/v2\/users\/1772"}],"replies":[{"embeddable":true,"href":"https:\/\/linitiative.ca\/International\/wp-json\/wp\/v2\/comments?post=41362"}],"version-history":[{"count":0,"href":"https:\/\/linitiative.ca\/International\/wp-json\/wp\/v2\/posts\/41362\/revisions"}],"wp:attachment":[{"href":"https:\/\/linitiative.ca\/International\/wp-json\/wp\/v2\/media?parent=41362"}],"wp:term":[{"taxonomy":"category","embeddable":true,"href":"https:\/\/linitiative.ca\/International\/wp-json\/wp\/v2\/categories?post=41362"},{"taxonomy":"post_tag","embeddable":true,"href":"https:\/\/linitiative.ca\/International\/wp-json\/wp\/v2\/tags?post=41362"}],"curies":[{"name":"wp","href":"https:\/\/api.w.org\/{rel}","templated":true}]}}