{"id":41363,"date":"2019-06-18T14:17:00","date_gmt":"2019-06-18T18:17:00","guid":{"rendered":"https:\/\/linitiative.ca\/International\/la-loi-electorale-les-principaux-amendements\/"},"modified":"2019-06-18T14:17:00","modified_gmt":"2019-06-18T18:17:00","slug":"la-loi-electorale-les-principaux-amendements","status":"publish","type":"post","link":"https:\/\/linitiative.ca\/International\/la-loi-electorale-les-principaux-amendements\/","title":{"rendered":"La loi \u00e9lectorale: Les principaux amendements"},"content":{"rendered":"<p>Le projet\u00a0 d\u2019amendement de la loi \u00e9lectorale a \u00e9t\u00e9 adopt\u00e9 dans sa totalit\u00e9. Ce projet de loi organique portant amendement de la loi organique du 26 mai 2014, propos\u00e9 par le gouvernement a \u00e9t\u00e9 adopt\u00e9 ce jeudi par 128 voix, 30 contre et 14 abstentions.<\/p>\n<h2>Les\u00a0 principaux amendements<\/h2>\n<ul>\n<li>le seuil \u00e9lectoral ramen\u00e9 \u00e0 3% aux \u00e9lections l\u00e9gislatives,<\/li>\n<li>la suppression de l\u2019exclusion des militants de l\u2019ex RCD des bureaux de vote,<\/li>\n<li>l&rsquo;annulation du rejet des candidatures de ceux qui font l&rsquo;apologie de la dictature,<\/li>\n<li>la n\u00e9cessit\u00e9 de pr\u00e9senter un bulletin\u00a0 n\u00b03 vierge pour les candidats aux l\u00e9gislatives,<\/li>\n<li>pour la pr\u00e9sidentielle, les candidats sont tenus de pr\u00e9senter outre le bulletin N\u00b03, le quitus fiscal et la d\u00e9claration sur le patrimoine de l&rsquo;ann\u00e9e pr\u00e9c\u00e9dant la candidature,<\/li>\n<li>le rejet des candidatures et l&rsquo;annulation des r\u00e9sultats de ceux qui ont commis ou tir\u00e9 profit d&rsquo;actes illicites pour les partis politiques ainsi que la publicit\u00e9 politique au cours de l&rsquo;ann\u00e9e qui a pr\u00e9c\u00e9d\u00e9 les \u00e9lections l\u00e9gislatives et pr\u00e9sidentielles,<\/li>\n<li>rejet des candidatures de ceux qui tiennent un discours qui ne respecte pas le r\u00e9gime d\u00e9mocratique, les principes de la constitution et incite \u00e0 la violence, la discrimination et la haine entre les citoyens ou fait l&rsquo;apologie des violations des droits de l&rsquo;homme (concerne les l\u00e9gislatives et la pr\u00e9sidentielle).\u00a0<\/li>\n<\/ul>\n<p><a href=\"\/uploads\/FCK_files\/T%C3%A9l%C3%A9charger%20le%20r%C3%A9sum%C3%A9%20des%20amendements%20de%20la%20loi%20%C3%A9lectorale.pdf\" target=\"_blank\" rel=\"noopener noreferrer\">T\u00e9l\u00e9charger le r\u00e9sum\u00e9 des amendements de la loi \u00e9lectorale<\/a><\/p>\n<p>Auteur:<br \/>\n<a href=\"https:\/\/www.leaders.com.tn\/article\/27312-la-loi-electorale-les-principaux-amendements\">Cliquez ici pour lire l&rsquo;article depuis sa source.<\/a><\/p>\n","protected":false},"excerpt":{"rendered":"<p>Le projet\u00a0 d\u2019amendement de la loi \u00e9lectorale a \u00e9t\u00e9 adopt\u00e9 dans sa totalit\u00e9. Ce projet de loi organique portant amendement de la loi organique du 26 mai 2014, propos\u00e9 par le gouvernement a \u00e9t\u00e9 adopt\u00e9 ce jeudi par 128 voix, 30 contre et 14 abstentions. Les\u00a0 principaux amendements le seuil \u00e9lectoral ramen\u00e9 \u00e0 3% aux [&hellip;]<\/p>\n","protected":false},"author":1772,"featured_media":0,"comment_status":"closed","ping_status":"closed","sticky":false,"template":"","format":"standard","meta":{"fifu_image_url":"","fifu_image_alt":"","footnotes":""},"categories":[73,55],"tags":[],"class_list":["post-41363","post","type-post","status-publish","format-standard","hentry","category-actualite","category-tunisie"],"_links":{"self":[{"href":"https:\/\/linitiative.ca\/International\/wp-json\/wp\/v2\/posts\/41363","targetHints":{"allow":["GET"]}}],"collection":[{"href":"https:\/\/linitiative.ca\/International\/wp-json\/wp\/v2\/posts"}],"about":[{"href":"https:\/\/linitiative.ca\/International\/wp-json\/wp\/v2\/types\/post"}],"author":[{"embeddable":true,"href":"https:\/\/linitiative.ca\/International\/wp-json\/wp\/v2\/users\/1772"}],"replies":[{"embeddable":true,"href":"https:\/\/linitiative.ca\/International\/wp-json\/wp\/v2\/comments?post=41363"}],"version-history":[{"count":0,"href":"https:\/\/linitiative.ca\/International\/wp-json\/wp\/v2\/posts\/41363\/revisions"}],"wp:attachment":[{"href":"https:\/\/linitiative.ca\/International\/wp-json\/wp\/v2\/media?parent=41363"}],"wp:term":[{"taxonomy":"category","embeddable":true,"href":"https:\/\/linitiative.ca\/International\/wp-json\/wp\/v2\/categories?post=41363"},{"taxonomy":"post_tag","embeddable":true,"href":"https:\/\/linitiative.ca\/International\/wp-json\/wp\/v2\/tags?post=41363"}],"curies":[{"name":"wp","href":"https:\/\/api.w.org\/{rel}","templated":true}]}}