{"id":41364,"date":"2019-06-18T14:26:00","date_gmt":"2019-06-18T18:26:00","guid":{"rendered":"https:\/\/linitiative.ca\/International\/khadija-t-moalla-vendues-aux-encheres-de-la-honte\/"},"modified":"2019-06-18T14:26:00","modified_gmt":"2019-06-18T18:26:00","slug":"khadija-t-moalla-vendues-aux-encheres-de-la-honte","status":"publish","type":"post","link":"https:\/\/linitiative.ca\/International\/khadija-t-moalla-vendues-aux-encheres-de-la-honte\/","title":{"rendered":"Khadija T. Moalla: Vendues aux ench\u00e8res de la honte"},"content":{"rendered":"<p><img decoding=\"async\" src=\"\/uploads\/FCK_files\/Khadija-T_-Moalla,-PhD(4).jpg\" width=\"25%\" vspace=\"5\" hspace=\"5\" align=\"left\" alt=\"\"\/>L\u2019horreur a-t-elle une fin? Quand peut-on dire d\u2019un g\u00e9nocide qu\u2019il s\u2019est termin\u00e9 ou que des crimes contre l\u2019humanit\u00e9 se sont achev\u00e9s? Aujourd\u2019hui je sais que l\u2019horreur n\u2019a pas de fin quand le bourreau s\u2019appelle Daesh. Daesh, cette b\u00eate immonde, ce monstre enfant\u00e9 dans une nuit sans lune, ne se cache plus derri\u00e8re mon \u00e9cran de t\u00e9l\u00e9vision. Il est en face, sorti de la bouche de toutes ces femmes qui me racontent l\u2019horreur que leurs semblables ont v\u00e9cues. Etre vendue \u00e0 5, 10 ou 15 $, une fois, deux fois, vingt fois\u2026 l\u2019horreur n\u2019a pas de nom! Daesh sera toujours vivant tant qu\u2019il hantera les jours et les nuits de ces femmes qui n\u2019arrivent plus \u00e0 cacher leur souffrance. Elles sont l\u00e0 en face de moi, \u00e0 tout prix elles veulent s\u2019exorciser de l\u2019effroi qui leur \u00e9trangle la voix.<\/p>\n<p>Soudain la peur s\u2019empare de moi, je ne veux pas m\u2019effondrer devant ces femmes qui ont besoin de ne voir que la force de mon regard, que la conviction dans ma voix, et ma promesse qu\u2019ensemble nous allons chasser la b\u00eate immonde, ce monstre invent\u00e9 en une nuit sans fin! Les comm\u00e9morations du massacre du camp de Speicher, \u00e0 Tekrit sont l\u00e0, trop vives, trop br\u00fblantes, car trop monstrueuses: 1700 jeunes et adolescents abattus avec un sang-froid dont seuls sont capables les mercenaires sans foi ni loi! Pourquoi?<\/p>\n<p>Ma question ne recevra peut-\u00eatre jamais de r\u00e9ponse! Qu\u2019a-t-on fait \u00e0 ce peuple pour qu\u2019il endure 40 ans de guerre? Au nom de qui, au nom de quoi ? Je me ressaisi, au fond de moi, une douleur me noue les tripes, me serre la gorge, non je ne vais pas pleurer, je ne veux pas pleurer! Non, pas maintenant, pas aujourd\u2019hui! Ces femmes ne veulent pas de ma piti\u00e9 mais de mon empathie! Que peut-on ressentir quand on est une femme, expos\u00e9e, d\u00e9munie de tout support et vendue aux ench\u00e8res ? L\u2019horreur a un nom, et ce soir, \u00e0 Erbil, elle m\u2019est apparue, sortie d\u2019un film de com\u00e9die macabre! Je me ressaisi, cela doit certainement \u00eatre un cauchemar, dont je dois me r\u00e9veiller au plus vite! Une main m\u2019agrippe le c\u0153ur, me l\u2019arrache, mes yeux \u00e9corch\u00e9s vifs, mes tripes \u00e0 l\u2019air, la douleur est insupportable\u2026 O\u00f9 \u00e9tions-nous quand ces femmes criaient au secours et se faisaient violer? Une fois lib\u00e9r\u00e9es, il y en a qui ont \u00e9t\u00e9 tu\u00e9es par leur familles, sous l\u2019appellation abjecte de \u00abcrime d\u2019honneur\u00bb! D\u2019autres se sont suicid\u00e9es ou on les a suicid\u00e9es!<\/p>\n<p>Je cherche dans mes souvenirs d\u2019enfance \u00e0 l\u2019\u00e9cole, on m\u2019avait appris que le verbe \u00abse suicider\u00bb \u00e9tait un verbe pronominal qui ne se conjuguait qu\u2019au pass\u00e9! Telle une gifle, toutes les le\u00e7ons que j\u2019ai apprises me sautent au visage! Toutes ces le\u00e7ons d\u2019histoire tronqu\u00e9es racont\u00e9es par les soi-disant vainqueurs, ces le\u00e7ons de g\u00e9ographie regorgeant de cartes truqu\u00e9es, sources de conflits perp\u00e9tuels, ces le\u00e7ons de math\u00e9matiques, o\u00f9 seules les soustractions d\u2019innocents \u00e0 la vie comptent le plus, au lieu d\u2019additionner des d\u00e9couvertes scientifiques pour faire avancer l\u2019humanit\u00e9.<\/p>\n<p>Quel pass\u00e9 va-t-on garder en m\u00e9moire, celui des vainqueurs ou celui des vaincus? Aucun, dans ce genre de guerre, il n\u2019y a toujours que des perdants! L\u2019Humanit\u00e9 enti\u00e8re s\u2019est suicid\u00e9e le jour o\u00f9 on a collectivement permis que des telles horreurs se passent par \u00e9crans interpos\u00e9s et nous ne pourrons m\u00eame pas dire que nous ne savions pas, le jour du jugement dernier de l\u2019histoire! L\u2019Histoire ne nous pardonnera pas et je ne veux m\u00eame pas qu\u2019elle me pardonne car complice je le suis, comme le reste de l\u2019humanit\u00e9 pour non-assistance \u00e0 peuple en danger!<\/p>\n<p class=\"c2\"><strong>Khadija T. Moalla<\/strong><br \/>\u00a0<\/p>\n<p>Auteur:<br \/>\n<a href=\"https:\/\/www.leaders.com.tn\/article\/27313-khadija-t-moalla-vendues-aux-encheres-de-la-honte\">Cliquez ici pour lire l&rsquo;article depuis sa source.<\/a><\/p>\n","protected":false},"excerpt":{"rendered":"<p>L\u2019horreur a-t-elle une fin? Quand peut-on dire d\u2019un g\u00e9nocide qu\u2019il s\u2019est termin\u00e9 ou que des crimes contre l\u2019humanit\u00e9 se sont achev\u00e9s? Aujourd\u2019hui je sais que l\u2019horreur n\u2019a pas de fin quand le bourreau s\u2019appelle Daesh. Daesh, cette b\u00eate immonde, ce monstre enfant\u00e9 dans une nuit sans lune, ne se cache plus derri\u00e8re mon \u00e9cran de [&hellip;]<\/p>\n","protected":false},"author":1772,"featured_media":41367,"comment_status":"closed","ping_status":"closed","sticky":false,"template":"","format":"standard","meta":{"fifu_image_url":"","fifu_image_alt":"","footnotes":""},"categories":[73,55],"tags":[],"class_list":["post-41364","post","type-post","status-publish","format-standard","has-post-thumbnail","hentry","category-actualite","category-tunisie"],"_links":{"self":[{"href":"https:\/\/linitiative.ca\/International\/wp-json\/wp\/v2\/posts\/41364","targetHints":{"allow":["GET"]}}],"collection":[{"href":"https:\/\/linitiative.ca\/International\/wp-json\/wp\/v2\/posts"}],"about":[{"href":"https:\/\/linitiative.ca\/International\/wp-json\/wp\/v2\/types\/post"}],"author":[{"embeddable":true,"href":"https:\/\/linitiative.ca\/International\/wp-json\/wp\/v2\/users\/1772"}],"replies":[{"embeddable":true,"href":"https:\/\/linitiative.ca\/International\/wp-json\/wp\/v2\/comments?post=41364"}],"version-history":[{"count":0,"href":"https:\/\/linitiative.ca\/International\/wp-json\/wp\/v2\/posts\/41364\/revisions"}],"wp:featuredmedia":[{"embeddable":true,"href":"https:\/\/linitiative.ca\/International\/wp-json\/"}],"wp:attachment":[{"href":"https:\/\/linitiative.ca\/International\/wp-json\/wp\/v2\/media?parent=41364"}],"wp:term":[{"taxonomy":"category","embeddable":true,"href":"https:\/\/linitiative.ca\/International\/wp-json\/wp\/v2\/categories?post=41364"},{"taxonomy":"post_tag","embeddable":true,"href":"https:\/\/linitiative.ca\/International\/wp-json\/wp\/v2\/tags?post=41364"}],"curies":[{"name":"wp","href":"https:\/\/api.w.org\/{rel}","templated":true}]}}