{"id":41365,"date":"2019-06-18T15:04:17","date_gmt":"2019-06-18T19:04:17","guid":{"rendered":"https:\/\/linitiative.ca\/International\/les-travailleurs-du-groupe-mediatique-le-temps-dans-le-desarroi\/"},"modified":"2019-06-18T15:04:17","modified_gmt":"2019-06-18T19:04:17","slug":"les-travailleurs-du-groupe-mediatique-le-temps-dans-le-desarroi","status":"publish","type":"post","link":"https:\/\/linitiative.ca\/International\/les-travailleurs-du-groupe-mediatique-le-temps-dans-le-desarroi\/","title":{"rendered":"Les travailleurs du groupe m\u00e9diatique Le Temps dans le d\u00e9sarroi"},"content":{"rendered":"<div>\n<div class=\"sriret\"><img loading=\"lazy\" decoding=\"async\" width=\"539\" height=\"303\" src=\"https:\/\/www.elwatan.com\/wp-content\/uploads\/2019\/06\/dzair.jpg\" class=\"attachment-featured_large size-featured_large wp-post-image\" alt=\"\" style=\"margin-bottom: 15px;\" srcset=\"https:\/\/www.elwatan.com\/wp-content\/uploads\/2019\/06\/dzair.jpg 539w, https:\/\/www.elwatan.com\/wp-content\/uploads\/2019\/06\/dzair-300x169.jpg 300w\" sizes=\"auto, (max-width: 539px) 100vw, 539px\"><\/div>\n<p>Les travailleurs du groupe priv\u00e9 Le Temps d\u2019Alg\u00e9rie r\u00e9clament la constitution  d\u2019un comit\u00e9 de gestion compos\u00e9 de ses travailleurs pour \u00ab g\u00e9rer la situation actuelle jusqu\u2019\u00e0 ce qu\u2019il y aura des solutions concr\u00e8tes \u00bb.<\/p>\n<p> \u00abNous demandons (\u2026) de constituer un comit\u00e9 de gestion du Groupe compos\u00e9 de ses travailleurs pour g\u00e9rer la situation actuelle jusqu\u2019\u00e0 ce qu\u2019il y aura des solutions concr\u00e8tes, sous l\u2019\u00e9gide de l\u2019Etat ou par l\u2019ouverture des portes au profit des investisseurs pour reprendre le groupe. Nous souhaitons que cette demande soit appliqu\u00e9e dans l\u2019imm\u00e9diat, surtout qu\u2019il y a des man\u0153uvres \u00e0 l\u2019int\u00e9rieur du groupe pour pousser les travailleurs \u00e0 d\u00e9missionner par des pressions financi\u00e8res et\/ou provocations administratives, voire m\u00eame des harc\u00e8lements non d\u00e9clar\u00e9s.<br \/>\nCeci, apr\u00e8s que toutes les portes du dialogue ont \u00e9t\u00e9 ferm\u00e9es pour sauver 400 emplois (400 familles alg\u00e9riennes), menac\u00e9s de disparition dans quelques semaines \u00bb, pr\u00e9cise les travailleurs, dans une d\u00e9claration rendue publique. Lees travailleurs du Groupe affirment \u00ab vouloir b\u00e2tir un m\u00e9dia professionnel qui servira les int\u00e9r\u00eats du pays et suivra la voie du professionnalisme avec une ligne \u00e9ditoriale \u00e9quilibr\u00e9e\u00bb.<br \/>\nDans un communiqu\u00e9 rendu public, d\u00e9but juin, la direction de ce groupe m\u00e9diatique, propri\u00e9taire du PDG de l\u2019ETRHB, Ali Haddad, actuellement en prison, a annonc\u00e9 \u00abune restructuration interne\u00bb pour mieux faire face aux difficult\u00e9s financi\u00e8res que rencontre le groupe. L\u2019op\u00e9ration devra se traduire par la fusion des deux cha\u00eenes de t\u00e9l\u00e9vision Dzair TV et Dzair News d\u00e8s le 25 juin. Cette nouvelle cha\u00eene sera g\u00e9n\u00e9raliste tout en consacrant la part du lion \u00e0 l\u2019information \u00abafin d\u2019accompagner les d\u00e9veloppements politiques que conna\u00eet le pays\u00bb (Voir Mokrane A\u00eft Ouarabi (MAO), El Watan 03 juin 2019).<br \/>\nEn r\u00e9action aux actions de leur direction, les travailleurs ont tenu une AG o\u00f9 ils ont exig\u00e9 l\u2019instauration d\u2019un dialogue direct avec les propri\u00e9taires du groupe afin de trouver des solutions \u00e0 cette situation difficile que traverse ce m\u00e9dia. Les employ\u00e9s ont r\u00e9clam\u00e9 l\u2019ouverture du capital du groupe. A d\u00e9faut, ils n\u2019excluent par le recours \u00e0 un d\u00e9brayage. Aujourd\u2019hui les travailleurs ont appel\u00e9 \u00e0 un rassemblement \u00e0 la Maison de la presse, Tahar Djaout (1er Mai). \u00ab C\u2019est la premi\u00e8re action sur le terrain apr\u00e8s avoir \u00e9puis\u00e9 toutes les voies du dialogue avec les responsables et les propri\u00e9taire \u00bb, nous pr\u00e9cise une source du groupe qui a requis l\u2019anonymat. Les membres du collectif des travailleurs ont rencontr\u00e9 les diff\u00e9rents responsables. \u00abLes responsables refusent \u00ab\u00a0les d\u00e9parts volontaires\u00a0\u00bb, car ils doivent indemniser. Ils nous disent qu\u2019il y a trois solutions soit la liquidation judiciaire, soit esp\u00e9r\u00e9 l\u2019arriv\u00e9e d\u2019\u00a0\u00bbun repreneur\u00a0\u00bb, soit attendre que l\u2019ETRHB elle aussi en difficult\u00e9 reprenne pour pouvoir injecter un peu d\u2019argent dans le groupe m\u00e9dia.<br \/>\n Les travailleurs veulent garder leurs emplois. Ils pensent qu\u2019un repreneur est la meilleure solution \u00bb, nous signale-t-on. Depuis bient\u00f4t trois mois, les travailleurs sont sans salaires depuis bient\u00f4t mois, sous pr\u00e9texte, justifient leurs responsable, que l\u2019entreprise \u00ab attend \u00bb toujours les ch\u00e8ques de la publicit\u00e9. <\/p>\n<p>L\u2019article <a rel=\"nofollow\" href=\"https:\/\/www.elwatan.com\/edition\/actualite\/les-travailleurs-du-groupe-mediatique-le-temps-dans-le-desarroi-18-06-2019\">Les travailleurs du groupe m\u00e9diatique Le Temps dans le d\u00e9sarroi<\/a> est apparu en premier sur <a rel=\"nofollow\" href=\"https:\/\/www.elwatan.com\/\">El Watan<\/a>.<\/p>\n<\/div>\n<p>Auteur: Farouk Djouadi<br \/>\n<a href=\"https:\/\/www.elwatan.com\/edition\/actualite\/les-travailleurs-du-groupe-mediatique-le-temps-dans-le-desarroi-18-06-2019\">Cliquez ici pour lire l&rsquo;article depuis sa source.<\/a><\/p>\n","protected":false},"excerpt":{"rendered":"<p>Les travailleurs du groupe priv\u00e9 Le Temps d\u2019Alg\u00e9rie r\u00e9clament la constitution d\u2019un comit\u00e9 de gestion compos\u00e9 de ses travailleurs pour \u00ab g\u00e9rer la situation actuelle jusqu\u2019\u00e0 ce qu\u2019il y aura des solutions concr\u00e8tes \u00bb. \u00abNous demandons (\u2026) de constituer un comit\u00e9 de gestion du Groupe compos\u00e9 de ses travailleurs pour g\u00e9rer la situation actuelle jusqu\u2019\u00e0 [&hellip;]<\/p>\n","protected":false},"author":1743,"featured_media":41366,"comment_status":"closed","ping_status":"closed","sticky":false,"template":"","format":"standard","meta":{"fifu_image_url":"","fifu_image_alt":"","footnotes":""},"categories":[73,53],"tags":[],"class_list":["post-41365","post","type-post","status-publish","format-standard","has-post-thumbnail","hentry","category-actualite","category-algerie"],"_links":{"self":[{"href":"https:\/\/linitiative.ca\/International\/wp-json\/wp\/v2\/posts\/41365","targetHints":{"allow":["GET"]}}],"collection":[{"href":"https:\/\/linitiative.ca\/International\/wp-json\/wp\/v2\/posts"}],"about":[{"href":"https:\/\/linitiative.ca\/International\/wp-json\/wp\/v2\/types\/post"}],"author":[{"embeddable":true,"href":"https:\/\/linitiative.ca\/International\/wp-json\/wp\/v2\/users\/1743"}],"replies":[{"embeddable":true,"href":"https:\/\/linitiative.ca\/International\/wp-json\/wp\/v2\/comments?post=41365"}],"version-history":[{"count":0,"href":"https:\/\/linitiative.ca\/International\/wp-json\/wp\/v2\/posts\/41365\/revisions"}],"wp:featuredmedia":[{"embeddable":true,"href":"https:\/\/linitiative.ca\/International\/wp-json\/"}],"wp:attachment":[{"href":"https:\/\/linitiative.ca\/International\/wp-json\/wp\/v2\/media?parent=41365"}],"wp:term":[{"taxonomy":"category","embeddable":true,"href":"https:\/\/linitiative.ca\/International\/wp-json\/wp\/v2\/categories?post=41365"},{"taxonomy":"post_tag","embeddable":true,"href":"https:\/\/linitiative.ca\/International\/wp-json\/wp\/v2\/tags?post=41365"}],"curies":[{"name":"wp","href":"https:\/\/api.w.org\/{rel}","templated":true}]}}